{"id":14347,"date":"2024-07-04T13:58:00","date_gmt":"2024-07-04T13:58:00","guid":{"rendered":"https:\/\/noticiasdestaque.com.br\/index.php\/2024\/07\/04\/gripe-saiba-como-se-prevenir\/"},"modified":"2024-07-04T13:58:00","modified_gmt":"2024-07-04T13:58:00","slug":"gripe-saiba-como-se-prevenir","status":"publish","type":"post","link":"https:\/\/noticiasdestaque.com.br\/index.php\/2024\/07\/04\/gripe-saiba-como-se-prevenir\/","title":{"rendered":"GRIPE: saiba como se prevenir"},"content":{"rendered":"<p>Em recente boletim InfoGripe divulgado pela Funda\u00e7\u00e3o Oswaldo Cruz, a Fiocruz, \u00e9 poss\u00edvel observar que as interna\u00e7\u00f5es por S\u00edndrome Respirat\u00f3ria Aguda Grave (SRAG) associadas ao v\u00edrus da gripe voltaram a aumentar na Regi\u00e3o Centro-Sul, com a chegada do inverno. O destaque fica por conta de Mato Grosso do Sul, S\u00e3o Paulo, Paran\u00e1 e Rio Grande do Sul com aumento de SRAG por influenza A, especialmente entre adolescentes, adultos e idosos.<\/p>\n<p>A longo prazo, 11 estados apresentam tend\u00eancia de crescimento de S\u00edndrome Respirat\u00f3ria Aguda Grave: Acre, Amap\u00e1, Amazonas, Cear\u00e1, Mato Grosso do Sul, Paran\u00e1, Piau\u00ed, Rio Grande do Norte, Rio Grande do Sul, Roraima e S\u00e3o Paulo. Por isso, o coordenador do InfoGripe, Marcelo Gomes, recomenda o uso de uma boa m\u00e1scara para evitar o cont\u00e1gio pelo v\u00edrus da gripe.<\/p>\n<p>\u201cSempre que for sair, for receber algu\u00e9m, coloque uma boa m\u00e1scara, uma N95, uma PFF2, aquelas que t\u00eam uma capacidade de filtragem maior e se ajustam melhor ao rosto, porque elas diminuem muito o risco de passar o v\u00edrus para as outras pessoas, liberar o v\u00edrus no ambiente. Al\u00e9m disso, qualquer pessoa, mesmo n\u00e3o estando com sintomas, mas que for visitar ou estiver indo \u00e0 uma unidade de sa\u00fade, bote uma boa m\u00e1scara, porque evita contrair o v\u00edrus respirat\u00f3rio na unidade de sa\u00fade e levar pra casa, levar para o transporte p\u00fablico, enfim, para outros locais.\u201d<\/p>\n<p>Entre as pr\u00e1ticas de preven\u00e7\u00e3o ao v\u00edrus da gripe, o Minist\u00e9rio da Sa\u00fade tamb\u00e9m recomenda lavar frequentemente as m\u00e3os com \u00e1gua e sab\u00e3o; n\u00e3o compartilhar objetos de uso pessoal; manter os ambientes ventilados; evitar contato com pessoas com sintomas gripais; e evitar tocar mucosas de olhos, nariz e boca.<\/p>\n<p>Outra ferramenta essencial para se proteger da gripe \u00e9 a vacina\u00e7\u00e3o. Mesmo ap\u00f3s o t\u00e9rmino da campanha do Minist\u00e9rio da Sa\u00fade, a maioria dos postos de sa\u00fade ainda possui estoque de doses dispon\u00edveis gratuitamente.<\/p>\n<p>Fa\u00e7a parte do Movimento Nacional Pela Vacina\u00e7\u00e3o e diga sim para a vacina contra a gripe. Procure uma Unidade B\u00e1sica de Sa\u00fade com a Caderneta de Vacina\u00e7\u00e3o ou documento com foto.<\/p>\n<p>Para mais informa\u00e7\u00f5es, acesse: <a href=\"https:\/\/www.gov.br\/saude\/pt-br\/campanhas-da-saude\/vacinacao\" target=\"_blank\">www.gov.br\/vacinacao<\/a>.<\/p>\n<p><strong><a href=\"https:\/\/brasil61.com\/n\/vsr-fiocruz-alerta-para-o-aumento-nas-internacoes-por-infeccoes-respiratorias-bras2411578\" target=\"_blank\">VSR: Fiocruz alerta para o aumento nas interna\u00e7\u00f5es por infec\u00e7\u00f5es respirat\u00f3rias<\/a><\/strong><\/p>\n<p><strong><a href=\"https:\/\/brasil61.com\/n\/casos-de-srag-registram-aumento-continuo-no-brasil-alerta-fiocruz-bras2411542\" target=\"_blank\">Casos de SRAG registram aumento cont\u00ednuo no Brasil; alerta Fiocruz<\/a><\/strong><\/p>\n<p><strong><a href=\"https:\/\/brasil61.com\/n\/brasil-registra-sinalizacao-de-queda-no-numero-de-casos-de-sindrome-respiratoria-aguda-grave-bras2411428\" target=\"_blank\">Brasil registra sinaliza\u00e7\u00e3o de queda no n\u00famero de casos de S\u00edndrome Respirat\u00f3ria Aguda Grave<\/a><\/strong><\/p>\n<p> Fonte: Brasil61<\/p>\n<input type=\"hidden\" id=\"baseurl\" value=\"https:\/\/noticiasdestaque.com.br\"><input type=\"hidden\" id=\"audio_nonce\" value=\"eb7638fb71\">","protected":false},"excerpt":{"rendered":"<p>Interna\u00e7\u00f5es por S\u00edndrome Respirat\u00f3ria Aguda Grave associadas \u00e0 influenza continuam em alta, segundo Boletim InfoGripe<\/p>\n","protected":false},"author":1,"featured_media":14349,"comment_status":"open","ping_status":"open","sticky":false,"template":"","format":"standard","meta":{"fifu_image_url":"","fifu_image_alt":"","footnotes":""},"categories":[1],"tags":[112],"class_list":["post-14347","post","type-post","status-publish","format-standard","has-post-thumbnail","hentry","category-uncategorized","tag-energreener"],"distributor_meta":false,"distributor_terms":false,"distributor_media":false,"distributor_original_site_name":"Noticias em Destaque","distributor_original_site_url":"https:\/\/noticiasdestaque.com.br","push-errors":false,"_links":{"self":[{"href":"https:\/\/noticiasdestaque.com.br\/index.php\/wp-json\/wp\/v2\/posts\/14347","targetHints":{"allow":["GET"]}}],"collection":[{"href":"https:\/\/noticiasdestaque.com.br\/index.php\/wp-json\/wp\/v2\/posts"}],"about":[{"href":"https:\/\/noticiasdestaque.com.br\/index.php\/wp-json\/wp\/v2\/types\/post"}],"author":[{"embeddable":true,"href":"https:\/\/noticiasdestaque.com.br\/index.php\/wp-json\/wp\/v2\/users\/1"}],"replies":[{"embeddable":true,"href":"https:\/\/noticiasdestaque.com.br\/index.php\/wp-json\/wp\/v2\/comments?post=14347"}],"version-history":[{"count":1,"href":"https:\/\/noticiasdestaque.com.br\/index.php\/wp-json\/wp\/v2\/posts\/14347\/revisions"}],"predecessor-version":[{"id":14348,"href":"https:\/\/noticiasdestaque.com.br\/index.php\/wp-json\/wp\/v2\/posts\/14347\/revisions\/14348"}],"wp:featuredmedia":[{"embeddable":true,"href":"https:\/\/noticiasdestaque.com.br\/index.php\/wp-json\/wp\/v2\/media\/14349"}],"wp:attachment":[{"href":"https:\/\/noticiasdestaque.com.br\/index.php\/wp-json\/wp\/v2\/media?parent=14347"}],"wp:term":[{"taxonomy":"category","embeddable":true,"href":"https:\/\/noticiasdestaque.com.br\/index.php\/wp-json\/wp\/v2\/categories?post=14347"},{"taxonomy":"post_tag","embeddable":true,"href":"https:\/\/noticiasdestaque.com.br\/index.php\/wp-json\/wp\/v2\/tags?post=14347"}],"curies":[{"name":"wp","href":"https:\/\/api.w.org\/{rel}","templated":true}]}}