{"id":14344,"date":"2024-07-04T13:28:00","date_gmt":"2024-07-04T13:28:00","guid":{"rendered":"https:\/\/noticiasdestaque.com.br\/index.php\/2024\/07\/04\/dolar-recuou-no-ultimo-fechamento\/"},"modified":"2024-07-04T13:28:00","modified_gmt":"2024-07-04T13:28:00","slug":"dolar-recuou-no-ultimo-fechamento","status":"publish","type":"post","link":"https:\/\/noticiasdestaque.com.br\/index.php\/2024\/07\/04\/dolar-recuou-no-ultimo-fechamento\/","title":{"rendered":"D\u00f3lar recuou no \u00faltimo fechamento"},"content":{"rendered":"<p>O d\u00f3lar comercial recuou em compara\u00e7\u00e3o com diferentes moedas e, sobretudo no Brasil, o real foi uma das moedas que mais p\u00f4de se valorizar no \u00faltimo fechamento. Entre fatores dom\u00e9sticos e internacionais, o investidor levou em considera\u00e7\u00e3o a alta recorde da divisa, em um momento prop\u00edcio para vend\u00ea-la. O aumento da liquidez diminui os pre\u00e7os. No \u00faltimo fechamento, o d\u00f3lar caiu 2,12% e est\u00e1 cotado a R$ 5,56. O euro tamb\u00e9m teve uma queda expressiva, de 1,75%, cotado a R$ 6,00. <\/p>\n<p>Os dados divulgados acerca da economia dos Estados Unidos foram uma das principais raz\u00f5es para o comportamento no dia. O Relat\u00f3rio Nacional de Emprego (ADP) daquele pa\u00eds mostra um crescimento de vagas no setor privado aqu\u00e9m do esperado, com desacelera\u00e7\u00e3o em junho, se comparado a maio deste ano. Um menor aquecimento da economia e press\u00e3o inflacion\u00e1ria reduzida levam a crer que \u00e9 poss\u00edvel reduzir os juros e, com isso, diminuir a atratividade de investimento em t\u00edtulos p\u00fablicos norte-americanos. Al\u00e9m disso, foi divulgada a ata da \u00faltima reuni\u00e3o do Banco Central dos Estados Unidos. <\/p>\n<p>J\u00e1 no Brasil, a percep\u00e7\u00e3o do mercado por um maior alinhamento entre Presid\u00eancia da Rep\u00fablica e Minist\u00e9rio da Fazenda, em dire\u00e7\u00e3o ao cumprimento da meta fiscal, trouxe mais tranquilidade e confian\u00e7a ao mercado. Presidente Lula e ministro Haddad se reuniram, para acertos relacionados \u00e0s contas p\u00fablicas. Os esfor\u00e7os da pasta da economia foram refor\u00e7ados pelo chefe do executivo, em uma dire\u00e7\u00e3o de redu\u00e7\u00e3o de gastos, contradizendo o que o pr\u00f3prio Lula em alguns momentos afirma. <\/p>\n<p>Em agendas p\u00fablicas na \u00faltima quarta-feira (3), esta foi a sinaliza\u00e7\u00e3o do governo: compromisso com as contas p\u00fablicas. N\u00e3o houve men\u00e7\u00f5es ou cr\u00edticas \u00e0 autonomia do Banco Central do Brasil. A estabilidade institucional \u00e9 fundamental para uma menor oscila\u00e7\u00e3o do c\u00e2mbio e o \u201cmercado\u201d n\u00e3o parece ter percebido algumas ironias de Lula ao setor financeiro, durante o lan\u00e7amento do Plano Safra para 2024\/2025. <\/p>\n<p>As cota\u00e7\u00f5es s\u00e3o da companhia <a href=\"https:\/\/www.google.com\/intl\/en-BR\/googlefinance\/disclaimer\/\">Morningstar<\/a>. \n <\/p>\n<p> Fonte: Brasil61<\/p>\n<input type=\"hidden\" id=\"baseurl\" value=\"https:\/\/noticiasdestaque.com.br\"><input type=\"hidden\" id=\"audio_nonce\" value=\"581f3017e1\">","protected":false},"excerpt":{"rendered":"<p>Hoje, a moeda custa R$ 5,56 <\/p>\n","protected":false},"author":1,"featured_media":14346,"comment_status":"open","ping_status":"open","sticky":false,"template":"","format":"standard","meta":{"fifu_image_url":"","fifu_image_alt":"","footnotes":""},"categories":[1],"tags":[107],"class_list":["post-14344","post","type-post","status-publish","format-standard","has-post-thumbnail","hentry","category-uncategorized","tag-closer-vendedor-milionario"],"distributor_meta":false,"distributor_terms":false,"distributor_media":false,"distributor_original_site_name":"Noticias em Destaque","distributor_original_site_url":"https:\/\/noticiasdestaque.com.br","push-errors":false,"_links":{"self":[{"href":"https:\/\/noticiasdestaque.com.br\/index.php\/wp-json\/wp\/v2\/posts\/14344","targetHints":{"allow":["GET"]}}],"collection":[{"href":"https:\/\/noticiasdestaque.com.br\/index.php\/wp-json\/wp\/v2\/posts"}],"about":[{"href":"https:\/\/noticiasdestaque.com.br\/index.php\/wp-json\/wp\/v2\/types\/post"}],"author":[{"embeddable":true,"href":"https:\/\/noticiasdestaque.com.br\/index.php\/wp-json\/wp\/v2\/users\/1"}],"replies":[{"embeddable":true,"href":"https:\/\/noticiasdestaque.com.br\/index.php\/wp-json\/wp\/v2\/comments?post=14344"}],"version-history":[{"count":1,"href":"https:\/\/noticiasdestaque.com.br\/index.php\/wp-json\/wp\/v2\/posts\/14344\/revisions"}],"predecessor-version":[{"id":14345,"href":"https:\/\/noticiasdestaque.com.br\/index.php\/wp-json\/wp\/v2\/posts\/14344\/revisions\/14345"}],"wp:featuredmedia":[{"embeddable":true,"href":"https:\/\/noticiasdestaque.com.br\/index.php\/wp-json\/wp\/v2\/media\/14346"}],"wp:attachment":[{"href":"https:\/\/noticiasdestaque.com.br\/index.php\/wp-json\/wp\/v2\/media?parent=14344"}],"wp:term":[{"taxonomy":"category","embeddable":true,"href":"https:\/\/noticiasdestaque.com.br\/index.php\/wp-json\/wp\/v2\/categories?post=14344"},{"taxonomy":"post_tag","embeddable":true,"href":"https:\/\/noticiasdestaque.com.br\/index.php\/wp-json\/wp\/v2\/tags?post=14344"}],"curies":[{"name":"wp","href":"https:\/\/api.w.org\/{rel}","templated":true}]}}