{"id":14332,"date":"2024-07-03T10:00:00","date_gmt":"2024-07-03T10:00:00","guid":{"rendered":"https:\/\/noticiasdestaque.com.br\/index.php\/2024\/07\/03\/joinville-vai-comecar-a-usar-bacteria-wolbachia-no-combate-a-dengue\/"},"modified":"2024-07-03T10:00:00","modified_gmt":"2024-07-03T10:00:00","slug":"joinville-vai-comecar-a-usar-bacteria-wolbachia-no-combate-a-dengue","status":"publish","type":"post","link":"https:\/\/noticiasdestaque.com.br\/index.php\/2024\/07\/03\/joinville-vai-comecar-a-usar-bacteria-wolbachia-no-combate-a-dengue\/","title":{"rendered":"Joinville vai come\u00e7ar a usar bact\u00e9ria wolbachia no combate \u00e0 dengue"},"content":{"rendered":"<style> bloco.meta {font-style: italic; color: #666;font-weight: 600;font-size: .8em; \/* line-height: .3em; *\/}  text h2 { font-weight: 700 !important;  color: #062f46 !important;} text img { width: none; left: none;}<\/style>\n<\/p>\n<p>O munic\u00edpio de Joinville, em Santa Catarina, vai come\u00e7ar a produzir mosquitos Aedes aegypti infectados com a bact\u00e9ria wolbachia, <a href=\"https:\/\/agenciabrasil.ebc.com.br\/saude\/noticia\/2024-04\/brasil-vai-ampliar-uso-da-bacteria-wolbachia-no-combate-dengue\">para ajudar a combater a dengue<\/a> na cidade. A expectativa \u00e9 iniciar a soltura dos primeiros mosquitos Wolbitos ainda no m\u00eas de julho. <aimg src=\"https:\/\/aagenciabrasil.ebc.com.br\/ebc.apng?id=1602453 o=node\" style=\"width:1px; height:1px; display:inline;\"><\/aimg><aimg src=\"https:\/\/aagenciabrasil.ebc.com.br\/ebc.agif?id=1602453 o=node\" style=\"width:1px; height:1px; display:inline;\"><\/aimg><\/p>\n<p>A Biof\u00e1brica do M\u00e9todo Wolbachia, que foi entregue nesta segunda-feira (1\u00ba) pela prefeitura, come\u00e7ou a receber equipamentos da Funda\u00e7\u00e3o Oswaldo Cruz (Fiocruz), que ser\u00e3o instalados nas pr\u00f3ximas semanas.<\/p>\n<p>A bact\u00e9ria, que est\u00e1 presente em 60% dos insetos da natureza e n\u00e3o causa danos aos humanos, impede que os v\u00edrus, n\u00e3o s\u00f3 da dengue, mas de zika, chikungunya e febre amarela urbana se desenvolvam nos insetos, contribuindo para redu\u00e7\u00e3o das doen\u00e7as. Os wolbitos ser\u00e3o liberados em Joinville e v\u00e3o se reproduzir com os Aedes aegypti locais. Aos poucos, eles estabelecer\u00e3o uma nova popula\u00e7\u00e3o de mosquitos que n\u00e3o transmite dengue e outras doen\u00e7as.<\/p>\n<p>\u201cNos \u00faltimos dez anos, este projeto amadureceu do ponto de vista cient\u00edfico e tecnol\u00f3gico e mostrou efetividade nos locais em que foi implantado, com uma redu\u00e7\u00e3o significativa das arboviroses, notadamente a dengue. Isso ficou muito claro este ano, pois proporcionalmente Niter\u00f3i teve um n\u00famero bastante reduzido de casos de dengue, comparando com o Rio. O mesmo ocorreu em Petrolina e em Campo Grande, quando comparadas com as cidades do entorno\u201d, explica o vice-presidente de Produ\u00e7\u00e3o e Inova\u00e7\u00e3o em Sa\u00fade (VPPIS) da Fiocruz, Marco Krieger. <\/p>\n<p>Al\u00e9m de Joinville, o projeto est\u00e1 em fase de engajamento nas cidades de Londrina e Foz do Igua\u00e7u (PR). Em fases anteriores, o m\u00e9todo j\u00e1 foi implantado nas cidades do Rio de Janeiro e Niter\u00f3i (RJ), Campo Grande (MS), Belo Horizonte (MG) e Petrolina (PE). Em seguida, o projeto se estender\u00e1 para as cidades de Uberl\u00e2ndia (MG), Presidente Prudente (SP) e Natal (RN).<\/p>\n<p>O m\u00e9todo de controle das arboviroses foi desenvolvido na Austr\u00e1lia e, atualmente, est\u00e1 presente em mais de 20 cidades de 14 pa\u00edses. Os dados de monitoramento revelam que os wolbitos est\u00e3o se estabelecendo em n\u00edveis muito positivos nos territ\u00f3rios. Na Austr\u00e1lia, houve redu\u00e7\u00e3o de 96% nos casos de dengue no pa\u00eds.<\/p>\n<p class=\"alt-font font-italic my-2 small text-info\">\n                                                Edi\u00e7\u00e3o:   Sabrina Craide                    <\/p>\n<p>            <!-- blog End --><\/p>\n<p>            <!-- tag and share --><\/p>\n<p> Fonte: EBC <\/p>\n<input type=\"hidden\" id=\"baseurl\" value=\"https:\/\/noticiasdestaque.com.br\"><input type=\"hidden\" id=\"audio_nonce\" value=\"581f3017e1\">","protected":false},"excerpt":{"rendered":"<p>Expectativa \u00e9 soltar os primeiros mosquitos ainda no m\u00eas de julho<\/p>\n","protected":false},"author":1,"featured_media":14334,"comment_status":"open","ping_status":"open","sticky":false,"template":"","format":"standard","meta":{"fifu_image_url":"","fifu_image_alt":"","footnotes":""},"categories":[1],"tags":[112],"class_list":["post-14332","post","type-post","status-publish","format-standard","has-post-thumbnail","hentry","category-uncategorized","tag-energreener"],"distributor_meta":false,"distributor_terms":false,"distributor_media":false,"distributor_original_site_name":"Noticias em Destaque","distributor_original_site_url":"https:\/\/noticiasdestaque.com.br","push-errors":false,"_links":{"self":[{"href":"https:\/\/noticiasdestaque.com.br\/index.php\/wp-json\/wp\/v2\/posts\/14332","targetHints":{"allow":["GET"]}}],"collection":[{"href":"https:\/\/noticiasdestaque.com.br\/index.php\/wp-json\/wp\/v2\/posts"}],"about":[{"href":"https:\/\/noticiasdestaque.com.br\/index.php\/wp-json\/wp\/v2\/types\/post"}],"author":[{"embeddable":true,"href":"https:\/\/noticiasdestaque.com.br\/index.php\/wp-json\/wp\/v2\/users\/1"}],"replies":[{"embeddable":true,"href":"https:\/\/noticiasdestaque.com.br\/index.php\/wp-json\/wp\/v2\/comments?post=14332"}],"version-history":[{"count":1,"href":"https:\/\/noticiasdestaque.com.br\/index.php\/wp-json\/wp\/v2\/posts\/14332\/revisions"}],"predecessor-version":[{"id":14333,"href":"https:\/\/noticiasdestaque.com.br\/index.php\/wp-json\/wp\/v2\/posts\/14332\/revisions\/14333"}],"wp:featuredmedia":[{"embeddable":true,"href":"https:\/\/noticiasdestaque.com.br\/index.php\/wp-json\/wp\/v2\/media\/14334"}],"wp:attachment":[{"href":"https:\/\/noticiasdestaque.com.br\/index.php\/wp-json\/wp\/v2\/media?parent=14332"}],"wp:term":[{"taxonomy":"category","embeddable":true,"href":"https:\/\/noticiasdestaque.com.br\/index.php\/wp-json\/wp\/v2\/categories?post=14332"},{"taxonomy":"post_tag","embeddable":true,"href":"https:\/\/noticiasdestaque.com.br\/index.php\/wp-json\/wp\/v2\/tags?post=14332"}],"curies":[{"name":"wp","href":"https:\/\/api.w.org\/{rel}","templated":true}]}}