{"id":14329,"date":"2024-07-03T07:00:00","date_gmt":"2024-07-03T07:00:00","guid":{"rendered":"https:\/\/noticiasdestaque.com.br\/index.php\/2024\/07\/03\/gripe-vacina-e-uma-das-mais-seguras-possiveis-afirma-infectologista-praca-nacional\/"},"modified":"2024-07-03T07:00:00","modified_gmt":"2024-07-03T07:00:00","slug":"gripe-vacina-e-uma-das-mais-seguras-possiveis-afirma-infectologista-praca-nacional","status":"publish","type":"post","link":"https:\/\/noticiasdestaque.com.br\/index.php\/2024\/07\/03\/gripe-vacina-e-uma-das-mais-seguras-possiveis-afirma-infectologista-praca-nacional\/","title":{"rendered":"GRIPE: \u201cVacina \u00e9 uma das mais seguras poss\u00edveis\u201d, afirma infectologista Pra\u00e7a: Nacional"},"content":{"rendered":"<p>Durante a Campanha de Vacina\u00e7\u00e3o contra a Gripe, o <a href=\"https:\/\/infoms.saude.gov.br\/extensions\/SEIDIGI_DEMAS_INFLUENZA_2024_RESIDENCIA\/SEIDIGI_DEMAS_INFLUENZA_2024_RESIDENCIA.html\" target=\"_blank\">Minist\u00e9rio da Sa\u00fade<\/a> j\u00e1 contabilizou cerca de 37milh\u00f5es de doses aplicadas na popula\u00e7\u00e3o das regi\u00f5es Sul, Sudeste, Nordeste e Centro-Oeste. No entanto, este n\u00famero representa 42% do grupo priorit\u00e1rio estabelecido pela pasta como meta da estrat\u00e9gia vacinal.<\/p>\n<p>Na Regi\u00e3o Norte, pela primeira vez, a imuniza\u00e7\u00e3o contra a gripe aconteceu entre novembro de 2023 e fevereiro de 2024 e deve ser retomada no segundo semestre deste ano. Mas a cobertura vacinal tamb\u00e9m ficou abaixo do esperado, atingindo apenas 26,5% do grupo que envolve gestantes, pu\u00e9rperas, idosos, crian\u00e7as, trabalhadores da sa\u00fade e professores, e 30% dos povos ind\u00edgenas da regi\u00e3o.<\/p>\n<p>Segundo o doutor Andr\u00e9 Prudente, diretor-geral do Hospital Giselda Trigueiro \u2014 unidade p\u00fablica refer\u00eancia no tratamento de doen\u00e7as infectocontagiosas de Natal no Rio Grande do Norte \u2014, muitas pessoas ainda deixam de se imunizar por conta de fake news sobre os efeitos colaterais das vacinas. Por isso, ele garante que o imunizante contra a gripe \u00e9 seguro.<\/p>\n<p>\u201cToda e qualquer vacina pode dar efeito colateral, mas a vacina da gripe \u00e9 uma das mais seguras poss\u00edveis. Ela n\u00e3o \u00e9 de v\u00edrus vivo, ent\u00e3o ela n\u00e3o vai dar gripe por causa da vacina. Ela pode dar uma dor local, pode ter um pouquinho de febre, mas normalmente n\u00e3o mais do que isso. \u00c9 uma vacina bastante segura.\u201d<\/p>\n<p>O Minist\u00e9rio da Sa\u00fade ressalta que a vacina\u00e7\u00e3o \u00e9 a medida mais eficaz para garantir a sa\u00fade da popula\u00e7\u00e3o durante as esta\u00e7\u00f5es do outono e inverno. A vacina salva vidas e previne milh\u00f5es de casos graves e \u00f3bitos pela infec\u00e7\u00e3o provocada pelo v\u00edrus da influenza, como ressalta o diretor do Departamento do Programa Nacional de Imuniza\u00e7\u00f5es do Minist\u00e9rio da Sa\u00fade, Eder Gatti. <\/p>\n<p>\u201cA vacina \u00e9 importante porque diminui o risco de infec\u00e7\u00e3o. A vacina tamb\u00e9m diminui significativamente o risco de formas graves da doen\u00e7a e de hospitaliza\u00e7\u00e3o. Por isso \u00e9 importante, acaba resultando na diminui\u00e7\u00e3o do n\u00famero de mortes pela doen\u00e7a.\u201d<\/p>\n<p>Fa\u00e7a parte do Movimento Nacional Pela Vacina\u00e7\u00e3o e diga sim para a vacina contra a gripe. Procure uma Unidade B\u00e1sica de Sa\u00fade com a Caderneta de Vacina\u00e7\u00e3o ou documento com foto.<\/p>\n<p>Para mais informa\u00e7\u00f5es, acesse: <a href=\"https:\/\/www.gov.br\/saude\/pt-br\/campanhas-da-saude\/vacinacao\" target=\"_blank\">www.gov.br\/vacinacao<\/a>.<\/p>\n<p><strong><a href=\"https:\/\/brasil61.com\/n\/vsr-fiocruz-alerta-para-o-aumento-nas-internacoes-por-infeccoes-respiratorias-bras2411578\" target=\"_blank\">VSR: Fiocruz alerta para o aumento nas interna\u00e7\u00f5es por infec\u00e7\u00f5es respirat\u00f3rias<\/a><\/strong><\/p>\n<p><strong><a href=\"https:\/\/brasil61.com\/n\/casos-de-srag-registram-aumento-continuo-no-brasil-alerta-fiocruz-bras2411542\" target=\"_blank\">Casos de SRAG registram aumento cont\u00ednuo no Brasil; alerta Fiocruz<\/a><\/strong><\/p>\n<p><strong><a href=\"https:\/\/brasil61.com\/n\/brasil-registra-sinalizacao-de-queda-no-numero-de-casos-de-sindrome-respiratoria-aguda-grave-bras2411428\" target=\"_blank\">Brasil registra sinaliza\u00e7\u00e3o de queda no n\u00famero de casos de S\u00edndrome Respirat\u00f3ria Aguda Grave<\/a><\/strong><\/p>\n<p> Fonte: Brasil61<\/p>\n<input type=\"hidden\" id=\"baseurl\" value=\"https:\/\/noticiasdestaque.com.br\"><input type=\"hidden\" id=\"audio_nonce\" value=\"581f3017e1\">","protected":false},"excerpt":{"rendered":"<p>Segundo o doutor Andr\u00e9 Prudente, diretor-geral do Hospital Giselda Trigueiro, efeitos colaterais n\u00e3o devem passar de dor local e febre baixa<\/p>\n","protected":false},"author":1,"featured_media":14331,"comment_status":"open","ping_status":"open","sticky":false,"template":"","format":"standard","meta":{"fifu_image_url":"","fifu_image_alt":"","footnotes":""},"categories":[1],"tags":[112],"class_list":["post-14329","post","type-post","status-publish","format-standard","has-post-thumbnail","hentry","category-uncategorized","tag-energreener"],"distributor_meta":false,"distributor_terms":false,"distributor_media":false,"distributor_original_site_name":"Noticias em Destaque","distributor_original_site_url":"https:\/\/noticiasdestaque.com.br","push-errors":false,"_links":{"self":[{"href":"https:\/\/noticiasdestaque.com.br\/index.php\/wp-json\/wp\/v2\/posts\/14329","targetHints":{"allow":["GET"]}}],"collection":[{"href":"https:\/\/noticiasdestaque.com.br\/index.php\/wp-json\/wp\/v2\/posts"}],"about":[{"href":"https:\/\/noticiasdestaque.com.br\/index.php\/wp-json\/wp\/v2\/types\/post"}],"author":[{"embeddable":true,"href":"https:\/\/noticiasdestaque.com.br\/index.php\/wp-json\/wp\/v2\/users\/1"}],"replies":[{"embeddable":true,"href":"https:\/\/noticiasdestaque.com.br\/index.php\/wp-json\/wp\/v2\/comments?post=14329"}],"version-history":[{"count":1,"href":"https:\/\/noticiasdestaque.com.br\/index.php\/wp-json\/wp\/v2\/posts\/14329\/revisions"}],"predecessor-version":[{"id":14330,"href":"https:\/\/noticiasdestaque.com.br\/index.php\/wp-json\/wp\/v2\/posts\/14329\/revisions\/14330"}],"wp:featuredmedia":[{"embeddable":true,"href":"https:\/\/noticiasdestaque.com.br\/index.php\/wp-json\/wp\/v2\/media\/14331"}],"wp:attachment":[{"href":"https:\/\/noticiasdestaque.com.br\/index.php\/wp-json\/wp\/v2\/media?parent=14329"}],"wp:term":[{"taxonomy":"category","embeddable":true,"href":"https:\/\/noticiasdestaque.com.br\/index.php\/wp-json\/wp\/v2\/categories?post=14329"},{"taxonomy":"post_tag","embeddable":true,"href":"https:\/\/noticiasdestaque.com.br\/index.php\/wp-json\/wp\/v2\/tags?post=14329"}],"curies":[{"name":"wp","href":"https:\/\/api.w.org\/{rel}","templated":true}]}}