{"id":14326,"date":"2024-07-03T06:30:00","date_gmt":"2024-07-03T06:30:00","guid":{"rendered":"https:\/\/noticiasdestaque.com.br\/index.php\/2024\/07\/03\/gripe-por-que-e-preciso-se-vacinar-todo-ano\/"},"modified":"2024-07-03T06:30:00","modified_gmt":"2024-07-03T06:30:00","slug":"gripe-por-que-e-preciso-se-vacinar-todo-ano","status":"publish","type":"post","link":"https:\/\/noticiasdestaque.com.br\/index.php\/2024\/07\/03\/gripe-por-que-e-preciso-se-vacinar-todo-ano\/","title":{"rendered":"GRIPE: por que \u00e9 preciso se vacinar todo ano?"},"content":{"rendered":"<p>Todos os anos, o Minist\u00e9rio da Sa\u00fade \u2014 em parceria com as Secretarias Municipais e Estaduais de Sa\u00fade \u2014 realiza a Campanha de Vacina\u00e7\u00e3o contra a Gripe. Este ano, a mobiliza\u00e7\u00e3o ocorre nos estados das regi\u00f5es Nordeste, Centro-Oeste, Sudeste e Sul, e j\u00e1 contabilizou quase 37 milh\u00f5es de doses aplicadas \u2014 42% do grupo priorit\u00e1rio estabelecido pelo Minist\u00e9rio. <\/p>\n<p>Na Regi\u00e3o Norte, pela primeira vez, a imuniza\u00e7\u00e3o contra a gripe acontece em per\u00edodo diferente das demais regi\u00f5es do pa\u00eds. No Acre, Amap\u00e1, Amazonas, Par\u00e1, Rond\u00f4nia, Roraima e Tocantins, a mobiliza\u00e7\u00e3o aconteceu entre novembro de 2023 e fevereiro de 2024 e deve ser retomada no segundo semestre deste ano.<\/p>\n<p>Mas por que \u00e9 preciso tomar o imunizante contra a gripe todos os anos? Quem explica \u00e9 o doutor Andr\u00e9 Prudente, diretor-geral do Hospital Giselda Trigueiro \u2014 unidade p\u00fablica refer\u00eancia no tratamento de doen\u00e7as infectocontagiosas de Natal no Rio Grande do Norte.<\/p>\n<p>\u201cPorque essa vacina n\u00e3o promove imunidade duradoura. Algumas doen\u00e7as como catapora, sarampo, a pessoa pega uma vez e nunca mais adoece, porque s\u00e3o gerados anticorpos que duram a vida toda, mas a gripe n\u00e3o. Gripe, a pessoa pode adoecer diversas vezes na vida, justamente porque os anticorpos n\u00e3o s\u00e3o duradouros. Mas ainda h\u00e1 um outro motivo. O v\u00edrus da gripe sofre muitas muta\u00e7\u00f5es. Ent\u00e3o, quase todos os anos, os v\u00edrus circulantes s\u00e3o diferentes e, portanto, as vacinas s\u00e3o feitas conforme o tipo que est\u00e1 circulando naquele momento.\u201d<\/p>\n<p>O diretor do Departamento do Programa Nacional de Imuniza\u00e7\u00f5es do Minist\u00e9rio da Sa\u00fade, Eder Gatti, explica que a vacina contra a gripe muda sua composi\u00e7\u00e3o anualmente, obedecendo os dados da vigil\u00e2ncia em sa\u00fade e para combater os tipos de v\u00edrus da influenza em circula\u00e7\u00e3o. Por isso, \u00e9 importante que todos recebem doses para refor\u00e7ar a prote\u00e7\u00e3o.<\/p>\n<p>\u201cTodo ano, muda a vacina \u2013 uma mudan\u00e7a organizada pela OMS [Organiza\u00e7\u00e3o Mundial da Sa\u00fade]. Uma mudan\u00e7a que acontece obedecendo a dados de vigil\u00e2ncia, ou seja, obedecendo os v\u00edrus que mais circulam no momento. E, tamb\u00e9m, \u00e9 bom refor\u00e7ar a vacina\u00e7\u00e3o anualmente, considerando a queda da prote\u00e7\u00e3o. Ent\u00e3o, todo ano, \u00e9 bom refor\u00e7ar a vacina\u00e7\u00e3o para refor\u00e7ar a prote\u00e7\u00e3o.&#8221;<\/p>\n<p>O Minist\u00e9rio da Sa\u00fade ressalta que a vacina\u00e7\u00e3o \u00e9 a medida mais eficaz para garantir a sa\u00fade da popula\u00e7\u00e3o durante as esta\u00e7\u00f5es do outono e inverno. A vacina salva vidas e previne milh\u00f5es de casos graves e \u00f3bitos pela infec\u00e7\u00e3o provocada pelo v\u00edrus da influenza.<\/p>\n<p>Fa\u00e7a parte do Movimento Nacional Pela Vacina\u00e7\u00e3o e diga sim para a vacina contra a gripe. Procure uma Unidade B\u00e1sica de Sa\u00fade com a Caderneta de Vacina\u00e7\u00e3o ou documento com foto.<\/p>\n<p>Para mais informa\u00e7\u00f5es, acesse: <a href=\"https:\/\/www.gov.br\/saude\/pt-br\/campanhas-da-saude\/vacinacao\" target=\"_blank\">www.gov.br\/vacinacao<\/a>.<\/p>\n<p><strong><a href=\"https:\/\/brasil61.com\/n\/vsr-fiocruz-alerta-para-o-aumento-nas-internacoes-por-infeccoes-respiratorias-bras2411578\" target=\"_blank\">VSR: Fiocruz alerta para o aumento nas interna\u00e7\u00f5es por infec\u00e7\u00f5es respirat\u00f3rias<\/a><\/strong><\/p>\n<p><strong><a href=\"https:\/\/brasil61.com\/n\/casos-de-srag-registram-aumento-continuo-no-brasil-alerta-fiocruz-bras2411542\" target=\"_blank\">Casos de SRAG registram aumento cont\u00ednuo no Brasil; alerta Fiocruz<\/a><\/strong><\/p>\n<p><strong><a href=\"https:\/\/brasil61.com\/n\/brasil-registra-sinalizacao-de-queda-no-numero-de-casos-de-sindrome-respiratoria-aguda-grave-bras2411428\" target=\"_blank\">Brasil registra sinaliza\u00e7\u00e3o de queda no n\u00famero de casos de S\u00edndrome Respirat\u00f3ria Aguda Grave<\/a><\/strong><\/p>\n<p> Fonte: Brasil61<\/p>\n<input type=\"hidden\" id=\"baseurl\" value=\"https:\/\/noticiasdestaque.com.br\"><input type=\"hidden\" id=\"audio_nonce\" value=\"6a24ca502e\">","protected":false},"excerpt":{"rendered":"<p>Campanha de Vacina\u00e7\u00e3o contra a Influenza j\u00e1 contabilizou mais de 37 milh\u00f5es de doses aplicadas no pa\u00eds em 2024<\/p>\n","protected":false},"author":1,"featured_media":14328,"comment_status":"open","ping_status":"open","sticky":false,"template":"","format":"standard","meta":{"fifu_image_url":"","fifu_image_alt":"","footnotes":""},"categories":[1],"tags":[107],"class_list":["post-14326","post","type-post","status-publish","format-standard","has-post-thumbnail","hentry","category-uncategorized","tag-closer-vendedor-milionario"],"distributor_meta":false,"distributor_terms":false,"distributor_media":false,"distributor_original_site_name":"Noticias em Destaque","distributor_original_site_url":"https:\/\/noticiasdestaque.com.br","push-errors":false,"_links":{"self":[{"href":"https:\/\/noticiasdestaque.com.br\/index.php\/wp-json\/wp\/v2\/posts\/14326","targetHints":{"allow":["GET"]}}],"collection":[{"href":"https:\/\/noticiasdestaque.com.br\/index.php\/wp-json\/wp\/v2\/posts"}],"about":[{"href":"https:\/\/noticiasdestaque.com.br\/index.php\/wp-json\/wp\/v2\/types\/post"}],"author":[{"embeddable":true,"href":"https:\/\/noticiasdestaque.com.br\/index.php\/wp-json\/wp\/v2\/users\/1"}],"replies":[{"embeddable":true,"href":"https:\/\/noticiasdestaque.com.br\/index.php\/wp-json\/wp\/v2\/comments?post=14326"}],"version-history":[{"count":1,"href":"https:\/\/noticiasdestaque.com.br\/index.php\/wp-json\/wp\/v2\/posts\/14326\/revisions"}],"predecessor-version":[{"id":14327,"href":"https:\/\/noticiasdestaque.com.br\/index.php\/wp-json\/wp\/v2\/posts\/14326\/revisions\/14327"}],"wp:featuredmedia":[{"embeddable":true,"href":"https:\/\/noticiasdestaque.com.br\/index.php\/wp-json\/wp\/v2\/media\/14328"}],"wp:attachment":[{"href":"https:\/\/noticiasdestaque.com.br\/index.php\/wp-json\/wp\/v2\/media?parent=14326"}],"wp:term":[{"taxonomy":"category","embeddable":true,"href":"https:\/\/noticiasdestaque.com.br\/index.php\/wp-json\/wp\/v2\/categories?post=14326"},{"taxonomy":"post_tag","embeddable":true,"href":"https:\/\/noticiasdestaque.com.br\/index.php\/wp-json\/wp\/v2\/tags?post=14326"}],"curies":[{"name":"wp","href":"https:\/\/api.w.org\/{rel}","templated":true}]}}