{"id":14323,"date":"2024-07-03T02:30:00","date_gmt":"2024-07-03T02:30:00","guid":{"rendered":"https:\/\/noticiasdestaque.com.br\/index.php\/2024\/07\/03\/restricoes-a-prefeitos-que-tentarao-reeleicao-em-outubro-passam-a-valer-no-proximo-sabado\/"},"modified":"2024-07-03T02:30:00","modified_gmt":"2024-07-03T02:30:00","slug":"restricoes-a-prefeitos-que-tentarao-reeleicao-em-outubro-passam-a-valer-no-proximo-sabado","status":"publish","type":"post","link":"https:\/\/noticiasdestaque.com.br\/index.php\/2024\/07\/03\/restricoes-a-prefeitos-que-tentarao-reeleicao-em-outubro-passam-a-valer-no-proximo-sabado\/","title":{"rendered":"Restri\u00e7\u00f5es a prefeitos que tentar\u00e3o reelei\u00e7\u00e3o em outubro passam a valer no pr\u00f3ximo s\u00e1bado (6)"},"content":{"rendered":"<p>A partir do pr\u00f3ximo s\u00e1bado (6), os prefeitos que v\u00e3o tentar se reeleger para mais quatro anos de mandato n\u00e3o poder\u00e3o mais nomear, exonerar ou contratar funcion\u00e1rios. A legisla\u00e7\u00e3o eleitoral tamb\u00e9m pro\u00edbe a participa\u00e7\u00e3o destes gestores na inaugura\u00e7\u00e3o de obras p\u00fablicas. <\/p>\n<p>Desde o \u00faltimo domingo (30), emissoras de r\u00e1dio e TV tamb\u00e9m est\u00e3o impedidas de transmitir programa apresentado ou comentado por pr\u00e9-candidato. <\/p>\n<p>As condutas vedadas aos prefeitos e vereadores que buscam a reelei\u00e7\u00e3o visam impedir que a m\u00e1quina p\u00fablica seja usada para a obten\u00e7\u00e3o de vantagens por aqueles que hoje est\u00e3o no poder. <\/p>\n<p>Especialista em direito eleitoral, Ant\u00f4nio Carlos de Freitas Jr. diz que essas e outras regras fazem parte do calend\u00e1rio definido pelo Tribunal Superior Eleitoral (TSE). Ele afirma que as pr\u00f3ximas semanas ser\u00e3o decisivas para aqueles que pretendem concorrer no pleito. <\/p>\n<p>&#8220;Qualquer pessoa que diga que hoje \u00e9 candidato, isso n\u00e3o \u00e9 uma verdade completa, porque os candidatos s\u00e3o decididos em uma conven\u00e7\u00e3o do partido, que ocorrer\u00e1 apenas a partir de 20 de julho, terminando em 5 de agosto. O registro dessa candidatura vai de 6 at\u00e9 15 de agosto e [elas] ser\u00e3o julgadas em primeiro grau at\u00e9 16 de setembro&#8221;, detalha. <\/p>\n<p>Somente ap\u00f3s o dia 16 de agosto, isto \u00e9, findado o per\u00edodo para registro dos candidatos, \u00e9 que a propaganda eleitoral ser\u00e1 liberada. At\u00e9 l\u00e1, de acordo com o TSE, qualquer manifesta\u00e7\u00e3o com pedido expl\u00edcito de voto pode ser considerada irregular e gerar multa. &#8220;N\u00f3s estamos em momento de pr\u00e9-campanha e, portanto, ainda n\u00e3o pode ter propaganda eleitoral&#8221;, ressalta o especialista Alexandre Rollo. <\/p>\n<p>Rollo lembra que, quatro dias depois, o TSE vai divulgar o percentual de candidaturas femininas e de pessoas negras por partido. O especialista destaca que isso servir\u00e1 para balizar a distribui\u00e7\u00e3o do Fundo Especial de Financiamento de Campanha. <\/p>\n<p>&#8220;Se o partido tiver 50% de candidaturas femininas, por exemplo, vai ter que destinar 50% do recurso para mulheres. Mesma coisa ainda envolvendo candidatos negros: o dinheiro p\u00fablico vai ter que ser distribu\u00eddo na propor\u00e7\u00e3o das candidaturas que v\u00e3o disputar as elei\u00e7\u00f5es por aquele determinado partido&#8221;, diz. <\/p>\n<p>Entre 30 de agosto e 3 de outubro, come\u00e7a o hor\u00e1rio eleitoral gratuito. J\u00e1 de 9 a 13 de setembro, o TSE divulgar\u00e1 a presta\u00e7\u00e3o de contas parcial dos partidos e candidatos. &#8220;A partir de 15 de setembro tem divulga\u00e7\u00e3o de doadores e valores doados. Voc\u00ea que est\u00e1 muito atento \u00e0 atua\u00e7\u00e3o eleitoral, j\u00e1 poder\u00e1 verificar junto aos registros do Tribunal Superior Eleitoral e ver quem est\u00e1 doando para quem, quanto que doou, etc.&#8221;, diz Freitas Jr. <\/p>\n<p>De 21 de setembro em diante, nenhum candidato pode ser preso, exceto se for pego em flagrante. O mesmo vale para os eleitores, mas nesse caso a exce\u00e7\u00e3o se aplica apenas a partir de 1\u00ba de outubro. <\/p>\n<p>Passados os dois turnos das elei\u00e7\u00f5es, os eleitores que n\u00e3o compareceram \u00e0s urnas no primeiro turno ter\u00e3o at\u00e9 5 de dezembro para justificar aus\u00eancia, enquanto os que faltaram ao segundo turno, ter\u00e3o at\u00e9 7 de janeiro de 2025 para faz\u00ea-lo. <\/p>\n<\/p>\n<p> Fonte: Brasil61<\/p>\n<input type=\"hidden\" id=\"baseurl\" value=\"https:\/\/noticiasdestaque.com.br\"><input type=\"hidden\" id=\"audio_nonce\" value=\"6a24ca502e\">","protected":false},"excerpt":{"rendered":"<p>Gestores n\u00e3o poder\u00e3o nomear, exonerar ou contratar pessoal. Legisla\u00e7\u00e3o eleitoral tamb\u00e9m pro\u00edbe presen\u00e7a em inaugura\u00e7\u00e3o de obras p\u00fablicas<\/p>\n","protected":false},"author":1,"featured_media":14325,"comment_status":"open","ping_status":"open","sticky":false,"template":"","format":"standard","meta":{"fifu_image_url":"","fifu_image_alt":"","footnotes":""},"categories":[1],"tags":[],"class_list":["post-14323","post","type-post","status-publish","format-standard","has-post-thumbnail","hentry","category-uncategorized"],"distributor_meta":false,"distributor_terms":false,"distributor_media":false,"distributor_original_site_name":"Noticias em Destaque","distributor_original_site_url":"https:\/\/noticiasdestaque.com.br","push-errors":false,"_links":{"self":[{"href":"https:\/\/noticiasdestaque.com.br\/index.php\/wp-json\/wp\/v2\/posts\/14323","targetHints":{"allow":["GET"]}}],"collection":[{"href":"https:\/\/noticiasdestaque.com.br\/index.php\/wp-json\/wp\/v2\/posts"}],"about":[{"href":"https:\/\/noticiasdestaque.com.br\/index.php\/wp-json\/wp\/v2\/types\/post"}],"author":[{"embeddable":true,"href":"https:\/\/noticiasdestaque.com.br\/index.php\/wp-json\/wp\/v2\/users\/1"}],"replies":[{"embeddable":true,"href":"https:\/\/noticiasdestaque.com.br\/index.php\/wp-json\/wp\/v2\/comments?post=14323"}],"version-history":[{"count":1,"href":"https:\/\/noticiasdestaque.com.br\/index.php\/wp-json\/wp\/v2\/posts\/14323\/revisions"}],"predecessor-version":[{"id":14324,"href":"https:\/\/noticiasdestaque.com.br\/index.php\/wp-json\/wp\/v2\/posts\/14323\/revisions\/14324"}],"wp:featuredmedia":[{"embeddable":true,"href":"https:\/\/noticiasdestaque.com.br\/index.php\/wp-json\/wp\/v2\/media\/14325"}],"wp:attachment":[{"href":"https:\/\/noticiasdestaque.com.br\/index.php\/wp-json\/wp\/v2\/media?parent=14323"}],"wp:term":[{"taxonomy":"category","embeddable":true,"href":"https:\/\/noticiasdestaque.com.br\/index.php\/wp-json\/wp\/v2\/categories?post=14323"},{"taxonomy":"post_tag","embeddable":true,"href":"https:\/\/noticiasdestaque.com.br\/index.php\/wp-json\/wp\/v2\/tags?post=14323"}],"curies":[{"name":"wp","href":"https:\/\/api.w.org\/{rel}","templated":true}]}}