{"id":14309,"date":"2024-07-02T11:18:00","date_gmt":"2024-07-02T11:18:00","guid":{"rendered":"https:\/\/noticiasdestaque.com.br\/index.php\/2024\/07\/02\/supremo-aumenta-numero-de-decisoes-colegiadas-em\/"},"modified":"2024-07-02T11:18:00","modified_gmt":"2024-07-02T11:18:00","slug":"supremo-aumenta-numero-de-decisoes-colegiadas-em","status":"publish","type":"post","link":"https:\/\/noticiasdestaque.com.br\/index.php\/2024\/07\/02\/supremo-aumenta-numero-de-decisoes-colegiadas-em\/","title":{"rendered":"Supremo aumenta n\u00famero de decis\u00f5es colegiadas em 2024"},"content":{"rendered":"<style> bloco.meta {font-style: italic; color: #666;font-weight: 600;font-size: .8em; \/* line-height: .3em; *\/}  text h2 { font-weight: 700 !important;  color: #062f46 !important;} text img { width: none; left: none;}<\/style>\n<\/p>\n<p>O Supremo Tribunal Federal (STF) encerrou o primeiro semestre deste ano com aumento das decis\u00f5es colegiadas proferidas pelos onze ministros da Corte. O balan\u00e7o foi divulgado nesta segunda-feira (1\u00b0) ap\u00f3s a aprova\u00e7\u00e3o do relat\u00f3rio de trabalho. A vota\u00e7\u00e3o ocorreu em sess\u00e3o virtual.<aimg src=\"https:\/\/aagenciabrasil.ebc.com.br\/ebc.apng?id=1602240 o=node\" style=\"width:1px; height:1px; display:inline;\"><\/aimg><aimg src=\"https:\/\/aagenciabrasil.ebc.com.br\/ebc.agif?id=1602240 o=node\" style=\"width:1px; height:1px; display:inline;\"><\/aimg><\/p>\n<p>De acordo com balan\u00e7o divulgado pela Corte, das 54 mil decis\u00f5es proferidas nos primeiros seis meses deste ano, 10 mil foram tomadas pelo plen\u00e1rio ou pelas duas turmas do tribunal. O n\u00famero representa aumento de 18,9% em rela\u00e7\u00e3o ao mesmo per\u00edodo do ano passado.<\/p>\n<p>O balan\u00e7o tamb\u00e9m registra que a Corte chegou ao menor acervo de processos em 30 anos. A Corte possui 21,6 mil processos em tramita\u00e7\u00e3o, marca 10% menor em rela\u00e7\u00e3o a 31 de dezembro de 2023, quando 23,9 mil processos estavam em andamento.<\/p>\n<p>No voto proferido durante o julgamento virtual, o presidente do Supremo, ministro Lu\u00eds Roberto Barroso, afirmou que o aumento das decis\u00f5es coletivas &#8220;reitera o compromisso da Corte em refor\u00e7ar a colegialidade&#8221;.<\/p>\n<p>O aumento das decis\u00f5es colegiadas ocorre ap\u00f3s a Corte ser criticada pelas decis\u00f5es individuais dos ministros. Em novembro do ano passado, o Senado aprovou a Proposta de Emenda \u00e0 Constitui\u00e7\u00e3o (PEC) que limita as decis\u00f5es monocr\u00e1ticas. Ap\u00f3s a aprova\u00e7\u00e3o, a proposta seguiu para a C\u00e2mara dos Deputados, onde est\u00e1 parada.<\/p>\n<h2>Recesso <\/h2>\n<p>A aprova\u00e7\u00e3o do balan\u00e7o marca o in\u00edcio do recesso de um m\u00eas na Corte. Os trabalhos ser\u00e3o retomados em 1\u00b0 de agosto.<\/p>\n<p>Neste m\u00eas, os ministros Gilmar Mendes, Dias Toffoli, Andr\u00e9 Mendon\u00e7a e Fl\u00e1vio Dino v\u00e3o continuar trabalhando para decidir quest\u00f5es urgentes que chegarem aos gabinetes. <\/p>\n<p>Os prazos processuais ficar\u00e3o suspensos entre os dias 2 e 31 de julho.<\/p>\n<p class=\"alt-font font-italic my-2 small text-info\">\n                                                Edi\u00e7\u00e3o:   Sabrina Craide                    <\/p>\n<p>            <!-- blog End --><\/p>\n<p>            <!-- tag and share --><\/p>\n<p> Fonte: EBC <\/p>\n<input type=\"hidden\" id=\"baseurl\" value=\"https:\/\/noticiasdestaque.com.br\"><input type=\"hidden\" id=\"audio_nonce\" value=\"6a24ca502e\">","protected":false},"excerpt":{"rendered":"<p>Foram 18,9% a mais em rela\u00e7\u00e3o ao mesmo per\u00edodo do ano passado<\/p>\n","protected":false},"author":1,"featured_media":14311,"comment_status":"open","ping_status":"open","sticky":false,"template":"","format":"standard","meta":{"fifu_image_url":"","fifu_image_alt":"","footnotes":""},"categories":[1],"tags":[],"class_list":["post-14309","post","type-post","status-publish","format-standard","has-post-thumbnail","hentry","category-uncategorized"],"distributor_meta":false,"distributor_terms":false,"distributor_media":false,"distributor_original_site_name":"Noticias em Destaque","distributor_original_site_url":"https:\/\/noticiasdestaque.com.br","push-errors":false,"_links":{"self":[{"href":"https:\/\/noticiasdestaque.com.br\/index.php\/wp-json\/wp\/v2\/posts\/14309","targetHints":{"allow":["GET"]}}],"collection":[{"href":"https:\/\/noticiasdestaque.com.br\/index.php\/wp-json\/wp\/v2\/posts"}],"about":[{"href":"https:\/\/noticiasdestaque.com.br\/index.php\/wp-json\/wp\/v2\/types\/post"}],"author":[{"embeddable":true,"href":"https:\/\/noticiasdestaque.com.br\/index.php\/wp-json\/wp\/v2\/users\/1"}],"replies":[{"embeddable":true,"href":"https:\/\/noticiasdestaque.com.br\/index.php\/wp-json\/wp\/v2\/comments?post=14309"}],"version-history":[{"count":1,"href":"https:\/\/noticiasdestaque.com.br\/index.php\/wp-json\/wp\/v2\/posts\/14309\/revisions"}],"predecessor-version":[{"id":14310,"href":"https:\/\/noticiasdestaque.com.br\/index.php\/wp-json\/wp\/v2\/posts\/14309\/revisions\/14310"}],"wp:featuredmedia":[{"embeddable":true,"href":"https:\/\/noticiasdestaque.com.br\/index.php\/wp-json\/wp\/v2\/media\/14311"}],"wp:attachment":[{"href":"https:\/\/noticiasdestaque.com.br\/index.php\/wp-json\/wp\/v2\/media?parent=14309"}],"wp:term":[{"taxonomy":"category","embeddable":true,"href":"https:\/\/noticiasdestaque.com.br\/index.php\/wp-json\/wp\/v2\/categories?post=14309"},{"taxonomy":"post_tag","embeddable":true,"href":"https:\/\/noticiasdestaque.com.br\/index.php\/wp-json\/wp\/v2\/tags?post=14309"}],"curies":[{"name":"wp","href":"https:\/\/api.w.org\/{rel}","templated":true}]}}