{"id":14300,"date":"2024-07-02T14:15:00","date_gmt":"2024-07-02T14:15:00","guid":{"rendered":"https:\/\/noticiasdestaque.com.br\/index.php\/2024\/07\/02\/vacinacao-contra-a-gripe-do-grupo-prioritario-ainda-nao-se-imunizou-em-mg\/"},"modified":"2024-07-02T14:15:00","modified_gmt":"2024-07-02T14:15:00","slug":"vacinacao-contra-a-gripe-do-grupo-prioritario-ainda-nao-se-imunizou-em-mg","status":"publish","type":"post","link":"https:\/\/noticiasdestaque.com.br\/index.php\/2024\/07\/02\/vacinacao-contra-a-gripe-do-grupo-prioritario-ainda-nao-se-imunizou-em-mg\/","title":{"rendered":"Vacina\u00e7\u00e3o contra a gripe: 44% do grupo priorit\u00e1rio ainda n\u00e3o se imunizou em MG"},"content":{"rendered":"<p>As unidades do SUS continuam a campanha de vacina\u00e7\u00e3o contra a gripe em todo o estado de Minas Gerais. De acordo com o Minist\u00e9rio da Sa\u00fade, a vacina salva vidas e previne milh\u00f5es de casos graves e \u00f3bitos pela infec\u00e7\u00e3o causada pelo v\u00edrus da influenza. <\/p>\n<p>A mobiliza\u00e7\u00e3o dos munic\u00edpios mineiros pela Campanha Nacional de Vacina\u00e7\u00e3o Contra a Gripe, iniciada em mar\u00e7o, j\u00e1 contabilizou mais de 4,7 milh\u00f5es de doses aplicadas. At\u00e9 o momento, 47% do grupo priorit\u00e1rio da a\u00e7\u00e3o \u2013 composto por 8,8 milh\u00f5es de pessoas \u2013 receberam a dose da vacina no estado. Os dados s\u00e3o do <a href=\"https:\/\/infoms.saude.gov.br\/extensions\/SEIDIGI_DEMAS_INFLUENZA_2024_RESIDENCIA\/SEIDIGI_DEMAS_INFLUENZA_2024_RESIDENCIA.html\" target=\"_blank\">painel de imuniza\u00e7\u00f5es do Minist\u00e9rio da Sa\u00fade<\/a>. <\/p>\n<p>A meta das autoridades de sa\u00fade \u00e9 vacinar 90% de cada um dos grupos priorit\u00e1rios \u2014 como gestantes, idosos, crian\u00e7as e povos ind\u00edgenas. Mas, por conta da disponibilidade de doses, o Minist\u00e9rio autorizou, no come\u00e7o de maio, a amplia\u00e7\u00e3o da imuniza\u00e7\u00e3o para todas as pessoas acima dos seis meses de idade. <\/p>\n<p>A decis\u00e3o aconteceu por conta da disponibilidade de doses da vacina e pelo momento epidemiol\u00f3gico. Segundo o diretor do Departamento do Programa Nacional de Imuniza\u00e7\u00f5es do Minist\u00e9rio da Sa\u00fade, Eder Gatti, a medida busca garantir uma maior cobertura vacinal e, consequentemente, uma redu\u00e7\u00e3o nas complica\u00e7\u00f5es e interna\u00e7\u00f5es causadas pela gripe. <\/p>\n<p>\u201cEnt\u00e3o, se h\u00e1 disponibilidade da vacina e o v\u00edrus da influenza \u2013 da gripe \u2013 est\u00e1 circulando, n\u00f3s devemos ampliar o acesso das pessoas para que elas se vacinem, diminuam seu risco de adoecimento de formas graves da doen\u00e7a e diminuam a circula\u00e7\u00e3o do v\u00edrus na comunidade.&#8221;<\/p>\n<p>O Minist\u00e9rio da Sa\u00fade ressalta que a vacina\u00e7\u00e3o \u00e9 uma das ferramentas mais eficazes para evitar surtos e garantir a sa\u00fade da popula\u00e7\u00e3o durante as esta\u00e7\u00f5es do outono e inverno.<\/p>\n<p>O subsecret\u00e1rio de Vigil\u00e2ncia em Sa\u00fade de Minas Gerais, Eduardo Prosdocimi, convida a popula\u00e7\u00e3o mineira a comparecer aos postos de vacina\u00e7\u00e3o.<\/p>\n<p>\u201cA vacina da influenza est\u00e1 dispon\u00edvel nos postos de sa\u00fade e a gente chama a popula\u00e7\u00e3o para que tome a vacina e que com isso a gente tenha um per\u00edodo sazonal com menor n\u00famero de interna\u00e7\u00f5es, menor n\u00famero de casos graves que a vacina certamente contribui para um cen\u00e1rio melhor.\u201d<\/p>\n<p>Patos de Minas, no Alto Parana\u00edba, registra uma cobertura vacinal acima da m\u00e9dia estadual. O munic\u00edpio vacinou, at\u00e9 o momento, mais de 50% de pessoas do grupo priorit\u00e1rio. Ao todo, foram aplicadas mais de 41 mil doses da vacina trivalente.<\/p>\n<p>Como estrat\u00e9gia para aumentar as taxas de vacina\u00e7\u00e3o, a prefeitura investe na divulga\u00e7\u00e3o das datas, dos locais, dos grupos a serem atendidos com prioridade, com mensagens de refor\u00e7o \u00e0 import\u00e2ncia de todos se vacinarem. <\/p>\n<p>A t\u00e1tica funcionou para a psic\u00f3loga Nathalia Mota, de 35 anos, que mora no bairro Aur\u00e9lio Caixeta. <\/p>\n<p>\u201cN\u00e3o sou de nenhum grupo de risco, mas convivo com pessoas que s\u00e3o \u2014 e acredito que esse seja um fator que ressalta ainda mais a import\u00e2ncia da imuniza\u00e7\u00e3o.\u201d<\/p>\n<p>Fa\u00e7a parte do Movimento Nacional Pela Vacina\u00e7\u00e3o e diga sim para a vacina contra a gripe. Procure uma Unidade B\u00e1sica de Sa\u00fade com a Caderneta de Vacina\u00e7\u00e3o ou documento com foto.<\/p>\n<p>Para mais informa\u00e7\u00f5es, acesse: <a href=\"https:\/\/www.gov.br\/saude\/pt-br\/campanhas-da-saude\/vacinacao\" target=\"_blank\">www.gov.br\/vacinacao<\/a>.<\/p>\n<p><strong><a href=\"https:\/\/brasil61.com\/n\/vsr-fiocruz-alerta-para-o-aumento-nas-internacoes-por-infeccoes-respiratorias-bras2411578\" target=\"_blank\">VSR: Fiocruz alerta para o aumento nas interna\u00e7\u00f5es por infec\u00e7\u00f5es respirat\u00f3rias<\/a><\/strong><\/p>\n<p><strong><a href=\"https:\/\/brasil61.com\/n\/casos-de-srag-registram-aumento-continuo-no-brasil-alerta-fiocruz-bras2411542\" target=\"_blank\">Casos de SRAG registram aumento cont\u00ednuo no Brasil; alerta Fiocruz<\/a><\/strong><\/p>\n<p><strong><a href=\"https:\/\/brasil61.com\/n\/brasil-registra-sinalizacao-de-queda-no-numero-de-casos-de-sindrome-respiratoria-aguda-grave-bras2411428\" target=\"_blank\">Brasil registra sinaliza\u00e7\u00e3o de queda no n\u00famero de casos de S\u00edndrome Respirat\u00f3ria Aguda Grave<\/a><\/strong><\/p>\n<p> Fonte: Brasil61<\/p>\n<input type=\"hidden\" id=\"baseurl\" value=\"https:\/\/noticiasdestaque.com.br\"><input type=\"hidden\" id=\"audio_nonce\" value=\"6f73a554f1\">","protected":false},"excerpt":{"rendered":"<p>Meta do Minist\u00e9rio da Sa\u00fade \u00e9 vacinar 90% de cada um dos grupos priorit\u00e1rios, como gestantes, idosos, crian\u00e7as e povos ind\u00edgenas<\/p>\n","protected":false},"author":1,"featured_media":14302,"comment_status":"open","ping_status":"open","sticky":false,"template":"","format":"standard","meta":{"fifu_image_url":"","fifu_image_alt":"","footnotes":""},"categories":[1],"tags":[112],"class_list":["post-14300","post","type-post","status-publish","format-standard","has-post-thumbnail","hentry","category-uncategorized","tag-energreener"],"distributor_meta":false,"distributor_terms":false,"distributor_media":false,"distributor_original_site_name":"Noticias em Destaque","distributor_original_site_url":"https:\/\/noticiasdestaque.com.br","push-errors":false,"_links":{"self":[{"href":"https:\/\/noticiasdestaque.com.br\/index.php\/wp-json\/wp\/v2\/posts\/14300","targetHints":{"allow":["GET"]}}],"collection":[{"href":"https:\/\/noticiasdestaque.com.br\/index.php\/wp-json\/wp\/v2\/posts"}],"about":[{"href":"https:\/\/noticiasdestaque.com.br\/index.php\/wp-json\/wp\/v2\/types\/post"}],"author":[{"embeddable":true,"href":"https:\/\/noticiasdestaque.com.br\/index.php\/wp-json\/wp\/v2\/users\/1"}],"replies":[{"embeddable":true,"href":"https:\/\/noticiasdestaque.com.br\/index.php\/wp-json\/wp\/v2\/comments?post=14300"}],"version-history":[{"count":1,"href":"https:\/\/noticiasdestaque.com.br\/index.php\/wp-json\/wp\/v2\/posts\/14300\/revisions"}],"predecessor-version":[{"id":14301,"href":"https:\/\/noticiasdestaque.com.br\/index.php\/wp-json\/wp\/v2\/posts\/14300\/revisions\/14301"}],"wp:featuredmedia":[{"embeddable":true,"href":"https:\/\/noticiasdestaque.com.br\/index.php\/wp-json\/wp\/v2\/media\/14302"}],"wp:attachment":[{"href":"https:\/\/noticiasdestaque.com.br\/index.php\/wp-json\/wp\/v2\/media?parent=14300"}],"wp:term":[{"taxonomy":"category","embeddable":true,"href":"https:\/\/noticiasdestaque.com.br\/index.php\/wp-json\/wp\/v2\/categories?post=14300"},{"taxonomy":"post_tag","embeddable":true,"href":"https:\/\/noticiasdestaque.com.br\/index.php\/wp-json\/wp\/v2\/tags?post=14300"}],"curies":[{"name":"wp","href":"https:\/\/api.w.org\/{rel}","templated":true}]}}