{"id":14297,"date":"2024-07-02T12:45:00","date_gmt":"2024-07-02T12:45:00","guid":{"rendered":"https:\/\/noticiasdestaque.com.br\/index.php\/2024\/07\/02\/sp-unidades-de-saude-do-estado-continuam-mobilizadas-para-vacinacao-contra-a-gripe\/"},"modified":"2024-07-02T12:45:00","modified_gmt":"2024-07-02T12:45:00","slug":"sp-unidades-de-saude-do-estado-continuam-mobilizadas-para-vacinacao-contra-a-gripe","status":"publish","type":"post","link":"https:\/\/noticiasdestaque.com.br\/index.php\/2024\/07\/02\/sp-unidades-de-saude-do-estado-continuam-mobilizadas-para-vacinacao-contra-a-gripe\/","title":{"rendered":"SP: Unidades de sa\u00fade do estado continuam mobilizadas para vacina\u00e7\u00e3o contra a gripe"},"content":{"rendered":"<p>Unidades de sa\u00fade do SUS continuam campanha de vacina\u00e7\u00e3o contra a gripe em todo o estado de S\u00e3o Paulo. De acordo com o Minist\u00e9rio da Sa\u00fade, a vacina salva vidas e previne milh\u00f5es de casos graves e \u00f3bitos pela infec\u00e7\u00e3o causada pelo v\u00edrus da influenza.<\/p>\n<p>Iniciada em mar\u00e7o, a Campanha de Vacina\u00e7\u00e3o Contra a Gripe j\u00e1 contabiliza mais de 8,9 milh\u00f5es de doses aplicadas nas unidades de sa\u00fade do estado de S\u00e3o Paulo. At\u00e9 o momento, 43% do grupo priorit\u00e1rio da a\u00e7\u00e3o \u2013 composto por 18 milh\u00f5es de pessoas \u2013 receberam a dose da vacina no estado. Os dados s\u00e3o do painel de imuniza\u00e7\u00f5es do Minist\u00e9rio da Sa\u00fade. <\/p>\n<p>A meta das autoridades de sa\u00fade \u00e9 vacinar 90% de cada um dos grupos priorit\u00e1rios \u2014 como gestantes, idosos, crian\u00e7as e povos ind\u00edgenas. Mas, por conta da disponibilidade de doses, o Minist\u00e9rio autorizou, no come\u00e7o de maio, a amplia\u00e7\u00e3o da imuniza\u00e7\u00e3o para todas as pessoas acima dos seis meses de idade. <\/p>\n<p>Segundo o diretor do Departamento do Programa Nacional de Imuniza\u00e7\u00f5es do Minist\u00e9rio da Sa\u00fade, Eder Gatti, a medida busca garantir uma maior cobertura vacinal e, consequentemente, uma redu\u00e7\u00e3o nas complica\u00e7\u00f5es e interna\u00e7\u00f5es causadas pela gripe.<\/p>\n<p>\u201cEnt\u00e3o, se h\u00e1 disponibilidade da vacina e o v\u00edrus da influenza \u2013 da gripe \u2013 est\u00e1 circulando, n\u00f3s devemos ampliar o acesso das pessoas para que elas se vacinem, diminuam seu risco de adoecimento de formas graves da doen\u00e7a e diminuam a circula\u00e7\u00e3o do v\u00edrus na comunidade.&#8221;<\/p>\n<p>A doutora Melissa Palmieri, m\u00e9dica da Coordenadoria da Vigil\u00e2ncia em Sa\u00fade de S\u00e3o Paulo, explica que a vacina \u00e9 capaz de proteger contra os tr\u00eas tipos do v\u00edrus da influenza que est\u00e3o em circula\u00e7\u00e3o no Brasil atualmente: o A H1N1, o A H322 e o influenza B. Segundo ela, a vacina \u00e9 segura e eficaz.<\/p>\n<p>\u201cSabemos que a vacina de gripe \u00e9 uma vacina de v\u00edrus inativado. Ent\u00e3o, n\u00e3o tem capacidade alguma de ocasionar a doen\u00e7a. E \u00e9 uma vacina extremamente segura e extremamente importante, inclusive, porque a gente sabe que tem um percentual da popula\u00e7\u00e3o que tem defici\u00eancia do sistema de defesa, \u00e9 imunossuprimido, est\u00e1 fazendo tratamento para c\u00e2ncer, usando um rem\u00e9dio que vai reduzir a defesa dele. Ent\u00e3o, principalmente nesses grupos, a vacina tem que ser feita [aplicada].\u201d<\/p>\n<p>O painel do Minist\u00e9rio da Sa\u00fade mostra que a cobertura vacinal do grupo priorit\u00e1rio \u00e9 de 44% na cidade de S\u00e3o Paulo. <\/p>\n<p>Em nota, a Secretaria Municipal da Sa\u00fade da capital paulista informou que \u201co imunizante est\u00e1 dispon\u00edvel nas 471 Unidades B\u00e1sicas de Sa\u00fade, de segunda a sexta-feira, das 07h \u00e0s 19h, e de segunda a s\u00e1bado nas unidades de Assist\u00eancia M\u00e9dica Ambulatorial, no mesmo hor\u00e1rio&#8221;.<\/p>\n<p>Fazem parte do grupo priorit\u00e1rio crian\u00e7as de seis meses a menores de seis anos, gestantes, pu\u00e9rperas, povos ind\u00edgenas, idosos com 60 anos ou mais, pessoas em situa\u00e7\u00e3o de rua, pessoas com doen\u00e7as cr\u00f4nicas n\u00e3o transmiss\u00edveis e outras condi\u00e7\u00f5es cl\u00ednicas especiais, e pessoas com defici\u00eancia permanente.<\/p>\n<p>O p\u00fablico-alvo tamb\u00e9m \u00e9 composto por professores, trabalhadores de sa\u00fade, profissionais das for\u00e7as de seguran\u00e7a, caminhoneiros, trabalhadores do transporte rodovi\u00e1rio coletivo, trabalhadores portu\u00e1rios, funcion\u00e1rios do sistema de priva\u00e7\u00e3o de liberdade, popula\u00e7\u00e3o privada de liberdade, al\u00e9m de adolescentes e jovens sob medidas socioeducativas, entre 12 e 21 anos.<\/p>\n<p>Fa\u00e7a parte do Movimento Nacional Pela Vacina\u00e7\u00e3o e diga sim para a vacina contra a gripe. Procure uma Unidade B\u00e1sica de Sa\u00fade com a Caderneta de Vacina\u00e7\u00e3o ou documento com foto.<\/p>\n<p>Para mais informa\u00e7\u00f5es, acesse: <a href=\"https:\/\/www.gov.br\/saude\/pt-br\/campanhas-da-saude\/vacinacao\" target=\"_blank\">www.gov.br\/vacinacao<\/a>.<\/p>\n<p><strong><a href=\"https:\/\/brasil61.com\/n\/vsr-fiocruz-alerta-para-o-aumento-nas-internacoes-por-infeccoes-respiratorias-bras2411578\" target=\"_blank\">VSR: Fiocruz alerta para o aumento nas interna\u00e7\u00f5es por infec\u00e7\u00f5es respirat\u00f3rias<\/a><\/strong><\/p>\n<p><strong><a href=\"https:\/\/brasil61.com\/n\/casos-de-srag-registram-aumento-continuo-no-brasil-alerta-fiocruz-bras2411542\" target=\"_blank\">Casos de SRAG registram aumento cont\u00ednuo no Brasil; alerta Fiocruz<\/a><\/strong><\/p>\n<p><strong><a href=\"https:\/\/brasil61.com\/n\/brasil-registra-sinalizacao-de-queda-no-numero-de-casos-de-sindrome-respiratoria-aguda-grave-bras2411428\" target=\"_blank\">Brasil registra sinaliza\u00e7\u00e3o de queda no n\u00famero de casos de S\u00edndrome Respirat\u00f3ria Aguda Grave<\/a><\/strong><\/p>\n<p> Fonte: Brasil61<\/p>\n<input type=\"hidden\" id=\"baseurl\" value=\"https:\/\/noticiasdestaque.com.br\"><input type=\"hidden\" id=\"audio_nonce\" value=\"6f73a554f1\">","protected":false},"excerpt":{"rendered":"<p>Meta do Minist\u00e9rio da Sa\u00fade \u00e9 vacinar 90% de cada um dos grupos priorit\u00e1rios, como gestantes, idosos, crian\u00e7as e povos ind\u00edgenas<\/p>\n","protected":false},"author":1,"featured_media":14299,"comment_status":"open","ping_status":"open","sticky":false,"template":"","format":"standard","meta":{"fifu_image_url":"","fifu_image_alt":"","footnotes":""},"categories":[1],"tags":[112],"class_list":["post-14297","post","type-post","status-publish","format-standard","has-post-thumbnail","hentry","category-uncategorized","tag-energreener"],"distributor_meta":false,"distributor_terms":false,"distributor_media":false,"distributor_original_site_name":"Noticias em Destaque","distributor_original_site_url":"https:\/\/noticiasdestaque.com.br","push-errors":false,"_links":{"self":[{"href":"https:\/\/noticiasdestaque.com.br\/index.php\/wp-json\/wp\/v2\/posts\/14297","targetHints":{"allow":["GET"]}}],"collection":[{"href":"https:\/\/noticiasdestaque.com.br\/index.php\/wp-json\/wp\/v2\/posts"}],"about":[{"href":"https:\/\/noticiasdestaque.com.br\/index.php\/wp-json\/wp\/v2\/types\/post"}],"author":[{"embeddable":true,"href":"https:\/\/noticiasdestaque.com.br\/index.php\/wp-json\/wp\/v2\/users\/1"}],"replies":[{"embeddable":true,"href":"https:\/\/noticiasdestaque.com.br\/index.php\/wp-json\/wp\/v2\/comments?post=14297"}],"version-history":[{"count":1,"href":"https:\/\/noticiasdestaque.com.br\/index.php\/wp-json\/wp\/v2\/posts\/14297\/revisions"}],"predecessor-version":[{"id":14298,"href":"https:\/\/noticiasdestaque.com.br\/index.php\/wp-json\/wp\/v2\/posts\/14297\/revisions\/14298"}],"wp:featuredmedia":[{"embeddable":true,"href":"https:\/\/noticiasdestaque.com.br\/index.php\/wp-json\/wp\/v2\/media\/14299"}],"wp:attachment":[{"href":"https:\/\/noticiasdestaque.com.br\/index.php\/wp-json\/wp\/v2\/media?parent=14297"}],"wp:term":[{"taxonomy":"category","embeddable":true,"href":"https:\/\/noticiasdestaque.com.br\/index.php\/wp-json\/wp\/v2\/categories?post=14297"},{"taxonomy":"post_tag","embeddable":true,"href":"https:\/\/noticiasdestaque.com.br\/index.php\/wp-json\/wp\/v2\/tags?post=14297"}],"curies":[{"name":"wp","href":"https:\/\/api.w.org\/{rel}","templated":true}]}}