{"id":14291,"date":"2024-07-02T11:15:00","date_gmt":"2024-07-02T11:15:00","guid":{"rendered":"https:\/\/noticiasdestaque.com.br\/index.php\/2024\/07\/02\/distrito-federal-mobilizacao-contra-gripe-continua-nas-salas-de-vacinacao-das-pessoas-do-grupo-prioritario-receberam-doses\/"},"modified":"2024-07-02T11:15:00","modified_gmt":"2024-07-02T11:15:00","slug":"distrito-federal-mobilizacao-contra-gripe-continua-nas-salas-de-vacinacao-das-pessoas-do-grupo-prioritario-receberam-doses","status":"publish","type":"post","link":"https:\/\/noticiasdestaque.com.br\/index.php\/2024\/07\/02\/distrito-federal-mobilizacao-contra-gripe-continua-nas-salas-de-vacinacao-das-pessoas-do-grupo-prioritario-receberam-doses\/","title":{"rendered":"DISTRITO FEDERAL: Mobiliza\u00e7\u00e3o contra gripe continua nas salas de vacina\u00e7\u00e3o; 34% das pessoas do grupo priorit\u00e1rio receberam doses"},"content":{"rendered":"<p>Unidades de sa\u00fade do SUS continuam campanha de vacina\u00e7\u00e3o contra a gripe em todo o Distrito Federal. De acordo com o Minist\u00e9rio da Sa\u00fade, a vacina salva vidas e previne milh\u00f5es de casos graves e \u00f3bitos pela infec\u00e7\u00e3o causada pelo v\u00edrus da influenza.<\/p>\n<p>A mobiliza\u00e7\u00e3o do Distrito Federal pela Campanha de Vacina\u00e7\u00e3o Contra a Gripe, j\u00e1 contabiliza mais de 523 mil doses aplicadas. At\u00e9 o momento, 38% do grupo priorit\u00e1rio da a\u00e7\u00e3o \u2014 composto por quase 1,1 milh\u00e3o de pessoas \u2013 receberam a dose da vacina na capital do pa\u00eds. Os dados s\u00e3o do <a href=\"https:\/\/infoms.saude.gov.br\/extensions\/SEIDIGI_DEMAS_INFLUENZA_2024_RESIDENCIA\/SEIDIGI_DEMAS_INFLUENZA_2024_RESIDENCIA.html\" target=\"_blank\">painel de imuniza\u00e7\u00f5es do Minist\u00e9rio da Sa\u00fade<\/a>. <\/p>\n<p>A meta das autoridades de sa\u00fade \u00e9 vacinar 90% de cada um dos grupos priorit\u00e1rios \u2014 como gestantes, idosos, crian\u00e7as e povos ind\u00edgenas. Mas, por conta da disponibilidade de doses, o Minist\u00e9rio autorizou, no come\u00e7o de maio, a amplia\u00e7\u00e3o da imuniza\u00e7\u00e3o para todas as pessoas acima dos seis meses de idade. <\/p>\n<p>Segundo o diretor do Departamento do Programa Nacional de Imuniza\u00e7\u00f5es do Minist\u00e9rio da Sa\u00fade, Eder Gatti, a medida busca garantir uma maior cobertura vacinal e, consequentemente, uma redu\u00e7\u00e3o nas complica\u00e7\u00f5es e interna\u00e7\u00f5es causadas pela gripe.<\/p>\n<p>\u201cEnt\u00e3o, se h\u00e1 disponibilidade da vacina e o v\u00edrus da influenza \u2013 da gripe \u2013 est\u00e1 circulando, n\u00f3s devemos ampliar o acesso das pessoas para que elas se vacinem, diminuam seu risco de adoecimento de formas graves da doen\u00e7a e diminuam a circula\u00e7\u00e3o do v\u00edrus na comunidade.&#8221;<\/p>\n<p>Moradora de \u00c1guas Claras, Lindaura Rebeca Ferreira tem 26 anos, trabalha como dentista e est\u00e1 gestante. Ela ressalta a import\u00e2ncia de se vacinar contra a gripe nesta fase.<br \/>\n\u201c\u00c9 muito importante se imunizar, at\u00e9 porque eu fa\u00e7o parte do grupo de risco, eu estou gr\u00e1vida. Foi bem tranquilo. Fui em um posto de sa\u00fade mesmo em \u00c1guas Claras, n\u00e3o peguei fila, foi bem \u2018facinho\u2019 mesmo.\u201d<\/p>\n<p>Segundo o Minist\u00e9rio da Sa\u00fade, foram aplicadas 6.300 doses da vacina contra a gripe em gestantes em todo o Distrito Federal, cerca de 38% do p\u00fablico-alvo.<\/p>\n<p>Al\u00e9m das gestantes, fazem parte do grupo priorit\u00e1rio crian\u00e7as de seis meses a menores de seis anos, pu\u00e9rperas, povos ind\u00edgenas, idosos com 60 anos ou mais, pessoas em situa\u00e7\u00e3o de rua, pessoas com doen\u00e7as cr\u00f4nicas n\u00e3o transmiss\u00edveis e outras condi\u00e7\u00f5es cl\u00ednicas especiais, e pessoas com defici\u00eancia permanente.<\/p>\n<p>Fa\u00e7a parte do Movimento Nacional Pela Vacina\u00e7\u00e3o e diga sim para a vacina contra a gripe. Procure uma Unidade B\u00e1sica de Sa\u00fade com a Caderneta de Vacina\u00e7\u00e3o ou documento com foto.<\/p>\n<p>Para mais informa\u00e7\u00f5es, acesse: <a href=\"https:\/\/www.gov.br\/saude\/pt-br\/campanhas-da-saude\/vacinacao\" target=\"_blank\">www.gov.br\/vacinacao<\/a>.<\/p>\n<p><strong><a href=\"https:\/\/brasil61.com\/n\/vsr-fiocruz-alerta-para-o-aumento-nas-internacoes-por-infeccoes-respiratorias-bras2411578\" target=\"_blank\">VSR: Fiocruz alerta para o aumento nas interna\u00e7\u00f5es por infec\u00e7\u00f5es respirat\u00f3rias<\/a><\/strong><\/p>\n<p><strong><a href=\"https:\/\/brasil61.com\/n\/casos-de-srag-registram-aumento-continuo-no-brasil-alerta-fiocruz-bras2411542\" target=\"_blank\">Casos de SRAG registram aumento cont\u00ednuo no Brasil; alerta Fiocruz<\/a><\/strong><\/p>\n<p><strong><a href=\"https:\/\/brasil61.com\/n\/brasil-registra-sinalizacao-de-queda-no-numero-de-casos-de-sindrome-respiratoria-aguda-grave-bras2411428\" target=\"_blank\">Brasil registra sinaliza\u00e7\u00e3o de queda no n\u00famero de casos de S\u00edndrome Respirat\u00f3ria Aguda Grave<\/a><\/strong><\/p>\n<p> Fonte: Brasil61<\/p>\n<input type=\"hidden\" id=\"baseurl\" value=\"https:\/\/noticiasdestaque.com.br\"><input type=\"hidden\" id=\"audio_nonce\" value=\"6a24ca502e\">","protected":false},"excerpt":{"rendered":"<p>Meta do Minist\u00e9rio da Sa\u00fade \u00e9 vacinar 90% de cada um dos grupos priorit\u00e1rios, como gestantes, idosos, crian\u00e7as e povos ind\u00edgenas<\/p>\n","protected":false},"author":1,"featured_media":14293,"comment_status":"open","ping_status":"open","sticky":false,"template":"","format":"standard","meta":{"fifu_image_url":"","fifu_image_alt":"","footnotes":""},"categories":[1],"tags":[112],"class_list":["post-14291","post","type-post","status-publish","format-standard","has-post-thumbnail","hentry","category-uncategorized","tag-energreener"],"distributor_meta":false,"distributor_terms":false,"distributor_media":false,"distributor_original_site_name":"Noticias em Destaque","distributor_original_site_url":"https:\/\/noticiasdestaque.com.br","push-errors":false,"_links":{"self":[{"href":"https:\/\/noticiasdestaque.com.br\/index.php\/wp-json\/wp\/v2\/posts\/14291","targetHints":{"allow":["GET"]}}],"collection":[{"href":"https:\/\/noticiasdestaque.com.br\/index.php\/wp-json\/wp\/v2\/posts"}],"about":[{"href":"https:\/\/noticiasdestaque.com.br\/index.php\/wp-json\/wp\/v2\/types\/post"}],"author":[{"embeddable":true,"href":"https:\/\/noticiasdestaque.com.br\/index.php\/wp-json\/wp\/v2\/users\/1"}],"replies":[{"embeddable":true,"href":"https:\/\/noticiasdestaque.com.br\/index.php\/wp-json\/wp\/v2\/comments?post=14291"}],"version-history":[{"count":1,"href":"https:\/\/noticiasdestaque.com.br\/index.php\/wp-json\/wp\/v2\/posts\/14291\/revisions"}],"predecessor-version":[{"id":14292,"href":"https:\/\/noticiasdestaque.com.br\/index.php\/wp-json\/wp\/v2\/posts\/14291\/revisions\/14292"}],"wp:featuredmedia":[{"embeddable":true,"href":"https:\/\/noticiasdestaque.com.br\/index.php\/wp-json\/wp\/v2\/media\/14293"}],"wp:attachment":[{"href":"https:\/\/noticiasdestaque.com.br\/index.php\/wp-json\/wp\/v2\/media?parent=14291"}],"wp:term":[{"taxonomy":"category","embeddable":true,"href":"https:\/\/noticiasdestaque.com.br\/index.php\/wp-json\/wp\/v2\/categories?post=14291"},{"taxonomy":"post_tag","embeddable":true,"href":"https:\/\/noticiasdestaque.com.br\/index.php\/wp-json\/wp\/v2\/tags?post=14291"}],"curies":[{"name":"wp","href":"https:\/\/api.w.org\/{rel}","templated":true}]}}