{"id":14285,"date":"2024-07-02T19:45:00","date_gmt":"2024-07-02T19:45:00","guid":{"rendered":"https:\/\/noticiasdestaque.com.br\/index.php\/2024\/07\/02\/parana-unidades-de-saude-continuam-mobilizadas-na-vacinacao-contra-a-gripe\/"},"modified":"2024-07-02T19:45:00","modified_gmt":"2024-07-02T19:45:00","slug":"parana-unidades-de-saude-continuam-mobilizadas-na-vacinacao-contra-a-gripe","status":"publish","type":"post","link":"https:\/\/noticiasdestaque.com.br\/index.php\/2024\/07\/02\/parana-unidades-de-saude-continuam-mobilizadas-na-vacinacao-contra-a-gripe\/","title":{"rendered":"PARAN\u00c1: Unidades de sa\u00fade continuam mobilizadas na vacina\u00e7\u00e3o contra a gripe"},"content":{"rendered":"<p>Unidades de sa\u00fade do SUS continuam campanha de vacina\u00e7\u00e3o contra a gripe em todo estado do Paran\u00e1. De acordo com o Minist\u00e9rio da Sa\u00fade, a vacina salva vidas e previne milh\u00f5es de casos graves e \u00f3bitos pela infec\u00e7\u00e3o causada pelo v\u00edrus da influenza.<\/p>\n<p>A mobiliza\u00e7\u00e3o dos munic\u00edpios paranaenses pela Campanha de Vacina\u00e7\u00e3o Contra a Gripe j\u00e1 contabiliza 2,3 milh\u00f5es de doses aplicadas. At\u00e9 o momento, 43% do grupo priorit\u00e1rio da a\u00e7\u00e3o \u2013 composto por 4,5 milh\u00f5es de pessoas \u2013 receberam a dose da vacina no estado. Os dados s\u00e3o do <a href=\"https:\/\/infoms.saude.gov.br\/extensions\/SEIDIGI_DEMAS_INFLUENZA_2024_RESIDENCIA\/SEIDIGI_DEMAS_INFLUENZA_2024_RESIDENCIA.html\" target=\"_blank\">painel de imuniza\u00e7\u00f5es do Minist\u00e9rio da Sa\u00fade<\/a>. <\/p>\n<p>A meta das autoridades de sa\u00fade \u00e9 vacinar 90% de cada um dos grupos priorit\u00e1rios \u2014 como gestantes, idosos, crian\u00e7as e povos ind\u00edgenas. Mas, por conta da disponibilidade de doses, o Minist\u00e9rio autorizou, no come\u00e7o de maio, a amplia\u00e7\u00e3o da imuniza\u00e7\u00e3o para todas as pessoas acima dos seis meses de idade. <\/p>\n<p>Segundo o diretor do Departamento do Programa Nacional de Imuniza\u00e7\u00f5es do Minist\u00e9rio da Sa\u00fade, Eder Gatti, a medida busca garantir uma maior cobertura vacinal e, consequentemente, uma redu\u00e7\u00e3o nas complica\u00e7\u00f5es e interna\u00e7\u00f5es causadas pela gripe.<\/p>\n<p>\u201cEnt\u00e3o, se h\u00e1 disponibilidade da vacina e o v\u00edrus da influenza \u2013 da gripe \u2013 est\u00e1 circulando, n\u00f3s devemos ampliar o acesso das pessoas para que elas se vacinem, diminuam seu risco de adoecimento de formas graves da doen\u00e7a e diminuam a circula\u00e7\u00e3o do v\u00edrus na comunidade.&#8221;<\/p>\n<p>A Secretaria de Estado da Sa\u00fade do Paran\u00e1 informa que o imunizante est\u00e1 dispon\u00edvel nos 399 munic\u00edpios paranaenses. <\/p>\n<p>Segundo o secret\u00e1rio de Sa\u00fade, Beto Preto, a vacina\u00e7\u00e3o contra a gripe \u00e9 fundamental para diminuir os casos de interna\u00e7\u00e3o em decorr\u00eancia do agravamento da doen\u00e7a, especialmente com a chegada do frio no inverno.<\/p>\n<p>\u201cEsse \u00e9 o momento de fazer com que a imuniza\u00e7\u00e3o, entrando na sua vida, consiga nos ajudar a diminuir tamb\u00e9m o n\u00famero de pessoas que acessam os servi\u00e7os de sa\u00fade em todos os munic\u00edpios; seja nas UPAs, seja no hospital de pequeno porte dos munic\u00edpios menores, seja na unidade b\u00e1sica de sa\u00fade ou ainda al\u00e7ando a porta do pronto-socorro dos grandes hospitais.\u201d<\/p>\n<p>A advogada Martine Jadoul, de 56 anos, moradora do bairro Semin\u00e1rio, na capital Curitiba, tomou a vacina contra a gripe no final do m\u00eas de abril. Para ela, se imunizar \u00e9 um ato de cidadania.<\/p>\n<p>\u201cPenso que, como cidad\u00e3, [tomar a vacina] \u00e9 uma auto-responsabiliza\u00e7\u00e3o. Tomando as vacinas que est\u00e3o \u00e0 minha disposi\u00e7\u00e3o \u00e9 n\u00e3o sobrecarregar o sistema de sa\u00fade que j\u00e1 anda t\u00e3o sobrecarregado. \u00c9 tamb\u00e9m me proteger e proteger os outros, porque caso eu a pegue, mesmo depois da vacina, ela certamente n\u00e3o ser\u00e1 t\u00e3o grave quanto poderia ser, se eu n\u00e3o tivesse tomado a vacina.\u201d<\/p>\n<p>Segundo o painel do Minist\u00e9rio, na capital Curitiba, foram aplicadas 249 mil doses. A cobertura vacinal do p\u00fablico priorit\u00e1rio est\u00e1 em quase 23%. <\/p>\n<p>Na capital, a vacina contra a gripe est\u00e1 dispon\u00edvel em 108 unidades de sa\u00fade. Para conferir os endere\u00e7os, basta acessar o <a href=\"https:\/\/imunizaja.curitiba.pr.gov.br\/\" target=\"_blank\">portal do Imuniza J\u00e1 Curitiba<\/a>.<\/p>\n<p>Fa\u00e7a parte do Movimento Nacional Pela Vacina\u00e7\u00e3o e diga sim para a vacina contra a gripe. Procure uma Unidade B\u00e1sica de Sa\u00fade com a Caderneta de Vacina\u00e7\u00e3o ou documento com foto.<\/p>\n<p>Para mais informa\u00e7\u00f5es, acesse: <a href=\"https:\/\/www.gov.br\/saude\/pt-br\/campanhas-da-saude\/vacinacao\" target=\"_blank\">www.gov.br\/vacinacao<\/a>. <\/p>\n<p><strong><a href=\"https:\/\/brasil61.com\/n\/vsr-fiocruz-alerta-para-o-aumento-nas-internacoes-por-infeccoes-respiratorias-bras2411578\" target=\"_blank\">VSR: Fiocruz alerta para o aumento nas interna\u00e7\u00f5es por infec\u00e7\u00f5es respirat\u00f3rias<\/a><\/strong><\/p>\n<p><strong><a href=\"https:\/\/brasil61.com\/n\/casos-de-srag-registram-aumento-continuo-no-brasil-alerta-fiocruz-bras2411542\" target=\"_blank\">Casos de SRAG registram aumento cont\u00ednuo no Brasil; alerta Fiocruz<\/a><\/strong><\/p>\n<p><strong><a href=\"https:\/\/brasil61.com\/n\/brasil-registra-sinalizacao-de-queda-no-numero-de-casos-de-sindrome-respiratoria-aguda-grave-bras2411428\" target=\"_blank\">Brasil registra sinaliza\u00e7\u00e3o de queda no n\u00famero de casos de S\u00edndrome Respirat\u00f3ria Aguda Grave<\/a><\/strong><\/p>\n<p> Fonte: Brasil61<\/p>\n<input type=\"hidden\" id=\"baseurl\" value=\"https:\/\/noticiasdestaque.com.br\"><input type=\"hidden\" id=\"audio_nonce\" value=\"6a24ca502e\">","protected":false},"excerpt":{"rendered":"<p>Meta do Minist\u00e9rio da Sa\u00fade \u00e9 vacinar 90% de cada um dos grupos priorit\u00e1rios, como gestantes, idosos, crian\u00e7as e povos ind\u00edgenas<\/p>\n","protected":false},"author":1,"featured_media":14287,"comment_status":"open","ping_status":"open","sticky":false,"template":"","format":"standard","meta":{"fifu_image_url":"","fifu_image_alt":"","footnotes":""},"categories":[1],"tags":[112],"class_list":["post-14285","post","type-post","status-publish","format-standard","has-post-thumbnail","hentry","category-uncategorized","tag-energreener"],"distributor_meta":false,"distributor_terms":false,"distributor_media":false,"distributor_original_site_name":"Noticias em Destaque","distributor_original_site_url":"https:\/\/noticiasdestaque.com.br","push-errors":false,"_links":{"self":[{"href":"https:\/\/noticiasdestaque.com.br\/index.php\/wp-json\/wp\/v2\/posts\/14285","targetHints":{"allow":["GET"]}}],"collection":[{"href":"https:\/\/noticiasdestaque.com.br\/index.php\/wp-json\/wp\/v2\/posts"}],"about":[{"href":"https:\/\/noticiasdestaque.com.br\/index.php\/wp-json\/wp\/v2\/types\/post"}],"author":[{"embeddable":true,"href":"https:\/\/noticiasdestaque.com.br\/index.php\/wp-json\/wp\/v2\/users\/1"}],"replies":[{"embeddable":true,"href":"https:\/\/noticiasdestaque.com.br\/index.php\/wp-json\/wp\/v2\/comments?post=14285"}],"version-history":[{"count":1,"href":"https:\/\/noticiasdestaque.com.br\/index.php\/wp-json\/wp\/v2\/posts\/14285\/revisions"}],"predecessor-version":[{"id":14286,"href":"https:\/\/noticiasdestaque.com.br\/index.php\/wp-json\/wp\/v2\/posts\/14285\/revisions\/14286"}],"wp:featuredmedia":[{"embeddable":true,"href":"https:\/\/noticiasdestaque.com.br\/index.php\/wp-json\/wp\/v2\/media\/14287"}],"wp:attachment":[{"href":"https:\/\/noticiasdestaque.com.br\/index.php\/wp-json\/wp\/v2\/media?parent=14285"}],"wp:term":[{"taxonomy":"category","embeddable":true,"href":"https:\/\/noticiasdestaque.com.br\/index.php\/wp-json\/wp\/v2\/categories?post=14285"},{"taxonomy":"post_tag","embeddable":true,"href":"https:\/\/noticiasdestaque.com.br\/index.php\/wp-json\/wp\/v2\/tags?post=14285"}],"curies":[{"name":"wp","href":"https:\/\/api.w.org\/{rel}","templated":true}]}}