{"id":14282,"date":"2024-07-02T19:15:00","date_gmt":"2024-07-02T19:15:00","guid":{"rendered":"https:\/\/noticiasdestaque.com.br\/index.php\/2024\/07\/02\/santa-catarina-municipios-mobilizados-na-vacinacao-contra-a-gripe\/"},"modified":"2024-07-02T19:15:00","modified_gmt":"2024-07-02T19:15:00","slug":"santa-catarina-municipios-mobilizados-na-vacinacao-contra-a-gripe","status":"publish","type":"post","link":"https:\/\/noticiasdestaque.com.br\/index.php\/2024\/07\/02\/santa-catarina-municipios-mobilizados-na-vacinacao-contra-a-gripe\/","title":{"rendered":"SANTA CATARINA: Munic\u00edpios mobilizados na vacina\u00e7\u00e3o contra a gripe"},"content":{"rendered":"<p>Unidades de sa\u00fade do SUS continuam campanha de vacina\u00e7\u00e3o contra a gripe em todo estado de Santa Catarina. De acordo com o Minist\u00e9rio da Sa\u00fade, a vacina salva vidas e previne milh\u00f5es de casos graves e \u00f3bitos pela infec\u00e7\u00e3o causada pelo v\u00edrus da influenza.<\/p>\n<p>A mobiliza\u00e7\u00e3o dos munic\u00edpios catarinenses pela Campanha de Vacina\u00e7\u00e3o Contra a Gripe j\u00e1 contabiliza quase 1,7 milh\u00e3o de doses aplicadas. At\u00e9 o momento, 48% do grupo priorit\u00e1rio da a\u00e7\u00e3o \u2013 composto por 3 milh\u00f5es de pessoas \u2013 receberam a dose da vacina no estado. Os dados s\u00e3o do <a href=\"https:\/\/infoms.saude.gov.br\/extensions\/SEIDIGI_DEMAS_INFLUENZA_2024_RESIDENCIA\/SEIDIGI_DEMAS_INFLUENZA_2024_RESIDENCIA.html\" target=\"_blank\">painel de imuniza\u00e7\u00f5es do Minist\u00e9rio da Sa\u00fade<\/a>. <\/p>\n<p>A meta das autoridades de sa\u00fade \u00e9 vacinar 90% de cada um dos grupos priorit\u00e1rios \u2014 como gestantes, idosos, crian\u00e7as e povos ind\u00edgenas. Mas, por conta da disponibilidade de doses, o Minist\u00e9rio autorizou, no come\u00e7o de maio, a amplia\u00e7\u00e3o da imuniza\u00e7\u00e3o para todas as pessoas acima dos seis meses de idade. <\/p>\n<p>Segundo o diretor do Departamento do Programa Nacional de Imuniza\u00e7\u00f5es do Minist\u00e9rio da Sa\u00fade, Eder Gatti, a medida busca garantir uma maior cobertura vacinal e, consequentemente, uma redu\u00e7\u00e3o nas complica\u00e7\u00f5es e interna\u00e7\u00f5es causadas pela gripe.<\/p>\n<p>\u201cEnt\u00e3o, se h\u00e1 disponibilidade da vacina e o v\u00edrus da influenza \u2013 da gripe \u2013 est\u00e1 circulando, n\u00f3s devemos ampliar o acesso das pessoas para que elas se vacinem, diminuam seu risco de adoecimento de formas graves da doen\u00e7a e diminuam a circula\u00e7\u00e3o do v\u00edrus na comunidade.&#8221;<\/p>\n<p>A gerente administrativa Kalinka Fran\u00e7oise da Silva, de 31 anos \u2014 moradora do bairro S\u00e3o Sebasti\u00e3o, na cidade Campos Novos, em Santa Catarina \u2014, toma a vacina da gripe anualmente desde 2017. Mesmo n\u00e3o fazendo parte do grupo priorit\u00e1rio, ela destaca a import\u00e2ncia de se imunizar para proteger as pessoas \u00e0 sua volta.<\/p>\n<p>\u201cN\u00e3o sou de nenhum grupo de risco. Por\u00e9m, convivo com pessoas que s\u00e3o de grupo de risco, como os meus pais, que s\u00e3o pessoas idosas, que j\u00e1 possuem alguns problemas como diabetes e press\u00e3o alta. Ent\u00e3o vem a import\u00e2ncia de n\u00e3o transmitir o v\u00edrus para pessoas que possam ter complica\u00e7\u00f5es maiores.\u201d<\/p>\n<p>A moradora de Campos Novos avalia que a estrat\u00e9gia de vacina\u00e7\u00e3o contra a gripe na cidade \u00e9 \u201csatisfat\u00f3ria\u201d.<\/p>\n<p>\u201cAl\u00e9m disso, eu tamb\u00e9m vejo divulga\u00e7\u00e3o nos meios de comunica\u00e7\u00e3o aqui, na cidade, que existe a disponibilidade de vacinas gratuitas tamb\u00e9m no sistema p\u00fablico de sa\u00fade.\u201d<\/p>\n<p>Segundo o painel do Minist\u00e9rio, em Campos Novos, cidade da Kalinka, foram aplicadas quase 9 mil doses. A cobertura vacinal do p\u00fablico priorit\u00e1rio est\u00e1 em 46%.<\/p>\n<p>Em nota, a Secretaria de Sa\u00fade de Santa Catarina sugeriu a\u00e7\u00f5es para todos os 295 munic\u00edpios do estado, considerando a realidade local de cada territ\u00f3rio. Entre elas: verificar os cart\u00f5es de vacina e realizar a vacina\u00e7\u00e3o contra a gripe nas escolas, com aviso pr\u00e9vio aos pais ou respons\u00e1veis dos alunos; desenvolver estrat\u00e9gias de comunica\u00e7\u00e3o e mobiliza\u00e7\u00e3o social adaptadas a cada comunidade escolar; capacitar os profissionais de sa\u00fade e de educa\u00e7\u00e3o para multiplicarem as informa\u00e7\u00f5es sobre a import\u00e2ncia da vacina; al\u00e9m do monitoramento constante das a\u00e7\u00f5es implementadas.<\/p>\n<p>Fa\u00e7a parte do Movimento Nacional Pela Vacina\u00e7\u00e3o e diga sim para a vacina contra a gripe. Procure uma Unidade B\u00e1sica de Sa\u00fade com a Caderneta de Vacina\u00e7\u00e3o ou documento com foto.<\/p>\n<p>Para mais informa\u00e7\u00f5es, acesse: <a href=\"https:\/\/www.gov.br\/saude\/pt-br\/campanhas-da-saude\/vacinacao\" target=\"_blank\">www.gov.br\/vacinacao<\/a>. <\/p>\n<p><strong><a href=\"https:\/\/brasil61.com\/n\/vsr-fiocruz-alerta-para-o-aumento-nas-internacoes-por-infeccoes-respiratorias-bras2411578\" target=\"_blank\">VSR: Fiocruz alerta para o aumento nas interna\u00e7\u00f5es por infec\u00e7\u00f5es respirat\u00f3rias<\/a><\/strong><\/p>\n<p><strong><a href=\"https:\/\/brasil61.com\/n\/casos-de-srag-registram-aumento-continuo-no-brasil-alerta-fiocruz-bras2411542\" target=\"_blank\">Casos de SRAG registram aumento cont\u00ednuo no Brasil; alerta Fiocruz<\/a><\/strong><\/p>\n<p><strong><a href=\"https:\/\/brasil61.com\/n\/brasil-registra-sinalizacao-de-queda-no-numero-de-casos-de-sindrome-respiratoria-aguda-grave-bras2411428\" target=\"_blank\">Brasil registra sinaliza\u00e7\u00e3o de queda no n\u00famero de casos de S\u00edndrome Respirat\u00f3ria Aguda Grave<\/a><\/strong><\/p>\n<p> Fonte: Brasil61<\/p>\n<input type=\"hidden\" id=\"baseurl\" value=\"https:\/\/noticiasdestaque.com.br\"><input type=\"hidden\" id=\"audio_nonce\" value=\"6a24ca502e\">","protected":false},"excerpt":{"rendered":"<p>Meta do Minist\u00e9rio da Sa\u00fade \u00e9 vacinar 90% de cada um dos grupos priorit\u00e1rios, como gestantes, idosos, crian\u00e7as e povos ind\u00edgenas<\/p>\n","protected":false},"author":1,"featured_media":14284,"comment_status":"open","ping_status":"open","sticky":false,"template":"","format":"standard","meta":{"fifu_image_url":"","fifu_image_alt":"","footnotes":""},"categories":[1],"tags":[112],"class_list":["post-14282","post","type-post","status-publish","format-standard","has-post-thumbnail","hentry","category-uncategorized","tag-energreener"],"distributor_meta":false,"distributor_terms":false,"distributor_media":false,"distributor_original_site_name":"Noticias em Destaque","distributor_original_site_url":"https:\/\/noticiasdestaque.com.br","push-errors":false,"_links":{"self":[{"href":"https:\/\/noticiasdestaque.com.br\/index.php\/wp-json\/wp\/v2\/posts\/14282","targetHints":{"allow":["GET"]}}],"collection":[{"href":"https:\/\/noticiasdestaque.com.br\/index.php\/wp-json\/wp\/v2\/posts"}],"about":[{"href":"https:\/\/noticiasdestaque.com.br\/index.php\/wp-json\/wp\/v2\/types\/post"}],"author":[{"embeddable":true,"href":"https:\/\/noticiasdestaque.com.br\/index.php\/wp-json\/wp\/v2\/users\/1"}],"replies":[{"embeddable":true,"href":"https:\/\/noticiasdestaque.com.br\/index.php\/wp-json\/wp\/v2\/comments?post=14282"}],"version-history":[{"count":1,"href":"https:\/\/noticiasdestaque.com.br\/index.php\/wp-json\/wp\/v2\/posts\/14282\/revisions"}],"predecessor-version":[{"id":14283,"href":"https:\/\/noticiasdestaque.com.br\/index.php\/wp-json\/wp\/v2\/posts\/14282\/revisions\/14283"}],"wp:featuredmedia":[{"embeddable":true,"href":"https:\/\/noticiasdestaque.com.br\/index.php\/wp-json\/wp\/v2\/media\/14284"}],"wp:attachment":[{"href":"https:\/\/noticiasdestaque.com.br\/index.php\/wp-json\/wp\/v2\/media?parent=14282"}],"wp:term":[{"taxonomy":"category","embeddable":true,"href":"https:\/\/noticiasdestaque.com.br\/index.php\/wp-json\/wp\/v2\/categories?post=14282"},{"taxonomy":"post_tag","embeddable":true,"href":"https:\/\/noticiasdestaque.com.br\/index.php\/wp-json\/wp\/v2\/tags?post=14282"}],"curies":[{"name":"wp","href":"https:\/\/api.w.org\/{rel}","templated":true}]}}