{"id":14279,"date":"2024-07-02T16:45:00","date_gmt":"2024-07-02T16:45:00","guid":{"rendered":"https:\/\/noticiasdestaque.com.br\/index.php\/2024\/07\/02\/belo-horizonte-mg-com-cobertura-vacinal-contra-gripe-abaixo-dos-campanha-de-vacinacao-continua-na-cidade\/"},"modified":"2024-07-02T16:45:00","modified_gmt":"2024-07-02T16:45:00","slug":"belo-horizonte-mg-com-cobertura-vacinal-contra-gripe-abaixo-dos-campanha-de-vacinacao-continua-na-cidade","status":"publish","type":"post","link":"https:\/\/noticiasdestaque.com.br\/index.php\/2024\/07\/02\/belo-horizonte-mg-com-cobertura-vacinal-contra-gripe-abaixo-dos-campanha-de-vacinacao-continua-na-cidade\/","title":{"rendered":"BELO HORIZONTE (MG): com cobertura vacinal contra gripe abaixo dos 35%, campanha de vacina\u00e7\u00e3o continua na cidade"},"content":{"rendered":"<p>Com uma cobertura vacinal de 34%, a prefeitura de Belo Horizonte, em Minas Gerais, decidiu manter a vacina\u00e7\u00e3o contra a gripe na popula\u00e7\u00e3o enquanto durarem os estoques do imunizante. A mobiliza\u00e7\u00e3o pela Campanha Nacional de Vacina\u00e7\u00e3o contra a Gripe do Minist\u00e9rio da Sa\u00fade continua no estado, com a meta das autoridades de sa\u00fade de vacinar 90% de cada um dos grupos priorit\u00e1rios \u2014 como gestantes, idosos, crian\u00e7as e povos ind\u00edgenas. <\/p>\n<p>Segundo os dados do <a href=\"https:\/\/infoms.saude.gov.br\/extensions\/SEIDIGI_DEMAS_INFLUENZA_2024_RESIDENCIA\/SEIDIGI_DEMAS_INFLUENZA_2024_RESIDENCIA.html\" target=\"_blank\">painel de imuniza\u00e7\u00f5es do Minist\u00e9rio<\/a>, BH j\u00e1 contabilizou mais de 475 mil doses aplicadas. <\/p>\n<p>Por conta da disponibilidade de doses, o Minist\u00e9rio autorizou, em maio, a amplia\u00e7\u00e3o da imuniza\u00e7\u00e3o para todas as pessoas acima dos seis meses de idade. Segundo o diretor do Departamento do Programa Nacional de Imuniza\u00e7\u00f5es do Minist\u00e9rio da Sa\u00fade, Eder Gatti, a medida busca garantir uma maior cobertura vacinal e, consequentemente, uma redu\u00e7\u00e3o nas complica\u00e7\u00f5es e interna\u00e7\u00f5es causadas pela gripe.<\/p>\n<p>\u201cEnt\u00e3o, se h\u00e1 disponibilidade da vacina e o v\u00edrus da influenza \u2013 da gripe \u2013 est\u00e1 circulando, n\u00f3s devemos ampliar o acesso das pessoas para que elas se vacinem, diminuam seu risco de adoecimento de formas graves da doen\u00e7a e diminuam a circula\u00e7\u00e3o do v\u00edrus na comunidade.&#8221;<\/p>\n<p>A engenheira civil Bruna Cristina Gon\u00e7alves da Silva, de 39 anos, moradora do bairro Hava\u00ed em Belo Horizonte, ainda n\u00e3o tomou a vacina contra a gripe. Para ela, a extens\u00e3o do prazo \u00e9 uma nova chance de se imunizar.<\/p>\n<p>\u201cJ\u00e1 vou me programar para tomar; todos os anos eu tomo. Acho de extrema import\u00e2ncia, principalmente agora nessa \u00e9poca do ano que a gente acaba tendo contato com muitas doen\u00e7as respirat\u00f3rias, esse tempo seco. Ent\u00e3o, \u00e9 importante porque, quando a gente \u00e9 vacinado, o nosso organismo j\u00e1 conhece aquele v\u00edrus, ent\u00e3o ele reage. Pode ser que a gente tenha contato com a doen\u00e7a, mas a gente n\u00e3o chega a adoecer, porque mesmo que voc\u00ea pegue a gripe, ela vai ter um sintoma mais brando.\u201d<\/p>\n<p>O subsecret\u00e1rio de Vigil\u00e2ncia em Sa\u00fade de Minas Gerais, Eduardo Prosdocimi, convida a popula\u00e7\u00e3o mineira a comparecer aos postos de vacina\u00e7\u00e3o.<\/p>\n<p>\u201cA vacina da influenza est\u00e1 dispon\u00edvel nos postos de sa\u00fade e a gente chama a popula\u00e7\u00e3o para que tome a vacina e que com isso a gente tenha um per\u00edodo sazonal com menor n\u00famero de interna\u00e7\u00f5es, menor n\u00famero de casos graves que a vacina certamente contribui para um cen\u00e1rio melhor.\u201d<\/p>\n<p>Em Belo Horizonte, as doses est\u00e3o dispon\u00edveis nos 152 centros de sa\u00fade da cidade, de segunda a sexta-feira, das 08h \u00e0s 17h. A prefeitura tamb\u00e9m fez uma parceria com as redes de farm\u00e1cia Droga Clara e Drogaria Ara\u00fajo, onde todo o p\u00fablico \u2014 com exce\u00e7\u00e3o das crian\u00e7as menores de 9 anos \u2014 pode receber a vacina de forma gratuita. <\/p>\n<p>Fa\u00e7a parte do Movimento Nacional Pela Vacina\u00e7\u00e3o e diga sim para a vacina contra a gripe. Procure uma Unidade B\u00e1sica de Sa\u00fade com a Caderneta de Vacina\u00e7\u00e3o ou documento com foto.<\/p>\n<p>Para mais informa\u00e7\u00f5es, acesse: <a href=\"https:\/\/www.gov.br\/saude\/pt-br\/campanhas-da-saude\/vacinacao\" target=\"_blank\">www.gov.br\/vacinacao<\/a>.<\/p>\n<p><strong><a href=\"https:\/\/brasil61.com\/n\/vsr-fiocruz-alerta-para-o-aumento-nas-internacoes-por-infeccoes-respiratorias-bras2411578\" target=\"_blank\">VSR: Fiocruz alerta para o aumento nas interna\u00e7\u00f5es por infec\u00e7\u00f5es respirat\u00f3rias<\/a><\/strong><\/p>\n<p><strong><a href=\"https:\/\/brasil61.com\/n\/casos-de-srag-registram-aumento-continuo-no-brasil-alerta-fiocruz-bras2411542\" target=\"_blank\">Casos de SRAG registram aumento cont\u00ednuo no Brasil; alerta Fiocruz<\/a><\/strong><\/p>\n<p><strong><a href=\"https:\/\/brasil61.com\/n\/brasil-registra-sinalizacao-de-queda-no-numero-de-casos-de-sindrome-respiratoria-aguda-grave-bras2411428\" target=\"_blank\">Brasil registra sinaliza\u00e7\u00e3o de queda no n\u00famero de casos de S\u00edndrome Respirat\u00f3ria Aguda Grave<\/a><\/strong><\/p>\n<p> Fonte: Brasil61<\/p>\n<input type=\"hidden\" id=\"baseurl\" value=\"https:\/\/noticiasdestaque.com.br\"><input type=\"hidden\" id=\"audio_nonce\" value=\"6a24ca502e\">","protected":false},"excerpt":{"rendered":"<p>Meta do Minist\u00e9rio da Sa\u00fade \u00e9 vacinar 90% de cada um dos grupos priorit\u00e1rios, como gestantes, idosos, crian\u00e7as e povos ind\u00edgenas<\/p>\n","protected":false},"author":1,"featured_media":14281,"comment_status":"open","ping_status":"open","sticky":false,"template":"","format":"standard","meta":{"fifu_image_url":"","fifu_image_alt":"","footnotes":""},"categories":[1],"tags":[112],"class_list":["post-14279","post","type-post","status-publish","format-standard","has-post-thumbnail","hentry","category-uncategorized","tag-energreener"],"distributor_meta":false,"distributor_terms":false,"distributor_media":false,"distributor_original_site_name":"Noticias em Destaque","distributor_original_site_url":"https:\/\/noticiasdestaque.com.br","push-errors":false,"_links":{"self":[{"href":"https:\/\/noticiasdestaque.com.br\/index.php\/wp-json\/wp\/v2\/posts\/14279","targetHints":{"allow":["GET"]}}],"collection":[{"href":"https:\/\/noticiasdestaque.com.br\/index.php\/wp-json\/wp\/v2\/posts"}],"about":[{"href":"https:\/\/noticiasdestaque.com.br\/index.php\/wp-json\/wp\/v2\/types\/post"}],"author":[{"embeddable":true,"href":"https:\/\/noticiasdestaque.com.br\/index.php\/wp-json\/wp\/v2\/users\/1"}],"replies":[{"embeddable":true,"href":"https:\/\/noticiasdestaque.com.br\/index.php\/wp-json\/wp\/v2\/comments?post=14279"}],"version-history":[{"count":1,"href":"https:\/\/noticiasdestaque.com.br\/index.php\/wp-json\/wp\/v2\/posts\/14279\/revisions"}],"predecessor-version":[{"id":14280,"href":"https:\/\/noticiasdestaque.com.br\/index.php\/wp-json\/wp\/v2\/posts\/14279\/revisions\/14280"}],"wp:featuredmedia":[{"embeddable":true,"href":"https:\/\/noticiasdestaque.com.br\/index.php\/wp-json\/wp\/v2\/media\/14281"}],"wp:attachment":[{"href":"https:\/\/noticiasdestaque.com.br\/index.php\/wp-json\/wp\/v2\/media?parent=14279"}],"wp:term":[{"taxonomy":"category","embeddable":true,"href":"https:\/\/noticiasdestaque.com.br\/index.php\/wp-json\/wp\/v2\/categories?post=14279"},{"taxonomy":"post_tag","embeddable":true,"href":"https:\/\/noticiasdestaque.com.br\/index.php\/wp-json\/wp\/v2\/tags?post=14279"}],"curies":[{"name":"wp","href":"https:\/\/api.w.org\/{rel}","templated":true}]}}