{"id":14276,"date":"2024-07-02T16:15:00","date_gmt":"2024-07-02T16:15:00","guid":{"rendered":"https:\/\/noticiasdestaque.com.br\/index.php\/2024\/07\/02\/maranhao-mais-de-do-grupo-prioritario-ainda-nao-se-imunizou-contra-a-gripe\/"},"modified":"2024-07-02T16:15:00","modified_gmt":"2024-07-02T16:15:00","slug":"maranhao-mais-de-do-grupo-prioritario-ainda-nao-se-imunizou-contra-a-gripe","status":"publish","type":"post","link":"https:\/\/noticiasdestaque.com.br\/index.php\/2024\/07\/02\/maranhao-mais-de-do-grupo-prioritario-ainda-nao-se-imunizou-contra-a-gripe\/","title":{"rendered":"MARANH\u00c3O: Mais de 60% do grupo priorit\u00e1rio ainda n\u00e3o se imunizou contra a gripe"},"content":{"rendered":"<p>As unidades de sa\u00fade do SUS seguem mobilizadas em todo o estado do Maranh\u00e3o contra a gripe. A campanha de vacina\u00e7\u00e3o nos munic\u00edpios maranhenses contabiliza mais de 1 milh\u00e3o de doses aplicadas. At\u00e9 o momento, 37% do grupo priorit\u00e1rio da a\u00e7\u00e3o \u2013 composto por quase 2,6 milh\u00f5es de pessoas \u2013 receberam a dose da vacina no estado. Os dados s\u00e3o do <a href=\"https:\/\/infoms.saude.gov.br\/extensions\/SEIDIGI_DEMAS_INFLUENZA_2024_RESIDENCIA\/SEIDIGI_DEMAS_INFLUENZA_2024_RESIDENCIA.html\" target=\"_blank\">painel de imuniza\u00e7\u00f5es do Minist\u00e9rio da Sa\u00fade<\/a>. <\/p>\n<p>A meta das autoridades de sa\u00fade \u00e9 vacinar 90% de cada um dos grupos priorit\u00e1rios \u2014 como gestantes, idosos, crian\u00e7as e povos ind\u00edgenas. Mas, por conta da disponibilidade de doses, o Minist\u00e9rio autorizou a amplia\u00e7\u00e3o da imuniza\u00e7\u00e3o para todas as pessoas acima dos seis meses de idade. <\/p>\n<p>Segundo o diretor do Departamento do Programa Nacional de Imuniza\u00e7\u00f5es do Minist\u00e9rio da Sa\u00fade, Eder Gatti, a medida busca garantir uma maior cobertura vacinal e, consequentemente, uma redu\u00e7\u00e3o nas complica\u00e7\u00f5es e interna\u00e7\u00f5es causadas pela gripe.<\/p>\n<p>\u201cEnt\u00e3o, se h\u00e1 disponibilidade da vacina e o v\u00edrus da influenza \u2013 da gripe \u2013 est\u00e1 circulando, n\u00f3s devemos ampliar o acesso das pessoas para que elas se vacinem, diminuam seu risco de adoecimento de formas graves da doen\u00e7a e diminuam a circula\u00e7\u00e3o do v\u00edrus na comunidade.&#8221;<\/p>\n<p>A estudante Nikelly da Silva Vale Rodrigues, de 20 anos, moradora do Bairro da Torre, do munic\u00edpio de Campestre do Maranh\u00e3o (MA), n\u00e3o faz parte do grupo priorit\u00e1rio da vacina\u00e7\u00e3o, mas tomou a dose como forma de proteger tamb\u00e9m as pessoas com quem convive.<\/p>\n<p>\u201cNo meu caso, eu convivo com idosos que s\u00e3o do grupo de risco e eu, tomando a vacina, tamb\u00e9m estou imunizando-os. E a estrat\u00e9gia de vacina\u00e7\u00e3o na minha cidade est\u00e1 de f\u00e1cil acesso.\u201d<\/p>\n<p>Em Campestre do Maranh\u00e3o, as doses est\u00e3o dispon\u00edveis nas Unidades B\u00e1sicas de Sa\u00fade Justino Teixeira de Miranda, M\u00e3e Zefinha e Gilson de Oliveira. Segundo o painel do Minist\u00e9rio, na cidade da Nikelly, foram aplicadas mais de 1.600 doses. A cobertura vacinal do p\u00fablico priorit\u00e1rio est\u00e1 em cerca de 31%.<\/p>\n<p>O especialista Andr\u00e9 Prudente atesta: mais de 80% das pessoas vacinadas contra a gripe n\u00e3o v\u00e3o adoecer; e mesmo os que adoecerem ter\u00e3o um quadro leve da doen\u00e7a. <\/p>\n<p>\u201cE \u00e9 importante dizer que a gripe \u00e9 provocada por um v\u00edrus chamado Influenza, que \u00e9 uma doen\u00e7a completamente diferente dos resfriados. Ent\u00e3o, a vacina n\u00e3o protege contra o resfriado. O resfriado comum \u00e9 quando a pessoa est\u00e1 espirrando, o nariz est\u00e1 obstru\u00eddo, \u00e0s vezes tem uma coriza, mas fora isso n\u00e3o traz grandes repercuss\u00f5es. J\u00e1 a gripe pode dar bastante febre, muita dor no corpo e acomete o pulm\u00e3o, inclusive podendo levar a agravamento e at\u00e9 a \u00f3bito. Ent\u00e3o, por isso, \u00e9 important\u00edssimo que todo mundo se vacine contra a gripe.\u201d<\/p>\n<p>Fa\u00e7a parte do Movimento Nacional Pela Vacina\u00e7\u00e3o e diga sim para a vacina contra a gripe. Procure uma Unidade B\u00e1sica de Sa\u00fade com a Caderneta de Vacina\u00e7\u00e3o ou documento com foto.<\/p>\n<p>Para mais informa\u00e7\u00f5es, acesse: <a href=\"https:\/\/www.gov.br\/saude\/pt-br\/campanhas-da-saude\/vacinacao\" target=\"_blank\">www.gov.br\/vacinacao<\/a>.<\/p>\n<p><strong><a href=\"https:\/\/brasil61.com\/n\/vsr-fiocruz-alerta-para-o-aumento-nas-internacoes-por-infeccoes-respiratorias-bras2411578\" target=\"_blank\">VSR: Fiocruz alerta para o aumento nas interna\u00e7\u00f5es por infec\u00e7\u00f5es respirat\u00f3rias<\/a><\/strong><\/p>\n<p><strong><a href=\"https:\/\/brasil61.com\/n\/casos-de-srag-registram-aumento-continuo-no-brasil-alerta-fiocruz-bras2411542\" target=\"_blank\">Casos de SRAG registram aumento cont\u00ednuo no Brasil; alerta Fiocruz<\/a><\/strong><\/p>\n<p><strong><a href=\"https:\/\/brasil61.com\/n\/brasil-registra-sinalizacao-de-queda-no-numero-de-casos-de-sindrome-respiratoria-aguda-grave-bras2411428\" target=\"_blank\">Brasil registra sinaliza\u00e7\u00e3o de queda no n\u00famero de casos de S\u00edndrome Respirat\u00f3ria Aguda Grave<\/a><\/strong><\/p>\n<p> Fonte: Brasil61<\/p>\n<input type=\"hidden\" id=\"baseurl\" value=\"https:\/\/noticiasdestaque.com.br\"><input type=\"hidden\" id=\"audio_nonce\" value=\"6a24ca502e\">","protected":false},"excerpt":{"rendered":"<p>Meta do Minist\u00e9rio da Sa\u00fade \u00e9 vacinar 90% de cada um dos grupos priorit\u00e1rios, como gestantes, idosos, crian\u00e7as e povos ind\u00edgenas<\/p>\n","protected":false},"author":1,"featured_media":14278,"comment_status":"open","ping_status":"open","sticky":false,"template":"","format":"standard","meta":{"fifu_image_url":"","fifu_image_alt":"","footnotes":""},"categories":[1],"tags":[112],"class_list":["post-14276","post","type-post","status-publish","format-standard","has-post-thumbnail","hentry","category-uncategorized","tag-energreener"],"distributor_meta":false,"distributor_terms":false,"distributor_media":false,"distributor_original_site_name":"Noticias em Destaque","distributor_original_site_url":"https:\/\/noticiasdestaque.com.br","push-errors":false,"_links":{"self":[{"href":"https:\/\/noticiasdestaque.com.br\/index.php\/wp-json\/wp\/v2\/posts\/14276","targetHints":{"allow":["GET"]}}],"collection":[{"href":"https:\/\/noticiasdestaque.com.br\/index.php\/wp-json\/wp\/v2\/posts"}],"about":[{"href":"https:\/\/noticiasdestaque.com.br\/index.php\/wp-json\/wp\/v2\/types\/post"}],"author":[{"embeddable":true,"href":"https:\/\/noticiasdestaque.com.br\/index.php\/wp-json\/wp\/v2\/users\/1"}],"replies":[{"embeddable":true,"href":"https:\/\/noticiasdestaque.com.br\/index.php\/wp-json\/wp\/v2\/comments?post=14276"}],"version-history":[{"count":1,"href":"https:\/\/noticiasdestaque.com.br\/index.php\/wp-json\/wp\/v2\/posts\/14276\/revisions"}],"predecessor-version":[{"id":14277,"href":"https:\/\/noticiasdestaque.com.br\/index.php\/wp-json\/wp\/v2\/posts\/14276\/revisions\/14277"}],"wp:featuredmedia":[{"embeddable":true,"href":"https:\/\/noticiasdestaque.com.br\/index.php\/wp-json\/wp\/v2\/media\/14278"}],"wp:attachment":[{"href":"https:\/\/noticiasdestaque.com.br\/index.php\/wp-json\/wp\/v2\/media?parent=14276"}],"wp:term":[{"taxonomy":"category","embeddable":true,"href":"https:\/\/noticiasdestaque.com.br\/index.php\/wp-json\/wp\/v2\/categories?post=14276"},{"taxonomy":"post_tag","embeddable":true,"href":"https:\/\/noticiasdestaque.com.br\/index.php\/wp-json\/wp\/v2\/tags?post=14276"}],"curies":[{"name":"wp","href":"https:\/\/api.w.org\/{rel}","templated":true}]}}