{"id":14258,"date":"2024-07-02T10:45:03","date_gmt":"2024-07-02T13:45:03","guid":{"rendered":"https:\/\/noticiasdestaque.com.br\/index.php\/2024\/07\/02\/pre-candidato-a-vereador-de-gouveia-mg-miguel-martins\/"},"modified":"2024-07-02T10:45:03","modified_gmt":"2024-07-02T13:45:03","slug":"pre-candidato-a-vereador-de-gouveia-mg-miguel-martins","status":"publish","type":"post","link":"https:\/\/noticiasdestaque.com.br\/index.php\/2024\/07\/02\/pre-candidato-a-vereador-de-gouveia-mg-miguel-martins\/","title":{"rendered":"Pr\u00e9 candidato a vereador de Gouveia-MG Miguel Martins fala sobre a import\u00e2ncia de uma pol\u00edtica limpa em 2024"},"content":{"rendered":"\n<p>Nesta s\u00e9rie de entrevistas que homenageia os especialistas de nosso pa\u00eds, hoje entrevistamos Miguel Tiago Soares Martins, um jovem de Gouveia-MG, na regi\u00e3o do Vale do Jequitinhonha, que vem se destacando pela combina\u00e7\u00e3o de seu trabalho. Membro do movimento Uni\u00e3o Nacionalista do Brasil, Presidente Municipal do republicanos do estado. Miguel \u00e9 um crist\u00e3o, nacionalista e patriota que, apesar de nunca ter sido pol\u00edtico de carreira, demonstra uma forte disposi\u00e7\u00e3o para ingressar na pol\u00edtica. Inspirado pelo renomado Dr. En\u00e9as Carneiro, ele lan\u00e7a sua Pr\u00e9 candidatura a vereador com propostas concretas e um compromisso firme com a honestidade, prometendo n\u00e3o utilizar o fundo eleitoral em sua campanha.<\/p>\n\n\n\n<p>Entre suas principais propostas, destaca-se a defesa da implementa\u00e7\u00e3o de escolas em tempo integral, fornecendo uniforme, material did\u00e1tico e merenda escolar gratuita para todos os alunos da rede p\u00fablica. Ele tamb\u00e9m prop\u00f5e o fortalecimento da Emater e a assist\u00eancia eficiente aos pequenos produtores rurais.<br>Miguel \u00e9 a favor da proposta de emenda \u00e0 Constitui\u00e7\u00e3o (PEC 72\/2023) que livra da incid\u00eancia do IPVA os ve\u00edculos terrestres com mais de 20 anos de fabrica\u00e7\u00e3o do Senador Cleitinho Azevedo do Republicanos MG.<\/p>\n\n\n\n<p>Miguel quer ser um pol\u00edtico acess\u00edvel e presente nas redes sociais, recusando regalias desnecess\u00e1rias e focando no uso respons\u00e1vel do dinheiro p\u00fablico. Prop\u00f5e a cria\u00e7\u00e3o de um sistema integrado de transpar\u00eancia para que os cidad\u00e3os possam monitorar os gastos em todos os 853 munic\u00edpios de Minas Gerais. Al\u00e9m disso, ele se compromete a lutar contra o saqueamento das riquezas minerais do estado.<br>Miguel \u00e9 defensor da liberdade civil e contra a censura nas redes sociais.<\/p>\n\n\n\n<p>Na \u00e1rea da sa\u00fade, Miguel critica a atual gest\u00e3o do SUS, que gasta 85% de sua verba nos dois \u00faltimos anos de vida dos brasileiros. Ele defende uma mudan\u00e7a para um modelo de preven\u00e7\u00e3o e promo\u00e7\u00e3o da sa\u00fade. Como parte de suas a\u00e7\u00f5es, Miguel planeja montar um canal de atendimento para receber den\u00fancias de irregularidades em todo o estado, facilitando a fiscaliza\u00e7\u00e3o e a transpar\u00eancia.<\/p>\n\n\n\n<p>Miguel est\u00e1 disposto a lutar pelo desenvolvimento e crescimento do seu munic\u00edpio criando projetos que visam a melhoria na qualidade de vida da popula\u00e7\u00e3o, pois acredita em uma pol\u00edtica limpa e transparente na honestidade e verdade. Seu desejo \u00e9 servir de exemplo e incentivar outros jovens a participar da pol\u00edtica, pois os jovens de hoje ser\u00e3o o futuro de amanh\u00e3, defendendo que o jovem precisa ter voz.<\/p>\n\n\n\n<p>Em 2022, Miguel lan\u00e7ou sua candidatura a deputado estadual em um ato de coragem, fazendo uma campanha quase sem recursos. Em abril, esteve em Bras\u00edlia, onde foi recebido por diversas figuras pol\u00edticas, incluindo o senador Cleitinho Azevedo e os deputados federais Duarte J\u00fanior e Ros\u00e2ngela Reis, que apoiaram seus projetos. Sua participa\u00e7\u00e3o no Encontro Nacional de Pr\u00e9-candidatos e Coordenadores, na Funda\u00e7\u00e3o Republicana, destaca seu compromisso em buscar melhorias para seu Distrito de Vila Alexandre Mascarenhas, Gouveia Minas Gerais.<\/p>\n\n\n\n<figure class=\"wp-block-image size-large\"><img decoding=\"async\" src=\"https:\/\/portalderecuperacao.com\/wp-content\/uploads\/2024\/07\/WhatsApp-Image-2024-06-29-at-13.57.00-1-768x1024.jpeg\" alt=\"\" class=\"wp-image-35806\"\/><\/figure>\n\n\n\n<p>Sua presen\u00e7a na capital federal ficar\u00e1 marcada por ser o primeiro cidad\u00e3o do munic\u00edpio a ir a Bras\u00edlia buscar melhorias. A hist\u00f3ria do Miguel \u00e9 semelhante a de muitas pessoas, um jovem do interior, filho de uma m\u00e3e analfabeta desde pequeno trabalhou ajudando sua m\u00e3e na lida no campo em regime de agricultura familiar, sua m\u00e3e apesar de pouca instru\u00e7\u00e3o sempre o incentivou a estudar e buscar melhorias atrav\u00e9s da forma\u00e7\u00e3o.<\/p>\n\n\n\n<p>Miguel \u00e9 um jovem humilde, que acredita em uma pol\u00edtica limpa e transparente. Ele cresceu ajudando na agricultura familiar e agora est\u00e1 disposto a lutar pelo desenvolvimento de seu munic\u00edpio, criando projetos que melhorem a qualidade de vida da popula\u00e7\u00e3o. Ele deseja ser um exemplo para outros jovens, incentivando-os a participar da pol\u00edtica e a lutar por melhorias e progresso em seus munic\u00edpios. <strong>&#8220;Voc\u00ea, jovem, lute pelo seu munic\u00edpio, lute por melhorias e progresso!<\/strong>&#8221; Conclui Miguel<\/p>\n\n\n\n<p>Saiba mais sobre o especialista e suas propostas nos link abaixo:<br><a href=\"https:\/\/www.instagram.com\/miguelmartinsmg\/\" target=\"_blank\" rel=\"noreferrer noopener\">https:\/\/www.instagram.com\/miguelmartinsmg\/<\/a><\/p>\n<input type=\"hidden\" id=\"baseurl\" value=\"https:\/\/noticiasdestaque.com.br\"><input type=\"hidden\" id=\"audio_nonce\" value=\"6a24ca502e\">","protected":false},"excerpt":{"rendered":"<p>Nesta s\u00e9rie de entrevistas que homenageia os especialistas de nosso pa\u00eds, hoje entrevistamos Miguel Tiago Soares Martins, um jovem de Gouveia-MG, na regi\u00e3o do Vale do Jequitinhonha, que vem se destacando pela combina\u00e7\u00e3o de seu trabalho. Membro do movimento Uni\u00e3o Nacionalista do Brasil, Presidente Municipal do republicanos do estado. Miguel \u00e9 um crist\u00e3o, nacionalista e [&hellip;]<\/p>\n","protected":false},"author":1,"featured_media":14260,"comment_status":"open","ping_status":"open","sticky":false,"template":"","format":"standard","meta":{"fifu_image_url":"","fifu_image_alt":"","footnotes":""},"categories":[50],"tags":[],"class_list":["post-14258","post","type-post","status-publish","format-standard","has-post-thumbnail","hentry","category-politica"],"distributor_meta":false,"distributor_terms":false,"distributor_media":false,"distributor_original_site_name":"Portal de Recupera\u00e7\u00e3o","distributor_original_site_url":"https:\/\/portalderecuperacao.com","push-errors":false,"_links":{"self":[{"href":"https:\/\/noticiasdestaque.com.br\/index.php\/wp-json\/wp\/v2\/posts\/14258","targetHints":{"allow":["GET"]}}],"collection":[{"href":"https:\/\/noticiasdestaque.com.br\/index.php\/wp-json\/wp\/v2\/posts"}],"about":[{"href":"https:\/\/noticiasdestaque.com.br\/index.php\/wp-json\/wp\/v2\/types\/post"}],"author":[{"embeddable":true,"href":"https:\/\/noticiasdestaque.com.br\/index.php\/wp-json\/wp\/v2\/users\/1"}],"replies":[{"embeddable":true,"href":"https:\/\/noticiasdestaque.com.br\/index.php\/wp-json\/wp\/v2\/comments?post=14258"}],"version-history":[{"count":0,"href":"https:\/\/noticiasdestaque.com.br\/index.php\/wp-json\/wp\/v2\/posts\/14258\/revisions"}],"wp:featuredmedia":[{"embeddable":true,"href":"https:\/\/noticiasdestaque.com.br\/index.php\/wp-json\/wp\/v2\/media\/14260"}],"wp:attachment":[{"href":"https:\/\/noticiasdestaque.com.br\/index.php\/wp-json\/wp\/v2\/media?parent=14258"}],"wp:term":[{"taxonomy":"category","embeddable":true,"href":"https:\/\/noticiasdestaque.com.br\/index.php\/wp-json\/wp\/v2\/categories?post=14258"},{"taxonomy":"post_tag","embeddable":true,"href":"https:\/\/noticiasdestaque.com.br\/index.php\/wp-json\/wp\/v2\/tags?post=14258"}],"curies":[{"name":"wp","href":"https:\/\/api.w.org\/{rel}","templated":true}]}}