{"id":14022,"date":"2024-05-31T00:54:00","date_gmt":"2024-05-31T00:54:00","guid":{"rendered":"https:\/\/noticiasdestaque.com.br\/index.php\/2024\/05\/31\/indice-de-confianca-de-servicos-caiu-pontos-em-maio-aponta-fgv-ibre\/"},"modified":"2024-05-31T00:54:00","modified_gmt":"2024-05-31T00:54:00","slug":"indice-de-confianca-de-servicos-caiu-pontos-em-maio-aponta-fgv-ibre","status":"publish","type":"post","link":"https:\/\/noticiasdestaque.com.br\/index.php\/2024\/05\/31\/indice-de-confianca-de-servicos-caiu-pontos-em-maio-aponta-fgv-ibre\/","title":{"rendered":"\u00cdndice de Confian\u00e7a de Servi\u00e7os caiu 0,6 pontos em maio, aponta FGV IBRE"},"content":{"rendered":"<p>O \u00cdndice de Confian\u00e7a de Servi\u00e7os (ICS), divulgado nesta quarta-feira (29) pelo FGV IBRE, caiu 0,6 pontos em maio, chegando a 94,2, sua segunda queda consecutiva. No \u00faltimo m\u00eas, a queda do ICS refletiu a piora das expectativas para os pr\u00f3ximos meses.<\/p>\n<p>Segundo St\u00e9fano Pacini, economista especialista do FGV IBRE, o momento atual n\u00e3o \u00e9 o pior, pois os empres\u00e1rios t\u00eam compreendido que a situa\u00e7\u00e3o dos neg\u00f3cios est\u00e1 melhor do que poderiam imaginar, apesar de que observa-se bastante cautela em rela\u00e7\u00e3o ao futuro.<\/p>\n<p>\u201cA gente viu que a melhora na situa\u00e7\u00e3o atual foi espalhada entre os principais setores, principalmente servi\u00e7os prestados \u00e0s fam\u00edlias, e em compensa\u00e7\u00e3o, no futuro fica para todos os setores um momento de cautela, com uma piora no \u00edndice de expectativas, que \u00e9 composto por uma previs\u00e3o de demanda e tamb\u00e9m sobre um outro indicador que \u00e9 a percep\u00e7\u00e3o do empres\u00e1rio sobre os neg\u00f3cios dele daqui a seis meses\u201d, explica.<\/p>\n<p>Conforme as m\u00e9dias m\u00f3veis trimestrais apontadas no relat\u00f3rio, o \u00edndice ficou est\u00e1vel. J\u00e1 o \u00cdndice de Expectativas (IE-S) caiu 3,1 pontos, chegando a 91,3 pontos percentuais. Por sua vez, o \u00cdndice de Situa\u00e7\u00e3o Atual (ISAS) avan\u00e7ou 1,9 pontos, chegando a 97,3 pontos percentuais. <\/p>\n<p>Os dois indicadores que comp\u00f5em o ISA-S tamb\u00e9m avan\u00e7aram: o volume de demanda atual subiu 2,3 pontos, batendo 97,7 pontos, e a situa\u00e7\u00e3o atual dos neg\u00f3cios melhorou 1,6 pontos, chegando a 96,9 pontos.<\/p>\n<p>De acordo com a sondagem divulgada, no contexto das expectativas o recuo do IE-S foi resultado da piora de ambos os indicadores que o comp\u00f5em: a demanda prevista para os pr\u00f3ximos tr\u00eas meses, que recuou 2,9 pontos, chegando a 91,6 pontos percentuais; e a tend\u00eancia dos neg\u00f3cios nos pr\u00f3ximos seis meses, que caiu 3,4 pontos, batendo 91,1 pontos percentuais \u2014 o menor n\u00edvel desde dezembro de 2023.  <\/p>\n<\/p>\n<p><img decoding=\"async\" alt=\"\" src=\"\/\/s3-sa-east-1.amazonaws.com\/agencia-radio-arb\/5781\/content_FGV_2.JPEG.jpeg\" style=\"width: 100%;\"><\/p>\n<p>\n <\/p>\n<p> Fonte: Brasil61<\/p>\n<input type=\"hidden\" id=\"baseurl\" value=\"https:\/\/noticiasdestaque.com.br\"><input type=\"hidden\" id=\"audio_nonce\" value=\"62ca87eee3\">","protected":false},"excerpt":{"rendered":"<p>Sondagem divulgada nesta quarta-feira (29) exp\u00f4s piora das expectativas para os pr\u00f3ximos meses<\/p>\n","protected":false},"author":1,"featured_media":14024,"comment_status":"open","ping_status":"open","sticky":false,"template":"","format":"standard","meta":{"fifu_image_url":"","fifu_image_alt":"","footnotes":""},"categories":[1],"tags":[107],"class_list":["post-14022","post","type-post","status-publish","format-standard","has-post-thumbnail","hentry","category-uncategorized","tag-closer-vendedor-milionario"],"distributor_meta":false,"distributor_terms":false,"distributor_media":false,"distributor_original_site_name":"Noticias em Destaque","distributor_original_site_url":"https:\/\/noticiasdestaque.com.br","push-errors":false,"_links":{"self":[{"href":"https:\/\/noticiasdestaque.com.br\/index.php\/wp-json\/wp\/v2\/posts\/14022","targetHints":{"allow":["GET"]}}],"collection":[{"href":"https:\/\/noticiasdestaque.com.br\/index.php\/wp-json\/wp\/v2\/posts"}],"about":[{"href":"https:\/\/noticiasdestaque.com.br\/index.php\/wp-json\/wp\/v2\/types\/post"}],"author":[{"embeddable":true,"href":"https:\/\/noticiasdestaque.com.br\/index.php\/wp-json\/wp\/v2\/users\/1"}],"replies":[{"embeddable":true,"href":"https:\/\/noticiasdestaque.com.br\/index.php\/wp-json\/wp\/v2\/comments?post=14022"}],"version-history":[{"count":1,"href":"https:\/\/noticiasdestaque.com.br\/index.php\/wp-json\/wp\/v2\/posts\/14022\/revisions"}],"predecessor-version":[{"id":14023,"href":"https:\/\/noticiasdestaque.com.br\/index.php\/wp-json\/wp\/v2\/posts\/14022\/revisions\/14023"}],"wp:featuredmedia":[{"embeddable":true,"href":"https:\/\/noticiasdestaque.com.br\/index.php\/wp-json\/wp\/v2\/media\/14024"}],"wp:attachment":[{"href":"https:\/\/noticiasdestaque.com.br\/index.php\/wp-json\/wp\/v2\/media?parent=14022"}],"wp:term":[{"taxonomy":"category","embeddable":true,"href":"https:\/\/noticiasdestaque.com.br\/index.php\/wp-json\/wp\/v2\/categories?post=14022"},{"taxonomy":"post_tag","embeddable":true,"href":"https:\/\/noticiasdestaque.com.br\/index.php\/wp-json\/wp\/v2\/tags?post=14022"}],"curies":[{"name":"wp","href":"https:\/\/api.w.org\/{rel}","templated":true}]}}