{"id":14016,"date":"2024-05-30T22:54:00","date_gmt":"2024-05-30T22:54:00","guid":{"rendered":"https:\/\/noticiasdestaque.com.br\/index.php\/2024\/05\/30\/previsao-do-tempo-sexta-feira-com-nevoeiro-em-regioes-do-sudeste\/"},"modified":"2024-05-30T22:54:00","modified_gmt":"2024-05-30T22:54:00","slug":"previsao-do-tempo-sexta-feira-com-nevoeiro-em-regioes-do-sudeste","status":"publish","type":"post","link":"https:\/\/noticiasdestaque.com.br\/index.php\/2024\/05\/30\/previsao-do-tempo-sexta-feira-com-nevoeiro-em-regioes-do-sudeste\/","title":{"rendered":"PREVIS\u00c3O DO TEMPO: sexta-feira (31) com nevoeiro em regi\u00f5es do Sudeste"},"content":{"rendered":"<p>Sexta-feira (31) com previs\u00e3o de chuva no Esp\u00edrito Santo e em regi\u00f5es de Minas Gerais e Rio de Janeiro. Previs\u00e3o de nevoeiro em S\u00e3o Paulo e no Rio de Janeiro. <\/p>\n<p><strong>Confira agora a previs\u00e3o do tempo no seu estado. <\/strong><\/p>\n<p><strong>Esp\u00edrito Santo<\/strong><\/p>\n<p>A previs\u00e3o para esta sexta-feira (31) \u00e9 de tempo nublado e com chuva em todo o Esp\u00edrito Santo.<\/p>\n<p><strong>Minas Gerais<\/strong><\/p>\n<p>Chuvas isoladas no Vale do Mucuri, Vale do Rio Doce, Zona da Mata e microrregi\u00e3o de Almenara. Nevoeiro em S\u00e3o Louren\u00e7o, Andrel\u00e2ndia, Itajub\u00e1, Santa Rita do Sapuca\u00ed e Pouso Alegre. Poucas nuvens no Tri\u00e2ngulo Mineiro e Alto Parana\u00edba, noroeste e oeste de Minas e Central Mineira. Nas demais regi\u00f5es do estado, muitas nuvens. <\/p>\n<p><strong>Rio de Janeiro<\/strong><\/p>\n<p>Sexta-feira (31) com tempo encoberto em todo o estado. Chuvas isoladas s\u00e3o esperadas nas cidades de Varre-Sai, Porci\u00fancula, Bom Jesus do Itabapoana e S\u00e3o Francisco do Itabapoana. Nevoeiro nos munic\u00edpios de Valen\u00e7a, Quatis, Barra Mansa, Resende, Itatiaia e Angra dos Reis. <\/p>\n<p><strong>S\u00e3o Paulo<\/strong><\/p>\n<p>Sexta-feira (31) com poucas nuvens em todo o estado de S\u00e3o Paulo. Nevoeiro no Vale do Para\u00edba, litoral sul e macro metropolitana paulista e metropolitana de S\u00e3o Paulo. <\/p>\n<p><strong>Temperatura m\u00ednima e m\u00e1xima na regi\u00e3o<\/strong><\/p>\n<p>A temperatura m\u00ednima fica em torno de 6\u00b0C, em S\u00e3o Jos\u00e9 do Barreiro, em S\u00e3o Paulo \u2014 e a m\u00e1xima prevista \u00e9 de 31\u00baC, em Una\u00ed, em Minas Gerais. A umidade relativa do ar varia entre 40% e 100%.<\/p>\n<p> Fonte: Brasil61<\/p>\n<input type=\"hidden\" id=\"baseurl\" value=\"https:\/\/noticiasdestaque.com.br\"><input type=\"hidden\" id=\"audio_nonce\" value=\"62ca87eee3\">","protected":false},"excerpt":{"rendered":"<p>A temperatura pode variar entre 6\u00baC e 31\u00baC<\/p>\n","protected":false},"author":1,"featured_media":14018,"comment_status":"open","ping_status":"open","sticky":false,"template":"","format":"standard","meta":{"fifu_image_url":"","fifu_image_alt":"","footnotes":""},"categories":[1],"tags":[],"class_list":["post-14016","post","type-post","status-publish","format-standard","has-post-thumbnail","hentry","category-uncategorized"],"distributor_meta":false,"distributor_terms":false,"distributor_media":false,"distributor_original_site_name":"Noticias em Destaque","distributor_original_site_url":"https:\/\/noticiasdestaque.com.br","push-errors":false,"_links":{"self":[{"href":"https:\/\/noticiasdestaque.com.br\/index.php\/wp-json\/wp\/v2\/posts\/14016","targetHints":{"allow":["GET"]}}],"collection":[{"href":"https:\/\/noticiasdestaque.com.br\/index.php\/wp-json\/wp\/v2\/posts"}],"about":[{"href":"https:\/\/noticiasdestaque.com.br\/index.php\/wp-json\/wp\/v2\/types\/post"}],"author":[{"embeddable":true,"href":"https:\/\/noticiasdestaque.com.br\/index.php\/wp-json\/wp\/v2\/users\/1"}],"replies":[{"embeddable":true,"href":"https:\/\/noticiasdestaque.com.br\/index.php\/wp-json\/wp\/v2\/comments?post=14016"}],"version-history":[{"count":1,"href":"https:\/\/noticiasdestaque.com.br\/index.php\/wp-json\/wp\/v2\/posts\/14016\/revisions"}],"predecessor-version":[{"id":14017,"href":"https:\/\/noticiasdestaque.com.br\/index.php\/wp-json\/wp\/v2\/posts\/14016\/revisions\/14017"}],"wp:featuredmedia":[{"embeddable":true,"href":"https:\/\/noticiasdestaque.com.br\/index.php\/wp-json\/wp\/v2\/media\/14018"}],"wp:attachment":[{"href":"https:\/\/noticiasdestaque.com.br\/index.php\/wp-json\/wp\/v2\/media?parent=14016"}],"wp:term":[{"taxonomy":"category","embeddable":true,"href":"https:\/\/noticiasdestaque.com.br\/index.php\/wp-json\/wp\/v2\/categories?post=14016"},{"taxonomy":"post_tag","embeddable":true,"href":"https:\/\/noticiasdestaque.com.br\/index.php\/wp-json\/wp\/v2\/tags?post=14016"}],"curies":[{"name":"wp","href":"https:\/\/api.w.org\/{rel}","templated":true}]}}