{"id":14009,"date":"2024-05-27T01:20:00","date_gmt":"2024-05-27T01:20:00","guid":{"rendered":"https:\/\/noticiasdestaque.com.br\/index.php\/2024\/05\/27\/saldo-do-forum-mundial-da-agua-o-repensar-dos-recursos-hidricos-para-o-mundo\/"},"modified":"2024-05-27T01:20:00","modified_gmt":"2024-05-27T01:20:00","slug":"saldo-do-forum-mundial-da-agua-o-repensar-dos-recursos-hidricos-para-o-mundo","status":"publish","type":"post","link":"https:\/\/noticiasdestaque.com.br\/index.php\/2024\/05\/27\/saldo-do-forum-mundial-da-agua-o-repensar-dos-recursos-hidricos-para-o-mundo\/","title":{"rendered":"Saldo do F\u00f3rum Mundial da \u00c1gua: o repensar dos recursos h\u00eddricos para o mundo"},"content":{"rendered":"<p data-pm-slice=\"1 1 []\">Prepara\u00e7\u00e3o para os desafios com as intensas mudan\u00e7as clim\u00e1ticas, gest\u00e3o dos recursos e empreendimentos h\u00eddricos, a\u00e7\u00f5es de revitaliza\u00e7\u00e3o de bacias hidrogr\u00e1ficas, coopera\u00e7\u00e3o na gest\u00e3o de \u00e1gua que abastece mais de um pa\u00eds, utiliza\u00e7\u00e3o de tecnologias sociais para levar \u00e1gua, em quantidade e qualidade aos que mais precisa. Esses foram os temas debatidos pelo Governo Federal, representado pelo Minist\u00e9rio da Integra\u00e7\u00e3o e do Desenvolvimento Regional (MIDR), Ag\u00eancia Nacional de \u00c1guas e Saneamento B\u00e1sico (ANA), Minist\u00e9rio das Rela\u00e7\u00f5es Exteriores, entre outros, e representantes de governos de outros pa\u00edses, no 10\u00ba F\u00f3rum Mundial da \u00c1gua, realizado entre os dias 20 e 24 de maio, em Bali, na Indon\u00e9sia.<\/p>\n<p>Representando o ministro Waldez G\u00f3es, em miss\u00e3o para dar assist\u00eancia \u00e0 popula\u00e7\u00e3o ga\u00facha, afetada pelas enchentes, esteve presente o secret\u00e1rio Nacional de Seguran\u00e7a H\u00eddrica, Giuseppe Vieira, mostrou-se satisfeito com o evento. \u201cFoi uma semana muito produtiva, onde toda a delega\u00e7\u00e3o brasileira trabalhou ativamente. Participamos de v\u00e1rios pain\u00e9is e assistimos a diversas experi\u00eancias. Teve novidade da cria\u00e7\u00e3o do Pavilh\u00e3o Latino-Americano, para ficarmos ainda mais pr\u00f3ximos dos nossos vizinhos\u201d, avaliou os trabalhos.<\/p>\n<p>\u201cUma grande conquista foi a cria\u00e7\u00e3o do Conselho Latino-Americano da \u00c1gua, que foi muito bem vista pelas autoridades do Conselho Mundial da \u00c1gua, para que possamos garantir que as estrat\u00e9gias na Am\u00e9rica Latina tenham um espa\u00e7o a serem debatidas, sejam com rela\u00e7\u00e3o \u00e0 gest\u00e3o unilateral dos recursos h\u00eddricos, mas, principalmente, nas \u00e1reas transfronteiri\u00e7as, por subsolo ou superficial\u201d, disse Giuseppe.<\/p>\n<p>A chefe da Assessoria Especial de Assuntos Internacionais, Renata Carvalho. acrescentou que o F\u00f3rum foi um momento hist\u00f3rico, um importante rumo a uma gest\u00e3o sustent\u00e1vel e coordenada dos recursos h\u00eddricos na nossa regi\u00e3o. &#8220;No conselho, os nossos interesses, enquanto regi\u00e3o, ser\u00e3o discutidos, e poderemos compartilhar mais do que os nossos desafios, como tamb\u00e9m as boas pr\u00e1ticas que conseguimos implementar\u201d, acrescentou Renata. Carvalho.<\/p>\n<p><strong>Programa \u00c1gua Doce<\/strong><\/p>\n<p>Criado em 2004, o Programa \u00c1gua Doce tem por objetivo garantir uma pol\u00edtica p\u00fablica permanente de acesso \u00e0 \u00e1gua de qualidade para o consumo humano, por meio do aproveitamento sustent\u00e1vel de \u00e1guas subterr\u00e2neas salobras e salinas, no semi\u00e1rido brasileiro.<\/p>\n<p>Para isso, \u00e9 preciso estabelecer cuidados t\u00e9cnicos, ambientais e sociais na implanta\u00e7\u00e3o e gest\u00e3o de sistemas de dessaliniza\u00e7\u00e3o, levando-se em considera\u00e7\u00e3o a presen\u00e7a de sais nas \u00e1guas subterr\u00e2neas dessa regi\u00e3o. Desde a cria\u00e7\u00e3o do Programa \u00c1gua Doce, foram investidos R$ 434 milh\u00f5es, beneficiando 250 mil pessoas, s\u00e3o disponibilizados 4 milh\u00f5es de litros de \u00e1gua pot\u00e1vel por dia em dez estados diferentes. S\u00e3o eles de Alagoas, Bahia, Cear\u00e1, Para\u00edba, Pernambuco, Piau\u00ed, Sergipe, Rio Grande do Norte e norte de Minas Gerais.<\/p>\n<p>\u201c\u00c9 uma a\u00e7\u00e3o extremamente importante, porque o Programa \u00c1gua Doce aproveita po\u00e7os perfurados, onde a \u00e1gua n\u00e3o est\u00e1 em condi\u00e7\u00e3o de ser consumida pela popula\u00e7\u00e3o por conta do alto \u00edndice de salinidade. N\u00f3s instalamos dessalinizadores a partir do mapeamento desses po\u00e7os. O equipamento transforma aquela \u00e1gua, que at\u00e9 ent\u00e3o n\u00e3o poderia ser consumida, em \u00e1gua em condi\u00e7\u00f5es de consumo\u201d, destaca o secret\u00e1rio Nacional de Seguran\u00e7a H\u00eddrica.<\/p>\n<p>Em raz\u00e3o da realidade do semi\u00e1rido brasileiro, que sofre problemas pela escassez de \u00e1gua, em alguns lugares do pa\u00eds, a alternativa que tem para poder abastecer a popula\u00e7\u00e3o \u00e9 perfurando po\u00e7os artesianos. &#8220;Temos \u00e1gua em abund\u00e2ncia, mas, na regi\u00e3o semi\u00e1rida brasileira, entre os estados do Nordeste e o norte de Minas Gerais, por exemplo, isso n\u00e3o ocorre\u201d, explicou o secret\u00e1rio.<\/p>\n<p><strong style=\"color: initial;\">Gest\u00e3o das \u00e1guas transfronteiri\u00e7as<\/strong><\/p>\n<p>O MIDR tamb\u00e9m participou de reuni\u00f5es a respeito de coopera\u00e7\u00e3o na gest\u00e3o de \u00e1gua que abastece mais de um pa\u00eds, como na coopera\u00e7\u00e3o binacional entre Brasil e Uruguai na governan\u00e7a da Bacia da Lagoa Mirim, na Bacia do Prata, que atende pessoas do Argentina, Bol\u00edvia, Brasil, Paraguai e Uruguai, o Sistema Aqu\u00edfero Guarani, entre outros.<\/p>\n<p>O Sistema Aqu\u00edfero Guarani \u00e9 gerido por Brasil, Argentina, Uruguai e Paraguai. O objetivo do projeto \u00e9 ajudar os quatro pa\u00edses a acelerar a implementa\u00e7\u00e3o das a\u00e7\u00f5es regionais propostas e estabelecer os quadros de coordena\u00e7\u00e3o t\u00e9cnica e as ferramentas essenciais para o cumprimento das disposi\u00e7\u00f5es do Aqu\u00edfero Guarani. A implementa\u00e7\u00e3o, com a\u00e7\u00f5es regionais, aumenta o conhecimento do Sistema Aqu\u00edfero Guarani e permite um entendimento mais completo de seu funcionamento.<\/p>\n<p>\u201cA quest\u00e3o da hidrodiplomacia foi bastante abordada durante o F\u00f3rum e ficou demonstrado que o Brasil tem uma excelente governan\u00e7a em seus projetos, sem deixar a desejar a nenhum dos outros pa\u00edses, por\u00e9m um ponto que vale ressaltar e precisa ser aprimorado \u00e9 o contato com a popula\u00e7\u00e3o que vive na \u00e1rea, fazer uma mobiliza\u00e7\u00e3o social maior e envolv\u00ea-los, enquanto estivermos realizando projetos futuros\u201d, comentou a diretora de Revitaliza\u00e7\u00e3o de Bacias e Planejamento de Seguran\u00e7a H\u00eddrica do MIDR, Fernanda Ayres.<\/p>\n<p><strong>Outras trocas de experi\u00eancia<\/strong><\/p>\n<p>O pontap\u00e9 foi dado para diversas a\u00e7\u00f5es, a partir dessa semana de trocas de experi\u00eancias e estudos:  \u201cFomos convidados tamb\u00e9m por organismos internacionais, por governos de outros pa\u00edses para fazermos in\u00fameras reuni\u00f5es bilaterais. Diversas a\u00e7\u00f5es ser\u00e3o desenvolvidas, ap\u00f3s a articula\u00e7\u00e3o de novas parcerias com pa\u00edses da Europa, do Oriente M\u00e9dio tamb\u00e9m. Todos pain\u00e9is e debates fizeram com que a gente refletisse bastante e ser\u00e1 de fundamental relev\u00e2ncia para tratarmos no Conselho Nacional de Recursos H\u00eddricos retomado este ano pelo presidente Lula\u201d, disse Giuseppe.<\/p>\n<p>\u201cApresentamos tamb\u00e9m para o mundo iniciativas que nosso pa\u00eds \u00e9 protagonista e consegue inspirar tamb\u00e9m na busca por solu\u00e7\u00f5es com rela\u00e7\u00e3o \u00e0 disponibilidade h\u00eddrica, como no caso do Programa \u00c1gua Doce, nas agendas de revitaliza\u00e7\u00e3o de bacias e de potencializar a agricultura irrigada, devido ao grande potencial que nosso pa\u00eds tem para ampliar essa pol\u00edtica p\u00fablica, al\u00e9m da a\u00e7\u00f5es da ANA na quest\u00e3o de controle do uso da \u00e1gua e da situa\u00e7\u00e3o das bacias por todo o nosso pa\u00eds\u201d, completou o secret\u00e1rio Nacional de Seguran\u00e7a H\u00eddrica.<\/p>\n<p>Sobre o futuro, a chefe da Assessoria Especial de Assuntos Internacionais comemorou \u201cFizemos agendas tamb\u00e9m para a preven\u00e7\u00e3o de enchentes, de desastres naturais, todo mundo no F\u00f3rum se mostrou preocupado com o Rio Grande do Sul, mas, tamb\u00e9m, atentos com os efeitos das mudan\u00e7as clim\u00e1ticas, que tem acometido nosso pa\u00eds e v\u00e1rios outros no mundo. Tanto no F\u00f3rum, quanto no Conselho Latino-Americano est\u00e3o sendo debatidos em alto n\u00edvel estrat\u00e9gias comuns para aumentar a resili\u00eancia e reduzir as perdas e danos. Al\u00e9m disso, vale mencionar a aten\u00e7\u00e3o de todos os pa\u00edses, prestando condol\u00eancias com o que est\u00e1 ocorrendo no Rio Grande do Sul\u201d, finalizou Renata Carvalho.<\/p>\n<p>Fonte: MIDR<\/p>\n<p> Fonte: Brasil61<\/p>\n<input type=\"hidden\" id=\"baseurl\" value=\"https:\/\/noticiasdestaque.com.br\"><input type=\"hidden\" id=\"audio_nonce\" value=\"62ca87eee3\">","protected":false},"excerpt":{"rendered":"<p>Brasil trocou experi\u00eancia com outros pa\u00edses e abre espa\u00e7o para discuss\u00f5es futuros sobre Seguran\u00e7a H\u00eddrica, Todos os participantes do F\u00f3rum se mostraram preocupados com o Rio Grande do Sul e atentos com os efeitos das mudan\u00e7as clim\u00e1ticas no mundo.<\/p>\n","protected":false},"author":1,"featured_media":14011,"comment_status":"open","ping_status":"open","sticky":false,"template":"","format":"standard","meta":{"fifu_image_url":"","fifu_image_alt":"","footnotes":""},"categories":[1],"tags":[106],"class_list":["post-14009","post","type-post","status-publish","format-standard","has-post-thumbnail","hentry","category-uncategorized","tag-brunna-pareja"],"distributor_meta":false,"distributor_terms":false,"distributor_media":false,"distributor_original_site_name":"Noticias em Destaque","distributor_original_site_url":"https:\/\/noticiasdestaque.com.br","push-errors":false,"_links":{"self":[{"href":"https:\/\/noticiasdestaque.com.br\/index.php\/wp-json\/wp\/v2\/posts\/14009","targetHints":{"allow":["GET"]}}],"collection":[{"href":"https:\/\/noticiasdestaque.com.br\/index.php\/wp-json\/wp\/v2\/posts"}],"about":[{"href":"https:\/\/noticiasdestaque.com.br\/index.php\/wp-json\/wp\/v2\/types\/post"}],"author":[{"embeddable":true,"href":"https:\/\/noticiasdestaque.com.br\/index.php\/wp-json\/wp\/v2\/users\/1"}],"replies":[{"embeddable":true,"href":"https:\/\/noticiasdestaque.com.br\/index.php\/wp-json\/wp\/v2\/comments?post=14009"}],"version-history":[{"count":1,"href":"https:\/\/noticiasdestaque.com.br\/index.php\/wp-json\/wp\/v2\/posts\/14009\/revisions"}],"predecessor-version":[{"id":14010,"href":"https:\/\/noticiasdestaque.com.br\/index.php\/wp-json\/wp\/v2\/posts\/14009\/revisions\/14010"}],"wp:featuredmedia":[{"embeddable":true,"href":"https:\/\/noticiasdestaque.com.br\/index.php\/wp-json\/wp\/v2\/media\/14011"}],"wp:attachment":[{"href":"https:\/\/noticiasdestaque.com.br\/index.php\/wp-json\/wp\/v2\/media?parent=14009"}],"wp:term":[{"taxonomy":"category","embeddable":true,"href":"https:\/\/noticiasdestaque.com.br\/index.php\/wp-json\/wp\/v2\/categories?post=14009"},{"taxonomy":"post_tag","embeddable":true,"href":"https:\/\/noticiasdestaque.com.br\/index.php\/wp-json\/wp\/v2\/tags?post=14009"}],"curies":[{"name":"wp","href":"https:\/\/api.w.org\/{rel}","templated":true}]}}