{"id":14000,"date":"2024-05-26T18:50:00","date_gmt":"2024-05-26T18:50:00","guid":{"rendered":"https:\/\/noticiasdestaque.com.br\/index.php\/2024\/05\/26\/previsao-do-tempo-semana-comeca-chuvosa-em-grande-parte-do-sudeste\/"},"modified":"2024-05-26T18:50:00","modified_gmt":"2024-05-26T18:50:00","slug":"previsao-do-tempo-semana-comeca-chuvosa-em-grande-parte-do-sudeste","status":"publish","type":"post","link":"https:\/\/noticiasdestaque.com.br\/index.php\/2024\/05\/26\/previsao-do-tempo-semana-comeca-chuvosa-em-grande-parte-do-sudeste\/","title":{"rendered":"PREVIS\u00c3O DO TEMPO: Semana come\u00e7a chuvosa em grande parte do Sudeste"},"content":{"rendered":"<p>A semana come\u00e7a com previs\u00e3o de chuva em boa parte do Sudeste. O Instituto Nacional de Meteorologia emitiu alerta de perigo potencial por conta do grande volume de chuva em toda a faixa litor\u00e2nea do estado de S\u00e3o Paulo. Cidades como Bertioga, Caraguatatuba e Guaruj\u00e1 t\u00eam chuvas que podem ultrapassar os 100 mil\u00edmetros por dia. <\/p>\n<p>No restante do estado paulista h\u00e1 previs\u00e3o de tempo nublado com chuva em \u00e1reas isoladas. No norte de S\u00e3o Paulo o tempo fica seco e quente. Mesma previs\u00e3o para Minas Gerais: chove no sul do estado e na Zona da Mata. J\u00e1 nas outras regi\u00f5es, tempo firme e calor. <br \/>\nEm todo o estado do Rio de Janeiro e Esp\u00edrito Santo h\u00e1 previs\u00e3o de chuva que vai da manh\u00e3 at\u00e9 a noite. <\/p>\n<p>Os term\u00f4metros n\u00e3o passam dos 21\u00b0C em S\u00e3o Paulo (SP) e 26\u00baC em Vit\u00f3ria (ES), j\u00e1 a m\u00ednima fica em 17\u00ba C no Rio de Janeiro (RJ) e em Belo Horizonte (MG).<\/p>\n<p>As informa\u00e7\u00f5es s\u00e3o do Instituto Nacional de Meteorologia<\/p>\n<p>L\u00edvia Braz, o tempo e a temperatura.\n <\/p>\n<p> Fonte: Brasil61<\/p>\n<input type=\"hidden\" id=\"baseurl\" value=\"https:\/\/noticiasdestaque.com.br\"><input type=\"hidden\" id=\"audio_nonce\" value=\"62ca87eee3\">","protected":false},"excerpt":{"rendered":"<p>Litoral Paulista tem alerta de chuvas intensas. Previs\u00e3o de chuva tamb\u00e9m para Rio De Janeiro, Esp\u00edrito Santo. Em Minas chove no sul de na Zona da mata <\/p>\n","protected":false},"author":1,"featured_media":14002,"comment_status":"open","ping_status":"open","sticky":false,"template":"","format":"standard","meta":{"fifu_image_url":"","fifu_image_alt":"","footnotes":""},"categories":[1],"tags":[],"class_list":["post-14000","post","type-post","status-publish","format-standard","has-post-thumbnail","hentry","category-uncategorized"],"distributor_meta":false,"distributor_terms":false,"distributor_media":false,"distributor_original_site_name":"Noticias em Destaque","distributor_original_site_url":"https:\/\/noticiasdestaque.com.br","push-errors":false,"_links":{"self":[{"href":"https:\/\/noticiasdestaque.com.br\/index.php\/wp-json\/wp\/v2\/posts\/14000","targetHints":{"allow":["GET"]}}],"collection":[{"href":"https:\/\/noticiasdestaque.com.br\/index.php\/wp-json\/wp\/v2\/posts"}],"about":[{"href":"https:\/\/noticiasdestaque.com.br\/index.php\/wp-json\/wp\/v2\/types\/post"}],"author":[{"embeddable":true,"href":"https:\/\/noticiasdestaque.com.br\/index.php\/wp-json\/wp\/v2\/users\/1"}],"replies":[{"embeddable":true,"href":"https:\/\/noticiasdestaque.com.br\/index.php\/wp-json\/wp\/v2\/comments?post=14000"}],"version-history":[{"count":1,"href":"https:\/\/noticiasdestaque.com.br\/index.php\/wp-json\/wp\/v2\/posts\/14000\/revisions"}],"predecessor-version":[{"id":14001,"href":"https:\/\/noticiasdestaque.com.br\/index.php\/wp-json\/wp\/v2\/posts\/14000\/revisions\/14001"}],"wp:featuredmedia":[{"embeddable":true,"href":"https:\/\/noticiasdestaque.com.br\/index.php\/wp-json\/wp\/v2\/media\/14002"}],"wp:attachment":[{"href":"https:\/\/noticiasdestaque.com.br\/index.php\/wp-json\/wp\/v2\/media?parent=14000"}],"wp:term":[{"taxonomy":"category","embeddable":true,"href":"https:\/\/noticiasdestaque.com.br\/index.php\/wp-json\/wp\/v2\/categories?post=14000"},{"taxonomy":"post_tag","embeddable":true,"href":"https:\/\/noticiasdestaque.com.br\/index.php\/wp-json\/wp\/v2\/tags?post=14000"}],"curies":[{"name":"wp","href":"https:\/\/api.w.org\/{rel}","templated":true}]}}