{"id":13946,"date":"2024-05-22T19:10:00","date_gmt":"2024-05-22T19:10:00","guid":{"rendered":"https:\/\/noticiasdestaque.com.br\/index.php\/2024\/05\/22\/previsao-do-tempo-quinta-feira-sem-chuvas-em-minas-gerais\/"},"modified":"2024-05-22T19:10:00","modified_gmt":"2024-05-22T19:10:00","slug":"previsao-do-tempo-quinta-feira-sem-chuvas-em-minas-gerais","status":"publish","type":"post","link":"https:\/\/noticiasdestaque.com.br\/index.php\/2024\/05\/22\/previsao-do-tempo-quinta-feira-sem-chuvas-em-minas-gerais\/","title":{"rendered":"PREVIS\u00c3O DO TEMPO: quinta-feira (23) sem chuvas em Minas Gerais"},"content":{"rendered":"<p>A previs\u00e3o para esta quinta-feira (23) come\u00e7a com tempo aberto em quase todo o estado de Minas Gerais. Apenas no Vale do Mucuri, Vale do Rio Doce e microrregi\u00e3o de Ara\u00e7ua\u00ed, Pedra Azul e Almenara, o tempo fica encoberto. N\u00e3o h\u00e1 previs\u00e3o de chuvas no estado.<\/p>\n<p>A temperatura m\u00ednima fica em torno de 12\u00b0C, em Senador Amaral, e a m\u00e1xima prevista \u00e9 de 34\u00baC, em Carneirinho. A umidade relativa do ar varia entre 30% e 100%.<\/p>\n<p>As informa\u00e7\u00f5es s\u00e3o do Instituto Nacional de Meteorologia.<\/p>\n<p> Fonte: Brasil61<\/p>\n<input type=\"hidden\" id=\"baseurl\" value=\"https:\/\/noticiasdestaque.com.br\"><input type=\"hidden\" id=\"audio_nonce\" value=\"eb7638fb71\">","protected":false},"excerpt":{"rendered":"<p>A temperatura pode variar entre 12\u00baC e 34\u00baC<\/p>\n","protected":false},"author":1,"featured_media":13948,"comment_status":"open","ping_status":"open","sticky":false,"template":"","format":"standard","meta":{"fifu_image_url":"","fifu_image_alt":"","footnotes":""},"categories":[1],"tags":[],"class_list":["post-13946","post","type-post","status-publish","format-standard","has-post-thumbnail","hentry","category-uncategorized"],"distributor_meta":false,"distributor_terms":false,"distributor_media":false,"distributor_original_site_name":"Noticias em Destaque","distributor_original_site_url":"https:\/\/noticiasdestaque.com.br","push-errors":false,"_links":{"self":[{"href":"https:\/\/noticiasdestaque.com.br\/index.php\/wp-json\/wp\/v2\/posts\/13946","targetHints":{"allow":["GET"]}}],"collection":[{"href":"https:\/\/noticiasdestaque.com.br\/index.php\/wp-json\/wp\/v2\/posts"}],"about":[{"href":"https:\/\/noticiasdestaque.com.br\/index.php\/wp-json\/wp\/v2\/types\/post"}],"author":[{"embeddable":true,"href":"https:\/\/noticiasdestaque.com.br\/index.php\/wp-json\/wp\/v2\/users\/1"}],"replies":[{"embeddable":true,"href":"https:\/\/noticiasdestaque.com.br\/index.php\/wp-json\/wp\/v2\/comments?post=13946"}],"version-history":[{"count":1,"href":"https:\/\/noticiasdestaque.com.br\/index.php\/wp-json\/wp\/v2\/posts\/13946\/revisions"}],"predecessor-version":[{"id":13947,"href":"https:\/\/noticiasdestaque.com.br\/index.php\/wp-json\/wp\/v2\/posts\/13946\/revisions\/13947"}],"wp:featuredmedia":[{"embeddable":true,"href":"https:\/\/noticiasdestaque.com.br\/index.php\/wp-json\/wp\/v2\/media\/13948"}],"wp:attachment":[{"href":"https:\/\/noticiasdestaque.com.br\/index.php\/wp-json\/wp\/v2\/media?parent=13946"}],"wp:term":[{"taxonomy":"category","embeddable":true,"href":"https:\/\/noticiasdestaque.com.br\/index.php\/wp-json\/wp\/v2\/categories?post=13946"},{"taxonomy":"post_tag","embeddable":true,"href":"https:\/\/noticiasdestaque.com.br\/index.php\/wp-json\/wp\/v2\/tags?post=13946"}],"curies":[{"name":"wp","href":"https:\/\/api.w.org\/{rel}","templated":true}]}}