{"id":13929,"date":"2024-05-22T15:42:20","date_gmt":"2024-05-22T18:42:20","guid":{"rendered":"https:\/\/noticiasdestaque.com.br\/index.php\/2024\/05\/22\/reh-queen-estreia-quadro-novo-no-papo-de-pijama-de-frente-com-a-prazerologa\/"},"modified":"2024-05-22T15:53:47","modified_gmt":"2024-05-22T18:53:47","slug":"reh-queen-estreia-quadro-novo-no-papo-de-pijama-de-frente-com-a-prazerologa","status":"publish","type":"post","link":"https:\/\/noticiasdestaque.com.br\/index.php\/2024\/05\/22\/reh-queen-estreia-quadro-novo-no-papo-de-pijama-de-frente-com-a-prazerologa\/","title":{"rendered":"Reh Queen estreia quadro novo no Papo de Pijama: De Frente com a Prazer\u00f3loga"},"content":{"rendered":"\n<p><strong><a href=\"https:\/\/celebs.com.br\/47982\/reh-queen-ensaio-sensual-pascoa\/\">Reh Queen<\/a><\/strong> que j\u00e1 sentou na cama do Papo de Pijama para ser entrevistada por v\u00e1rias vezes, agora ganhou um quadro no programa relembrando aquelas entrevistas, &#8220;<strong>De Frente com Gab<\/strong>i&#8221;. Algo mais intimista, uma entrevista mais pontual e ao mesmo tempo excitante. Sob dire\u00e7\u00e3o de <strong>Nelson Miranda<\/strong> com parceria da revista Sexy, De Frente com a Prazer\u00f3loga \u00e9 o mais novo quadro do Podcast.<br><br>A estreia foi no dia 03 de maio com Amanda Smell, conhecida como a Empres\u00e1ria&nbsp;do&nbsp;Prazer.<\/p>\n\n\n\n<p>&#8220;<em><strong>Muito feliz com esse convite do Papo de Pijama, espero trazer muito conte\u00fado, convidados interessantes e muitas entrevistas picantes (risos)<\/strong><\/em>&#8220;, conta.<\/p>\n\n\n\n<p>Agora toda sexta feira no site <strong><a href=\"https:\/\/sexyclube.uol.com.br\/\">SexyClube<\/a><\/strong>, no Papo de Pijama, voc\u00ea tem um encontro marcado com a Prazer\u00f3loga. Al\u00e9m de entrevistas, o quadro ter\u00e1 perguntas dos internautas e tamb\u00e9m, uma vez por m\u00eas, uma convidada ir\u00e1&nbsp;receber a famosa massagem t\u00e2ntrica da Reh Queen. A primeira massagem t\u00e2ntrica j\u00e1 est\u00e1 no ar, e foi com a Baby Fire. Exclusivo para assinantes. Est\u00e1 imperd\u00edvel!<\/p>\n\n\n\n<figure class=\"wp-block-gallery has-nested-images columns-1 is-cropped wp-block-gallery-1 is-layout-flex wp-block-gallery-is-layout-flex\">\n<figure class=\"wp-block-image size-large\"><img decoding=\"async\" data-id=\"51170\" src=\"https:\/\/celebs.com.br\/wp-content\/uploads\/2024\/05\/DSC_6669-681x1024.jpg\" alt=\"\" class=\"wp-image-51170\"\/><\/figure>\n\n\n\n<figure class=\"wp-block-image size-large\"><img decoding=\"async\" data-id=\"51171\" src=\"https:\/\/celebs.com.br\/wp-content\/uploads\/2024\/05\/DSC_6710-681x1024.jpg\" alt=\"\" class=\"wp-image-51171\"\/><\/figure>\n\n\n\n<figure class=\"wp-block-image size-large\"><img decoding=\"async\" data-id=\"51172\" src=\"https:\/\/celebs.com.br\/wp-content\/uploads\/2024\/05\/DSC_6637-681x1024.jpg\" alt=\"\" class=\"wp-image-51172\"\/><\/figure>\n<\/figure>\n\n\n\n<figure class=\"wp-block-gallery has-nested-images columns-1 is-cropped wp-block-gallery-2 is-layout-flex wp-block-gallery-is-layout-flex\">\n<figure class=\"wp-block-image size-large\"><img decoding=\"async\" data-id=\"35422\" src=\"https:\/\/portalderecuperacao.com\/wp-content\/uploads\/2024\/05\/DSC_6637-681x1024.jpg\" alt=\"\" class=\"wp-image-35422\"\/><\/figure>\n\n\n\n<figure class=\"wp-block-image size-large\"><img decoding=\"async\" data-id=\"35423\" src=\"https:\/\/portalderecuperacao.com\/wp-content\/uploads\/2024\/05\/DSC_6710-681x1024.jpg\" alt=\"\" class=\"wp-image-35423\"\/><\/figure>\n\n\n\n<figure class=\"wp-block-image size-large\"><img decoding=\"async\" data-id=\"35425\" src=\"https:\/\/portalderecuperacao.com\/wp-content\/uploads\/2024\/05\/DSC_6669-681x1024.jpg\" alt=\"\" class=\"wp-image-35425\"\/><\/figure>\n<\/figure>\n<input type=\"hidden\" id=\"baseurl\" value=\"https:\/\/noticiasdestaque.com.br\"><input type=\"hidden\" id=\"audio_nonce\" value=\"eb7638fb71\">","protected":false},"excerpt":{"rendered":"<p>Reh Queen que j\u00e1 sentou na cama do Papo de Pijama para ser entrevistada por v\u00e1rias vezes, agora ganhou um quadro no programa relembrando aquelas entrevistas, &#8220;De Frente com Gabi&#8221;. Algo mais intimista, uma entrevista mais pontual e ao mesmo tempo excitante. Sob dire\u00e7\u00e3o de Nelson Miranda com parceria da revista Sexy, De Frente com [&hellip;]<\/p>\n","protected":false},"author":1,"featured_media":13942,"comment_status":"open","ping_status":"open","sticky":false,"template":"","format":"standard","meta":{"fifu_image_url":"","fifu_image_alt":"","footnotes":""},"categories":[52],"tags":[],"class_list":["post-13929","post","type-post","status-publish","format-standard","has-post-thumbnail","hentry","category-entretenimento"],"distributor_meta":false,"distributor_terms":false,"distributor_media":false,"distributor_original_site_name":"Portal de Recupera\u00e7\u00e3o","distributor_original_site_url":"https:\/\/portalderecuperacao.com","push-errors":false,"_links":{"self":[{"href":"https:\/\/noticiasdestaque.com.br\/index.php\/wp-json\/wp\/v2\/posts\/13929","targetHints":{"allow":["GET"]}}],"collection":[{"href":"https:\/\/noticiasdestaque.com.br\/index.php\/wp-json\/wp\/v2\/posts"}],"about":[{"href":"https:\/\/noticiasdestaque.com.br\/index.php\/wp-json\/wp\/v2\/types\/post"}],"author":[{"embeddable":true,"href":"https:\/\/noticiasdestaque.com.br\/index.php\/wp-json\/wp\/v2\/users\/1"}],"replies":[{"embeddable":true,"href":"https:\/\/noticiasdestaque.com.br\/index.php\/wp-json\/wp\/v2\/comments?post=13929"}],"version-history":[{"count":1,"href":"https:\/\/noticiasdestaque.com.br\/index.php\/wp-json\/wp\/v2\/posts\/13929\/revisions"}],"predecessor-version":[{"id":13934,"href":"https:\/\/noticiasdestaque.com.br\/index.php\/wp-json\/wp\/v2\/posts\/13929\/revisions\/13934"}],"wp:featuredmedia":[{"embeddable":true,"href":"https:\/\/noticiasdestaque.com.br\/index.php\/wp-json\/wp\/v2\/media\/13942"}],"wp:attachment":[{"href":"https:\/\/noticiasdestaque.com.br\/index.php\/wp-json\/wp\/v2\/media?parent=13929"}],"wp:term":[{"taxonomy":"category","embeddable":true,"href":"https:\/\/noticiasdestaque.com.br\/index.php\/wp-json\/wp\/v2\/categories?post=13929"},{"taxonomy":"post_tag","embeddable":true,"href":"https:\/\/noticiasdestaque.com.br\/index.php\/wp-json\/wp\/v2\/tags?post=13929"}],"curies":[{"name":"wp","href":"https:\/\/api.w.org\/{rel}","templated":true}]}}