{"id":13916,"date":"2024-05-17T08:32:38","date_gmt":"2024-05-17T11:32:38","guid":{"rendered":"https:\/\/noticiasdestaque.com.br\/?p=13916"},"modified":"2024-05-17T08:32:40","modified_gmt":"2024-05-17T11:32:40","slug":"clinicas-de-recuperacao-grupo-transformando-vidas-e-a-esquizofrenia","status":"publish","type":"post","link":"https:\/\/noticiasdestaque.com.br\/index.php\/2024\/05\/17\/clinicas-de-recuperacao-grupo-transformando-vidas-e-a-esquizofrenia\/","title":{"rendered":"Cl\u00ednicas de Recupera\u00e7\u00e3o Grupo Transformando Vidas e a Esquizofrenia"},"content":{"rendered":"\n<p>O uso abusivo de drogas tamb\u00e9m \u00e9 um fator agravante no que se refere a esquizofrenia em jovens e se enquadra como uma das principais causas de incapacita\u00e7\u00e3o de jovens e adultos, afetando parte da popula\u00e7\u00e3o mundial, calcula-se que no Brasil 103.367 das <a href=\"https:\/\/www.guiadeclinica.com.br\">interna\u00e7\u00f5es<\/a> realizadas est\u00e3o relacionadas a quadros de esquizofrenia, destes 364 jovens que fizeram uso de droga e apresentaram quadro de esquizofrenia vieram a \u00f3bito.<\/p>\n\n\n\n<p>A esquizofrenia relacionada ao uso abusivo de drogas tem uma rela\u00e7\u00e3o de causa e consequ\u00eancia, desta maneira muitos <a href=\"https:\/\/www.grupocasoto.org\">psic\u00f3logos<\/a> atribuem a busca pela droga \u00e0 quadros de esquizofrenia, j\u00e1 em outros casos a esquizofrenia \u00e9 consequ\u00eancia do uso de drogas il\u00edcitas que causam altera\u00e7\u00f5es nos c\u00e9rebros.&nbsp;<\/p>\n\n\n\n<p>A esquizofrenia \u00e9 um dist\u00farbio <a href=\"https:\/\/www.gruponovavida.com.br\">mental<\/a> que tem como principal caracter\u00edstica del\u00edrios, alucina\u00e7\u00f5es, apatia, isolamento, perturba\u00e7\u00e3o da aten\u00e7\u00e3o, concentra\u00e7\u00e3o e mem\u00f3ria, outros sintomas comuns ao paciente de esquizofrenia s\u00e3o a ansiedade e depress\u00e3o, o paciente que sofre de esquizofrenia pode ser tratado com terapia e ou medicamentos.<\/p>\n\n\n\n<p>A Esquizofrenia Relacionada ao Uso de Drogas<\/p>\n\n\n\n<p>A esquizofrenia relacionada ao uso abusivo de <a href=\"https:\/\/www.clinicainternar.com.br\">drogas<\/a> pode ser causa ou consequ\u00eancia, sobre esta rela\u00e7\u00e3o \u00e9 correto afirmar que a esquizofrenia como causa da utiliza\u00e7\u00e3o de drogas acontece a pacientes que n\u00e3o tiveram tratamento adequado da esquizofrenia.&nbsp;<\/p>\n\n\n\n<p>Sendo o dependente de droga uma pessoa imatura a busca pela droga satisfaz um sentimento de depress\u00e3o e perturba\u00e7\u00e3o, pode estar relacionada ao sentimento de aceita\u00e7\u00e3o em grupo e uma maneira de chamar a aten\u00e7\u00e3o de familiares que oferece <a href=\"https:\/\/www.guiadetratamento.net.br\/\">riscos<\/a> \u00e0 sa\u00fade e \u00e0 vida.<\/p>\n\n\n\n<p>A esquizofrenia como consequ\u00eancia e sintoma do uso de drogas manifesta-se em <a href=\"https:\/\/www.grupotransformandovidas.com.br\">dependentes<\/a> qu\u00edmicos que apresentam quadro de alucina\u00e7\u00f5es, del\u00edrios e perturba\u00e7\u00e3o.<\/p>\n\n\n\n<p>O paciente que apresenta esquizofrenia como consequ\u00eancia do uso de drogas s\u00e3o tratados como usu\u00e1rios podendo posteriormente a esquizofrenia ser identificada como uma doen\u00e7a e por isso receber tratamento em um lugar especializado como as unidades da Cl\u00ednica de Recupera\u00e7\u00e3o Casoto e medicaliza\u00e7\u00e3o para casos de d<a href=\"https:\/\/www.institutoderecuperacao.com.br\">epend\u00eancia qu\u00edmica<\/a>.<\/p>\n\n\n\n<p>Consequ\u00eancias e Tratamentos da Esquizofrenia<\/p>\n\n\n\n<p>A combina\u00e7\u00e3o de uso abusivo de <a href=\"https:\/\/clinicasderecuperacao.net\/\">drogas<\/a> e esquizofrenia pode levar o doente ou usu\u00e1rio a destrui\u00e7\u00e3o, al\u00e9m de causar altera\u00e7\u00f5es comportamentais e aumentar a morbimortalidade, tal situa\u00e7\u00e3o representa um grave problema de sa\u00fade p\u00fablica, principalmente devido a dificuldade de acesso aos servi\u00e7os de <a href=\"https:\/\/www.procureajuda.com.br\">sa\u00fade<\/a> e de muitas vezes n\u00e3o haver tratamento adequado para este tipo de indiv\u00edduo que resistem ao tratamento da esquizofrenia.<\/p>\n\n\n\n<p>O de <a href=\"https:\/\/www.encontreclinicas.com\">tratamento<\/a> de car\u00e1ter multidisciplinar inclui assist\u00eancia m\u00e9dica, psicoterapia e cuidados de enfermagem que podem minimizar poss\u00edveis consequ\u00eancias negativas proveniente de presen\u00e7a concomitantemente de dois <a href=\"https:\/\/clinicaspararecuperacao.com.br\">transtornos<\/a> a Depend\u00eancia Qu\u00edmica e Esquizofrenia.<\/p>\n\n\n\n<p>Para complementar, Fernando Casoto, fundador da Cl\u00ednica de Recupera\u00e7\u00e3o Casoto diz que infelizmente muitas pessoas demoram muito a procurar uma <a href=\"https:\/\/grupoclinicaderecuperacao.com.br\/\">ajuda<\/a> especializada e isso impacta muito no grau de esquizofrenia que n\u00e3o tratado logo se torna muito mais complexo de se tratar em casa.<\/p>\n\n\n\n<p>Canais oficiais:&nbsp;<\/p>\n\n\n\n<p><a href=\"https:\/\/www.grupocasoto.com.br\">www.grupocasoto.com.br<\/a><\/p>\n\n\n\n<p><a href=\"http:\/\/www.facebook.com\/grupocasoto\">www.facebook.com\/grupocasoto<\/a><\/p>\n\n\n\n<p><a href=\"http:\/\/www.instagram.com\/clinicacasoto\">www.instagram.com\/clinicacasoto<\/a><\/p>\n\n\n\n<p><a href=\"https:\/\/api.whatsapp.com\/send?phone=5511947976909&amp;text=Necessito+de+atendimento+site%3A+https%3A%2F%2Fwww.clinicaparareabilitacao.com.br\/noticias\">WhatsApp: (11)94797-6909<\/a><\/p>\n<input type=\"hidden\" id=\"baseurl\" value=\"https:\/\/noticiasdestaque.com.br\"><input type=\"hidden\" id=\"audio_nonce\" value=\"eb7638fb71\">","protected":false},"excerpt":{"rendered":"<p>O uso abusivo de drogas tamb\u00e9m \u00e9 um fator agravante no que se refere a esquizofrenia em jovens e se enquadra como uma das principais causas de incapacita\u00e7\u00e3o de jovens e adultos, afetando parte da popula\u00e7\u00e3o mundial, calcula-se que no Brasil 103.367 das interna\u00e7\u00f5es realizadas est\u00e3o relacionadas a quadros de esquizofrenia, destes 364 jovens que [&hellip;]<\/p>\n","protected":false},"author":1,"featured_media":13917,"comment_status":"open","ping_status":"open","sticky":false,"template":"","format":"standard","meta":{"fifu_image_url":"","fifu_image_alt":"","footnotes":""},"categories":[124],"tags":[71,84,145,67],"class_list":["post-13916","post","type-post","status-publish","format-standard","has-post-thumbnail","hentry","category-bem-estar","tag-ajuda-a-drogados","tag-alcoolatras","tag-grupo-transformando-vidas","tag-tratamento-de-dependentes-quimicos"],"distributor_meta":false,"distributor_terms":false,"distributor_media":false,"distributor_original_site_name":"Noticias em Destaque","distributor_original_site_url":"https:\/\/noticiasdestaque.com.br","push-errors":false,"_links":{"self":[{"href":"https:\/\/noticiasdestaque.com.br\/index.php\/wp-json\/wp\/v2\/posts\/13916","targetHints":{"allow":["GET"]}}],"collection":[{"href":"https:\/\/noticiasdestaque.com.br\/index.php\/wp-json\/wp\/v2\/posts"}],"about":[{"href":"https:\/\/noticiasdestaque.com.br\/index.php\/wp-json\/wp\/v2\/types\/post"}],"author":[{"embeddable":true,"href":"https:\/\/noticiasdestaque.com.br\/index.php\/wp-json\/wp\/v2\/users\/1"}],"replies":[{"embeddable":true,"href":"https:\/\/noticiasdestaque.com.br\/index.php\/wp-json\/wp\/v2\/comments?post=13916"}],"version-history":[{"count":1,"href":"https:\/\/noticiasdestaque.com.br\/index.php\/wp-json\/wp\/v2\/posts\/13916\/revisions"}],"predecessor-version":[{"id":13918,"href":"https:\/\/noticiasdestaque.com.br\/index.php\/wp-json\/wp\/v2\/posts\/13916\/revisions\/13918"}],"wp:featuredmedia":[{"embeddable":true,"href":"https:\/\/noticiasdestaque.com.br\/index.php\/wp-json\/wp\/v2\/media\/13917"}],"wp:attachment":[{"href":"https:\/\/noticiasdestaque.com.br\/index.php\/wp-json\/wp\/v2\/media?parent=13916"}],"wp:term":[{"taxonomy":"category","embeddable":true,"href":"https:\/\/noticiasdestaque.com.br\/index.php\/wp-json\/wp\/v2\/categories?post=13916"},{"taxonomy":"post_tag","embeddable":true,"href":"https:\/\/noticiasdestaque.com.br\/index.php\/wp-json\/wp\/v2\/tags?post=13916"}],"curies":[{"name":"wp","href":"https:\/\/api.w.org\/{rel}","templated":true}]}}