{"id":13897,"date":"2024-05-15T18:08:00","date_gmt":"2024-05-15T18:08:00","guid":{"rendered":"https:\/\/noticiasdestaque.com.br\/index.php\/2024\/05\/15\/enem-confira-calendario-e-veja-dicas-de-como-se-preparar-para-a-prova\/"},"modified":"2024-05-15T18:08:00","modified_gmt":"2024-05-15T18:08:00","slug":"enem-confira-calendario-e-veja-dicas-de-como-se-preparar-para-a-prova","status":"publish","type":"post","link":"https:\/\/noticiasdestaque.com.br\/index.php\/2024\/05\/15\/enem-confira-calendario-e-veja-dicas-de-como-se-preparar-para-a-prova\/","title":{"rendered":"ENEM: confira calend\u00e1rio e veja dicas de como se preparar para a prova"},"content":{"rendered":"<p>As provas do Exame Nacional do Ensino M\u00e9dio (Enem) j\u00e1 est\u00e3o quase chegando. Elas acontecem nos dias 3 e 10 de novembro. O Minist\u00e9rio da Educa\u00e7\u00e3o (MEC) j\u00e1 divulgou o edital. Com isso, os interessados podem conferir o cronograma e as regras dessa edi\u00e7\u00e3o 2024. O per\u00edodo de inscri\u00e7\u00f5es ser\u00e1 de 27 de maio a 7 de junho. Na opini\u00e3o do especialista em educa\u00e7\u00e3o Francisco Rodrigues, o Enem \u00e9 a oportunidade de o aluno ingressar em uma universidade. Para ele, \u00e9 a principal porta de entrada para a educa\u00e7\u00e3o superior no Brasil.<\/p>\n<p>\u201cQual o papel do ENEM? Democratizar, dar equidade e popularizar o acesso ao ensino superior p\u00fablico e privado. Ele busca tamb\u00e9m avaliar o desempenho do estudante ao fim da conclus\u00e3o do ensino m\u00e9dio. As notas podem ser utilizadas nos programas do governo como o SISU, o PROUNE e o Fies\u201d, observa.<\/p>\n<p>Conforme publica\u00e7\u00e3o, a data do edital coincide com a divulga\u00e7\u00e3o dos resultados sobre os pedidos de isen\u00e7\u00e3o da taxa de inscri\u00e7\u00e3o. O Instituto Nacional de Estudos e Pesquisas Educacionais An\u00edsio Teixeira (Inep) publicou um edital apenas para essas solicita\u00e7\u00f5es e as justificativas de aus\u00eancia: <\/p>\n<ul>\n<li>Aprova\u00e7\u00e3o da isen\u00e7\u00e3o e justificativa de aus\u00eancia n\u00e3o significa inscri\u00e7\u00e3o realizada automaticamente. \u00c9 necess\u00e1rio se inscrever para participar do exame;<\/li>\n<li>A taxa de inscri\u00e7\u00e3o continua no valor de R$ 85 e pode ser paga por boleto, Pix, cart\u00e3o de cr\u00e9dito, d\u00e9bito em conta corrente ou poupan\u00e7a (a depender do banco). O prazo para o pagamento vai at\u00e9 12 de junho;<\/li>\n<li>Pagamento por Pix \u2013 basta acessar o QR Code que consta no boleto. <\/li>\n<\/ul>\n<h2>Hora de se preparar<\/h2>\n<p>De acordo com o edital, ser\u00e3o quatro provas objetivas e uma reda\u00e7\u00e3o em l\u00edngua portuguesa. Segundo o Minist\u00e9rio da Educa\u00e7\u00e3o, o exame \u00e9 estruturado a partir de matrizes de refer\u00eancias disponibilizadas no portal do Inep. <\/p>\n<p>Na hora da prova \u00e9 importante ficar atento \u00e0s quest\u00f5es. Francisco Rodrigues, especialista em educa\u00e7\u00e3o, diz que \u00e9 fundamental que os alunos se atentem \u00e0 conjuntura brasileira, como por exemplo, ao cen\u00e1rio internacional, \u00e0s guerras, aos eventos clim\u00e1ticos, aos pr\u00e9-conceitos sociais como um todo, dentre outros. <\/p>\n<p>Ele ainda passa algumas dicas:<\/p>\n<p>\u201c\u00c9 sempre importante analisar as provas anteriores, saber tamb\u00e9m seus pontos fracos, o que \u00e9 isso, quais as mat\u00e9rias que eu tenho mais dificuldade ou dificuldades. Eu vou redobrar o estudo, analisar, revisar o que puder, ou seja, tudo o que puder revisar e fazer exerc\u00edcios. Ao mesmo tempo, fazer uma tabela para organiza\u00e7\u00e3o dos estudos, ou seja, um cronograma de estudos semanal, manh\u00e3, tarde e noite\u201d, pontua.<\/p>\n<p>Mesmo com todas essas dicas e orienta\u00e7\u00f5es, ainda assim, existem estudantes que n\u00e3o conseguem parar de pensar no conte\u00fado que foi estudado durante o ano, como \u00e9 o caso da aluna do primeiro ano do curso preparat\u00f3rio de medicina, Giulia Caliope, 19 anos, moradora de Bras\u00edlia. Ela conta que sempre buscou se preparar para todas as provas com tranquilidade e organiza\u00e7\u00e3o.<\/p>\n<p>Para tentar se distrair e n\u00e3o pensar o tempo todo na prova, Giulia diz que tamb\u00e9m procurou compensar as responsabilidades para n\u00e3o perder o foco \u2014 e acabar tendo um resultado que n\u00e3o gostaria.<\/p>\n<p>\u201cPara que eu conseguisse ter um ano equilibrado, um ano saud\u00e1vel, tive que aprender a respeitar meus limites, saber que se eu exagerasse nas doses de estudo que eu ia me desgastar exageradamente e que n\u00e3o ia conseguir ter 100% de aproveitamento no dia seguinte. Ao mesmo tempo eu j\u00e1 tinha uma rotina regrada\u201d, confessa. <\/p>\n<h2>Informa\u00e7\u00f5es importantes<\/h2>\n<p>Lembrando que as inscri\u00e7\u00f5es devem ser realizadas na p\u00e1gina do Enem na internet: enem.inep.gov.br\/participante. A taxa de inscri\u00e7\u00e3o \u2013 de R$ 85 \u2013 deve ser paga de 27 de maio at\u00e9 12 de junho. <\/p>\n<p>Para tirar d\u00favidas e saber mais sobre o edital e o cronograma das provas basta acessar a <a href=\"https:\/\/enem.inep.gov.br\/participante\/#!\/\">P\u00e1gina do Participante<\/a>, no site do Instituto Nacional de Estudos e Pesquisas Educacionais An\u00edsio Teixeira (Inep) \u2013 entidade organizadora do certame.\n <\/p>\n<p> Fonte: Brasil61<\/p>\n<input type=\"hidden\" id=\"baseurl\" value=\"https:\/\/noticiasdestaque.com.br\"><input type=\"hidden\" id=\"audio_nonce\" value=\"eb7638fb71\">","protected":false},"excerpt":{"rendered":"<p>O exame ser\u00e1 aplicado nos dias 3 e 10 de novembro. As inscri\u00e7\u00f5es come\u00e7am em 27 de maio e terminam em 7 de junho<\/p>\n","protected":false},"author":1,"featured_media":13899,"comment_status":"open","ping_status":"open","sticky":false,"template":"","format":"standard","meta":{"fifu_image_url":"","fifu_image_alt":"","footnotes":""},"categories":[1],"tags":[174],"class_list":["post-13897","post","type-post","status-publish","format-standard","has-post-thumbnail","hentry","category-uncategorized","tag-internacao-para-alcoolatras"],"distributor_meta":false,"distributor_terms":false,"distributor_media":false,"distributor_original_site_name":"Noticias em Destaque","distributor_original_site_url":"https:\/\/noticiasdestaque.com.br","push-errors":false,"_links":{"self":[{"href":"https:\/\/noticiasdestaque.com.br\/index.php\/wp-json\/wp\/v2\/posts\/13897","targetHints":{"allow":["GET"]}}],"collection":[{"href":"https:\/\/noticiasdestaque.com.br\/index.php\/wp-json\/wp\/v2\/posts"}],"about":[{"href":"https:\/\/noticiasdestaque.com.br\/index.php\/wp-json\/wp\/v2\/types\/post"}],"author":[{"embeddable":true,"href":"https:\/\/noticiasdestaque.com.br\/index.php\/wp-json\/wp\/v2\/users\/1"}],"replies":[{"embeddable":true,"href":"https:\/\/noticiasdestaque.com.br\/index.php\/wp-json\/wp\/v2\/comments?post=13897"}],"version-history":[{"count":1,"href":"https:\/\/noticiasdestaque.com.br\/index.php\/wp-json\/wp\/v2\/posts\/13897\/revisions"}],"predecessor-version":[{"id":13898,"href":"https:\/\/noticiasdestaque.com.br\/index.php\/wp-json\/wp\/v2\/posts\/13897\/revisions\/13898"}],"wp:featuredmedia":[{"embeddable":true,"href":"https:\/\/noticiasdestaque.com.br\/index.php\/wp-json\/wp\/v2\/media\/13899"}],"wp:attachment":[{"href":"https:\/\/noticiasdestaque.com.br\/index.php\/wp-json\/wp\/v2\/media?parent=13897"}],"wp:term":[{"taxonomy":"category","embeddable":true,"href":"https:\/\/noticiasdestaque.com.br\/index.php\/wp-json\/wp\/v2\/categories?post=13897"},{"taxonomy":"post_tag","embeddable":true,"href":"https:\/\/noticiasdestaque.com.br\/index.php\/wp-json\/wp\/v2\/tags?post=13897"}],"curies":[{"name":"wp","href":"https:\/\/api.w.org\/{rel}","templated":true}]}}