{"id":13806,"date":"2024-05-13T21:01:00","date_gmt":"2024-05-13T21:01:00","guid":{"rendered":"https:\/\/noticiasdestaque.com.br\/index.php\/2024\/05\/13\/rotas-ao-desenvolvimento-do-comercio-brasileiro-por-um-novo-tempo\/"},"modified":"2024-05-13T21:01:00","modified_gmt":"2024-05-13T21:01:00","slug":"rotas-ao-desenvolvimento-do-comercio-brasileiro-por-um-novo-tempo","status":"publish","type":"post","link":"https:\/\/noticiasdestaque.com.br\/index.php\/2024\/05\/13\/rotas-ao-desenvolvimento-do-comercio-brasileiro-por-um-novo-tempo\/","title":{"rendered":"Rotas ao desenvolvimento do com\u00e9rcio brasileiro: por um novo tempo"},"content":{"rendered":"<p> Os ministros da Integra\u00e7\u00e3o e do Desenvolvimento Regional, Waldez G\u00f3es, e do Planejamento e Or\u00e7amento, Simone Tebet, realizaram uma vistoria nas obras do Porto de Santana, no Amap\u00e1, nesta segunda-feira (13). A reestrutura\u00e7\u00e3o do porto \u00e9 uma das 14 iniciativas selecionadas pelo Novo PAC no estado do Amap\u00e1, para integrar o projeto Rotas de Integra\u00e7\u00e3o Sul-Americana. O objetivo dessas rotas \u00e9 incentivar e fortalecer o com\u00e9rcio do Brasil com os pa\u00edses da Am\u00e9rica do Sul, reduzindo o tempo e o custo do transporte de mercadorias entre o Brasil, seus vizinhos e a \u00c1sia.<\/p>\n<p>Localizado no munic\u00edpio de Santana, no cora\u00e7\u00e3o do Amap\u00e1, o Porto receber\u00e1 o total de investimentos de R$ 25,4 milh\u00f5es do Governo Federal e do Governo do Amap\u00e1, integrando a Rota Ilha das Guianas, uma das cinco rotas de Integra\u00e7\u00e3o Sul-Americana.<\/p>\n<p>Obras de investimento do pr\u00f3prio Governo Federal, com contrapartida do Governo do Amap\u00e1. Entre as obras selecionadas, est\u00e3o a constru\u00e7\u00e3o do Terminal Hidrovi\u00e1rio de Passageiros de Santana, pavimenta\u00e7\u00e3o dos trechos norte e sul da BR-156, constru\u00e7\u00e3o da ponte sobre o Rio Jari e dos terminais hidrovi\u00e1rios de Mazag\u00e3o, Oiapoque, Laranjal do Jari e Cal\u00e7oene, al\u00e9m da Infovia de Laranjal do Jari a Oiapoque.<\/p>\n<p><b>Localiza\u00e7\u00e3o estrat\u00e9gica<\/b><\/p>\n<p>Mesmo com localiza\u00e7\u00e3o estrat\u00e9gica, extensa fronteira internacional e da infraestrutura do Porto de Santana, o estado do Amap\u00e1 ainda n\u00e3o possui rela\u00e7\u00f5es comerciais robustas com seus vizinhos, Guiana, Guiana Francesa e Suriname.<\/p>\n<p>\u201cQuero agradecer o conceito do presidente Lula, tanto como ministro de seu governo quanto por ser cidad\u00e3o do Amap\u00e1, que \u00e9 assegurar os recursos p\u00fablicos do Brasil, neste que \u00e9 um conjunto de obras mais priorit\u00e1rio para o estado, que \u00e9 ligar o Porto de Santana \u00e0 BR-156\u201d, disse o ministro Waldez G\u00f3es.<\/p>\n<p>E reafirmou: \u201cCom sua lideran\u00e7a e capacidade de planejamento, nos garantiu este sonho, pois o pedacinho feito at\u00e9 aqui deu uma guinada na situa\u00e7\u00e3o. N\u00e3o \u00e9 mais desejo s\u00f3 de quem mora na Amaz\u00f4nia, mas do presidente Lula. Agora vamos nos organizar como estado, pois o Amap\u00e1 tamb\u00e9m tem muito a contribuir com o pa\u00eds\u201d, disse o ministro da Integra\u00e7\u00e3o e do Desenvolvimento Regional.<\/p>\n<p>A ministra Simone Tebet explicou como ser\u00e1 o projeto. \u201cEstou aqui para anunciar em nome do presidente Lula um projeto de desenvolvimento para o Amap\u00e1, que \u00e9 a Rota de Integra\u00e7\u00e3o n\u00famero 1, que vai ligar definitivamente, de forma terrestre, o Amap\u00e1 ao Brasil, \u00e0 Guiana Francesa, Suriname, e com isso ter uma porta de acesso para a Europa. Isso vai significar emprego, renda\u201d, comemorou.<\/p>\n<p>\u201cN\u00e3o fizemos de qualquer maneira, conversamos com o governo do Amap\u00e1. Aqui n\u00f3s iremos tratar de rodovias, ferrovias, portos, e assim, n\u00f3s criaremos condi\u00e7\u00f5es para o Amap\u00e1 exportar mais. \u00c9 um primeiro passo de muitos que vir\u00e3o. O segundo passo \u00e9 que \u00e9 ouvir as demandas da popula\u00e7\u00e3o, do agricultor, do setor produtivo do estado, de uma maneira geral\u201d, completou Tebet.<\/p>\n<p><strong>Diretrizes<\/strong><\/p>\n<p>O projeto de desenvolvimento internacional foi concebido ap\u00f3s diretrizes apontadas pelo presidente da Rep\u00fablica Luiz In\u00e1cio Lula da Silva e elaborado com base em uma escuta ativa dos onze estados brasileiros que fazem fronteira com a Am\u00e9rica do Sul. Al\u00e9m de representar avan\u00e7o econ\u00f4mico para Santana, o projeto simboliza um passo significativo na concretiza\u00e7\u00e3o das vis\u00f5es de Integra\u00e7\u00e3o Sul-Americana acordadas pelos l\u00edderes pol\u00edticos da regi\u00e3o. Com o Terminal Hidrovi\u00e1rio, Santana estar\u00e1 preparada para se tornar um ponto focal vital no cen\u00e1rio econ\u00f4mico e log\u00edstico do Amap\u00e1 e, por extens\u00e3o, da Am\u00e9rica do Sul.<\/p>\n<p>O Amap\u00e1 se destaca entre os onze estados fronteiri\u00e7os brasileiros por sua proximidade com um pa\u00eds cuja popula\u00e7\u00e3o possui maior poder de compra do que a brasileira. Isso abre margem para a implementa\u00e7\u00e3o de programas que promovam o abastecimento do mercado da Guiana Francesa, com servi\u00e7os e bens produzidos pela economia amapaense ou paraense, como carnes, pescados, vestu\u00e1rio, materiais de limpeza e de constru\u00e7\u00e3o civil.<\/p>\n<p><b>Rotas de Integra\u00e7\u00e3o Sul-Americana<\/b><\/p>\n<p>As Rotas de Integra\u00e7\u00e3o e Desenvolvimento Sul-Americano t\u00eam como objetivo formar uma vasta teia de conex\u00f5es que irrigue e potencialize as rela\u00e7\u00f5es da economia brasileira com a dos pa\u00edses vizinhos e, inclusive, com os mercados emergentes da \u00c1sia Pac\u00edfico. As cinco rotas s\u00e3o:<\/p>\n<p>*Rota do Escudo Guianense, que inclui integralmente os estados de Amap\u00e1 e Roraima e partes do territ\u00f3rio do Amazonas e do Par\u00e1, articulada com a Guiana, a Guiana Francesa, o Suriname e a Venezuela;<\/p>\n<p>*Rota Multimodal Manta-Manaus, contemplando inteiramente o estado Amazonas e partes dos territ\u00f3rios de Roraima, Par\u00e1 e Amap\u00e1, interligada por via fluvial \u00e0 Col\u00f4mbia, Peru e Equador;<\/p>\n<p>*Rota do Quadrante Rondon, formado pelos estados do Acre e Rond\u00f4nia e por toda a por\u00e7\u00e3o oeste de Mato Grosso, conectada com Bol\u00edvia e Peru;<\/p>\n<p>*Rota de Capric\u00f3rnio, desde os estados de Mato Grosso do Sul, Paran\u00e1 e Santa Catarina, ligada, por m\u00faltiplas vias, a Paraguai, Argentina e Chile;<\/p>\n<p>*Rota Porto Alegre-Coquimbo, abrangendo o Rio Grande do Sul, integrada \u00e0 Argentina, Uruguai e Chile.<\/p>\n<p>Fonte: MIDR<\/p>\n<p> Fonte: Brasil61<\/p>\n<input type=\"hidden\" id=\"baseurl\" value=\"https:\/\/noticiasdestaque.com.br\"><input type=\"hidden\" id=\"audio_nonce\" value=\"eb7638fb71\">","protected":false},"excerpt":{"rendered":"<p>O planejamento de reestrutura\u00e7\u00e3o do Terminal Hidrovi\u00e1rio de Santana, no Amap\u00e1, vai refor\u00e7ar o com\u00e9rcio do Brasil, pa\u00edses da Am\u00e9rica do Sul, Europa e \u00c1sia<\/p>\n","protected":false},"author":1,"featured_media":13808,"comment_status":"open","ping_status":"open","sticky":false,"template":"","format":"standard","meta":{"fifu_image_url":"","fifu_image_alt":"","footnotes":""},"categories":[1],"tags":[],"class_list":["post-13806","post","type-post","status-publish","format-standard","has-post-thumbnail","hentry","category-uncategorized"],"distributor_meta":false,"distributor_terms":false,"distributor_media":false,"distributor_original_site_name":"Noticias em Destaque","distributor_original_site_url":"https:\/\/noticiasdestaque.com.br","push-errors":false,"_links":{"self":[{"href":"https:\/\/noticiasdestaque.com.br\/index.php\/wp-json\/wp\/v2\/posts\/13806","targetHints":{"allow":["GET"]}}],"collection":[{"href":"https:\/\/noticiasdestaque.com.br\/index.php\/wp-json\/wp\/v2\/posts"}],"about":[{"href":"https:\/\/noticiasdestaque.com.br\/index.php\/wp-json\/wp\/v2\/types\/post"}],"author":[{"embeddable":true,"href":"https:\/\/noticiasdestaque.com.br\/index.php\/wp-json\/wp\/v2\/users\/1"}],"replies":[{"embeddable":true,"href":"https:\/\/noticiasdestaque.com.br\/index.php\/wp-json\/wp\/v2\/comments?post=13806"}],"version-history":[{"count":1,"href":"https:\/\/noticiasdestaque.com.br\/index.php\/wp-json\/wp\/v2\/posts\/13806\/revisions"}],"predecessor-version":[{"id":13807,"href":"https:\/\/noticiasdestaque.com.br\/index.php\/wp-json\/wp\/v2\/posts\/13806\/revisions\/13807"}],"wp:featuredmedia":[{"embeddable":true,"href":"https:\/\/noticiasdestaque.com.br\/index.php\/wp-json\/wp\/v2\/media\/13808"}],"wp:attachment":[{"href":"https:\/\/noticiasdestaque.com.br\/index.php\/wp-json\/wp\/v2\/media?parent=13806"}],"wp:term":[{"taxonomy":"category","embeddable":true,"href":"https:\/\/noticiasdestaque.com.br\/index.php\/wp-json\/wp\/v2\/categories?post=13806"},{"taxonomy":"post_tag","embeddable":true,"href":"https:\/\/noticiasdestaque.com.br\/index.php\/wp-json\/wp\/v2\/tags?post=13806"}],"curies":[{"name":"wp","href":"https:\/\/api.w.org\/{rel}","templated":true}]}}