{"id":13800,"date":"2024-05-13T14:38:00","date_gmt":"2024-05-13T14:38:00","guid":{"rendered":"https:\/\/noticiasdestaque.com.br\/index.php\/2024\/05\/13\/ministerio-da-saude-reforca-atendimento-em-saude-mental-em-abrigos-e-unidades-de-saude-no-rs\/"},"modified":"2024-05-13T14:38:00","modified_gmt":"2024-05-13T14:38:00","slug":"ministerio-da-saude-reforca-atendimento-em-saude-mental-em-abrigos-e-unidades-de-saude-no-rs","status":"publish","type":"post","link":"https:\/\/noticiasdestaque.com.br\/index.php\/2024\/05\/13\/ministerio-da-saude-reforca-atendimento-em-saude-mental-em-abrigos-e-unidades-de-saude-no-rs\/","title":{"rendered":"Minist\u00e9rio da Sa\u00fade refor\u00e7a atendimento em sa\u00fade mental em abrigos e unidades de sa\u00fade no RS"},"content":{"rendered":"<p>A sa\u00fade mental de quem viveu uma trag\u00e9dia \u2014 como a que os ga\u00fachos enfrentam desde o come\u00e7o deste m\u00eas \u2014 precisa de cuidados e aten\u00e7\u00e3o. Por isso, o Minist\u00e9rio da Sa\u00fade elabora um plano de atendimento de sa\u00fade mental para a popula\u00e7\u00e3o atingida pelas enchentes e os trabalhadores e gestores que est\u00e3o atuando na regi\u00e3o.<\/p>\n<p>O coordenador da For\u00e7a Nacional do Sistema \u00danico de Sa\u00fade (SUS), Fausto Soriano Estrela Neto, adianta que o plano vai tratar do atendimento indicado para crian\u00e7as, idosos e pessoas em vulnerabilidade social e da comunica\u00e7\u00e3o de massa. Outro ponto que j\u00e1 foi definido \u00e9 o apoio do telessa\u00fade nos atendimentos.<\/p>\n<p>\u201cTemos um colapso na estrutura de sa\u00fade do Rio Grande do Sul, que foi destru\u00edda pela enchente. Estamos concluindo a an\u00e1lise de onde temos comunica\u00e7\u00e3o e como podemos us\u00e1-la. Uma das camadas \u00e9 telegest\u00e3o, teleatendimento, teleconsulta e tele-educa\u00e7\u00e3o para chegar a um p\u00fablico maior.\u201d<\/p>\n<p>Desde o come\u00e7o das enchentes, o atendimento psicossocial \u00e9 feito por equipes volantes nas unidades m\u00e9dicas e abrigos. A equipe foi refor\u00e7ada esta semana com a chegada de outra equipe de psic\u00f3logos \u00e0 cidade de Canoas.<\/p>\n<p>At\u00e9 agora, o Minist\u00e9rio j\u00e1 diagnosticou as regionais mais afetadas em sa\u00fade mental em seis pontos do estado, definiu a estrat\u00e9gia de atendimento e qualificou as equipes locais para acolhimento, estabiliza\u00e7\u00e3o emocional, aux\u00edlio na tomada de decis\u00f5es para gestores e trabalhadores de todo o estado; entre outras a\u00e7\u00f5es. <\/p>\n<p> Fonte: Brasil61<\/p>\n<input type=\"hidden\" id=\"baseurl\" value=\"https:\/\/noticiasdestaque.com.br\"><input type=\"hidden\" id=\"audio_nonce\" value=\"581f3017e1\">","protected":false},"excerpt":{"rendered":"<p>Profissionais est\u00e3o atuando no apoio \u00e0 popula\u00e7\u00e3o afetada pelas enchentes e aos trabalhadores e gestores que atuam na regi\u00e3o<\/p>\n","protected":false},"author":1,"featured_media":13802,"comment_status":"open","ping_status":"open","sticky":false,"template":"","format":"standard","meta":{"fifu_image_url":"","fifu_image_alt":"","footnotes":""},"categories":[1],"tags":[112],"class_list":["post-13800","post","type-post","status-publish","format-standard","has-post-thumbnail","hentry","category-uncategorized","tag-energreener"],"distributor_meta":false,"distributor_terms":false,"distributor_media":false,"distributor_original_site_name":"Noticias em Destaque","distributor_original_site_url":"https:\/\/noticiasdestaque.com.br","push-errors":false,"_links":{"self":[{"href":"https:\/\/noticiasdestaque.com.br\/index.php\/wp-json\/wp\/v2\/posts\/13800","targetHints":{"allow":["GET"]}}],"collection":[{"href":"https:\/\/noticiasdestaque.com.br\/index.php\/wp-json\/wp\/v2\/posts"}],"about":[{"href":"https:\/\/noticiasdestaque.com.br\/index.php\/wp-json\/wp\/v2\/types\/post"}],"author":[{"embeddable":true,"href":"https:\/\/noticiasdestaque.com.br\/index.php\/wp-json\/wp\/v2\/users\/1"}],"replies":[{"embeddable":true,"href":"https:\/\/noticiasdestaque.com.br\/index.php\/wp-json\/wp\/v2\/comments?post=13800"}],"version-history":[{"count":1,"href":"https:\/\/noticiasdestaque.com.br\/index.php\/wp-json\/wp\/v2\/posts\/13800\/revisions"}],"predecessor-version":[{"id":13801,"href":"https:\/\/noticiasdestaque.com.br\/index.php\/wp-json\/wp\/v2\/posts\/13800\/revisions\/13801"}],"wp:featuredmedia":[{"embeddable":true,"href":"https:\/\/noticiasdestaque.com.br\/index.php\/wp-json\/wp\/v2\/media\/13802"}],"wp:attachment":[{"href":"https:\/\/noticiasdestaque.com.br\/index.php\/wp-json\/wp\/v2\/media?parent=13800"}],"wp:term":[{"taxonomy":"category","embeddable":true,"href":"https:\/\/noticiasdestaque.com.br\/index.php\/wp-json\/wp\/v2\/categories?post=13800"},{"taxonomy":"post_tag","embeddable":true,"href":"https:\/\/noticiasdestaque.com.br\/index.php\/wp-json\/wp\/v2\/tags?post=13800"}],"curies":[{"name":"wp","href":"https:\/\/api.w.org\/{rel}","templated":true}]}}