{"id":13739,"date":"2024-05-06T20:09:00","date_gmt":"2024-05-06T23:09:00","guid":{"rendered":"https:\/\/noticiasdestaque.com.br\/index.php\/2024\/05\/06\/fiocruz-alerta-para-aumento-nas-internacoes-causadas-pela-influenza-e-vsr\/"},"modified":"2024-05-10T06:20:52","modified_gmt":"2024-05-10T09:20:52","slug":"fiocruz-alerta-para-aumento-nas-internacoes-causadas-pela-influenza-e-vsr","status":"publish","type":"post","link":"https:\/\/noticiasdestaque.com.br\/index.php\/2024\/05\/06\/fiocruz-alerta-para-aumento-nas-internacoes-causadas-pela-influenza-e-vsr\/","title":{"rendered":"Fiocruz alerta para aumento nas interna\u00e7\u00f5es causadas pela influenza e VSR"},"content":{"rendered":"<p>Os casos de S\u00edndrome Respirat\u00f3ria Aguda Grave (SRAG) continuam aumentando no Brasil, revela o novo Boletim Infogripe da Fiocruz.<\/p>\n<p>O coordenador do estudo, Marcelo Gomes, destaca que o cen\u00e1rio atual \u00e9 resultado do crescimento dos casos do <a href=\"https:\/\/clinicaderecuperacaobrasil.wordpress.com\/\">v\u00edrus<\/a> sincicial respirat\u00f3rio (VSR) e de influenza em diversas regi\u00f5es do pa\u00eds.<\/p>\n<p>A an\u00e1lise ressalta que o aumento da circula\u00e7\u00e3o do VSR tem ocasionado um aumento significativo na incid\u00eancia e mortalidade de SRAG em crian\u00e7as pequenas, ultrapassando os n\u00fameros associados \u00e0 Covid-19 nessa faixa et\u00e1ria.<\/p>\n<p>\u201cSemana ap\u00f3s semana, continuamos observando o aumento de interna\u00e7\u00f5es associadas, principalmente a esses dois v\u00edrus respirat\u00f3rios, em praticamente todo o pa\u00eds, em estados de todas as regi\u00f5es brasileiras. Com isso, obviamente, refor\u00e7o a import\u00e2ncia da popula\u00e7\u00e3o buscar a vacina contra a gripe em particular, sabemos que est\u00e1 com a campanha aberta em todo o pa\u00eds\u201d, pontua Gomes.<\/p>\n<p>De acordo com o Minist\u00e9rio da Sa\u00fade, todas as pessoas com mais de 6 meses de idade podem se vacinar contra a gripe. Os estados e munic\u00edpios t\u00eam autonomia para definir os p\u00fablicos, de acordo com seus estoques de vacina.<\/p>\n<p>Manoel Pal\u00e1cios, infectologista do Hospital Anchieta (DF), informa que a vacina contra a gripe \u00e9 importante para reduzir as formas graves da doen\u00e7a em pacientes de alto risco, como idosos, gestantes e imunossuprimidos.<\/p>\n<p>\u201cTamb\u00e9m para reduzir a transmiss\u00e3o dos pacientes saud\u00e1veis para aqueles que t\u00eam maior risco de adoecer. Em uma estrat\u00e9gia de, por exemplo, vacinar as pessoas que moram com pacientes imunossuprimidos para evitar que eles desenvolvam doen\u00e7as. Ou vacinamos profissionais de sa\u00fade, evitando que eles transmitam a doen\u00e7a para os seus pacientes, que s\u00e3o popula\u00e7\u00f5es j\u00e1 fragilizadas\u201d, explica.<\/p>\n<p>Nas \u00faltimas quatro semanas epidemiol\u00f3gicas, a preval\u00eancia dos casos com resultado positivo para v\u00edrus respirat\u00f3rios foi de 24,3% para influenza A, 0,4% para influenza B, 58,0% para v\u00edrus sincicial respirat\u00f3rio e 7,9% para Sars-CoV-2 (Covid-19).<\/p>\n<h2>SRAG<\/h2>\n<p>Entre as capitais, 19 apresentam sinal de crescimento nos casos de SRAG. S\u00e3o elas:<\/p>\n<ul>\n<li>Aracaju (SE)<\/li>\n<li>Boa Vista (RR)<\/li>\n<li>Plano Piloto e arredores de Bras\u00edlia (DF)<\/li>\n<li>Campo Grande (MS)<\/li>\n<li>Cuiab\u00e1 (MT)<\/li>\n<li>Curitiba (PR)<\/li>\n<li>Florian\u00f3polis (SC)<\/li>\n<li>Goi\u00e2nia (GO)<\/li>\n<li>Jo\u00e3o Pessoa (PB)<\/li>\n<li>Macei\u00f3 (AL)<\/li>\n<li>Manaus (AM)<\/li>\n<li>Palmas (TO)<\/li>\n<li>Porto Alegre (RS)<\/li>\n<li>Porto Velho (RO)<\/li>\n<li>Recife (PE)<\/li>\n<li>Rio de Janeiro (RJ)<\/li>\n<li>S\u00e3o Lu\u00eds (MA)<\/li>\n<li>S\u00e3o Paulo (SP)<\/li>\n<li>Vit\u00f3ria (ES)<\/li>\n<\/ul>\n<p>Fonte: Brasil61<\/p>\n<input type=\"hidden\" id=\"baseurl\" value=\"https:\/\/noticiasdestaque.com.br\"><input type=\"hidden\" id=\"audio_nonce\" value=\"eb7638fb71\">","protected":false},"excerpt":{"rendered":"<p>Especialista alerta para a import\u00e2ncia da vacina contra influenza, especialmente para grupos de risco<\/p>\n","protected":false},"author":1,"featured_media":13741,"comment_status":"open","ping_status":"open","sticky":false,"template":"","format":"standard","meta":{"fifu_image_url":"","fifu_image_alt":"","footnotes":""},"categories":[1],"tags":[112],"class_list":["post-13739","post","type-post","status-publish","format-standard","has-post-thumbnail","hentry","category-uncategorized","tag-energreener"],"distributor_meta":false,"distributor_terms":false,"distributor_media":false,"distributor_original_site_name":"Noticias em Destaque","distributor_original_site_url":"https:\/\/noticiasdestaque.com.br","push-errors":false,"_links":{"self":[{"href":"https:\/\/noticiasdestaque.com.br\/index.php\/wp-json\/wp\/v2\/posts\/13739","targetHints":{"allow":["GET"]}}],"collection":[{"href":"https:\/\/noticiasdestaque.com.br\/index.php\/wp-json\/wp\/v2\/posts"}],"about":[{"href":"https:\/\/noticiasdestaque.com.br\/index.php\/wp-json\/wp\/v2\/types\/post"}],"author":[{"embeddable":true,"href":"https:\/\/noticiasdestaque.com.br\/index.php\/wp-json\/wp\/v2\/users\/1"}],"replies":[{"embeddable":true,"href":"https:\/\/noticiasdestaque.com.br\/index.php\/wp-json\/wp\/v2\/comments?post=13739"}],"version-history":[{"count":2,"href":"https:\/\/noticiasdestaque.com.br\/index.php\/wp-json\/wp\/v2\/posts\/13739\/revisions"}],"predecessor-version":[{"id":13773,"href":"https:\/\/noticiasdestaque.com.br\/index.php\/wp-json\/wp\/v2\/posts\/13739\/revisions\/13773"}],"wp:featuredmedia":[{"embeddable":true,"href":"https:\/\/noticiasdestaque.com.br\/index.php\/wp-json\/wp\/v2\/media\/13741"}],"wp:attachment":[{"href":"https:\/\/noticiasdestaque.com.br\/index.php\/wp-json\/wp\/v2\/media?parent=13739"}],"wp:term":[{"taxonomy":"category","embeddable":true,"href":"https:\/\/noticiasdestaque.com.br\/index.php\/wp-json\/wp\/v2\/categories?post=13739"},{"taxonomy":"post_tag","embeddable":true,"href":"https:\/\/noticiasdestaque.com.br\/index.php\/wp-json\/wp\/v2\/tags?post=13739"}],"curies":[{"name":"wp","href":"https:\/\/api.w.org\/{rel}","templated":true}]}}