{"id":13733,"date":"2024-05-06T20:39:00","date_gmt":"2024-05-06T20:39:00","guid":{"rendered":"https:\/\/noticiasdestaque.com.br\/index.php\/2024\/05\/06\/com-desoneracao-da-folha-suspensa-setores-projetam-queda-produtiva-e-demissoes\/"},"modified":"2024-05-06T20:39:00","modified_gmt":"2024-05-06T20:39:00","slug":"com-desoneracao-da-folha-suspensa-setores-projetam-queda-produtiva-e-demissoes","status":"publish","type":"post","link":"https:\/\/noticiasdestaque.com.br\/index.php\/2024\/05\/06\/com-desoneracao-da-folha-suspensa-setores-projetam-queda-produtiva-e-demissoes\/","title":{"rendered":"Com desonera\u00e7\u00e3o da folha suspensa, setores projetam queda produtiva e demiss\u00f5es"},"content":{"rendered":"<p>Com a suspens\u00e3o da desonera\u00e7\u00e3o da folha de pagamentos, empresas dos setores alcan\u00e7ados pelo mecanismo j\u00e1 projetam queda produtiva e demiss\u00f5es. Segundo entendimento da Receita Federal, a liminar do ministro Cristiano Zanin, do Supremo Tribunal Federal (STF), tem efeitos desde sua publica\u00e7\u00e3o \u2014 26 de abril \u2014, o que significa que, a partir de maio, as empresas devem voltar \u00e0 recolher para a Previd\u00eancia com base na remunera\u00e7\u00e3o dos funcion\u00e1rios \u2014 e n\u00e3o mais com base no faturamento. <\/p>\n<p>Ao Brasil 61, Vivien Suruagy, presidente da Federa\u00e7\u00e3o Nacional de Call Center, Instala\u00e7\u00e3o e Manuten\u00e7\u00e3o de Infraestrutura de Redes de Telecomunica\u00e7\u00f5es e de Inform\u00e1tica (Feninfra), afirmou que 16% dos 2,5 milh\u00f5es de empregos gerados pelas empresas desses setores est\u00e3o em risco. <\/p>\n<p>&#8220;A nossa previs\u00e3o de perda de emprego \u00e9 de, aproximadamente, 400 mil trabalhadores em dois anos, fora a quebra de empresas. A situa\u00e7\u00e3o \u00e9 muito cr\u00edtica&#8221;, aponta. Suruagy diz que as empresas tamb\u00e9m est\u00e3o suspendendo negocia\u00e7\u00f5es com entidades sindicais, porque &#8220;n\u00e3o t\u00eam o que oferecer para o trabalhador&#8221;, afirma. <\/p>\n<p>Segundo a Abical\u00e7ados, que representa o setor cal\u00e7adista, a reonera\u00e7\u00e3o da folha ir\u00e1 reduzir a produ\u00e7\u00e3o de cal\u00e7ados em mais de 20% \u2014 o que significa 150 milh\u00f5es de pares a menos. A retra\u00e7\u00e3o da atividade pode levar a 30 mil demiss\u00f5es, em dois anos. <\/p>\n<\/p>\n<h2>Articula\u00e7\u00e3o<\/h2>\n<p>Tendo o apoio de boa parte dos l\u00edderes do Congresso Nacional, como do presidente do Senado, Rodrigo Pacheco (PSD-MG), representantes dos setores produtivos trabalham em v\u00e1rias frentes para reverter o quadro. <\/p>\n<p>No STF, o voto de Zanin foi acompanhado por outros quatro ministros. Quando o placar estava 5 a 0 pelo fim da desonera\u00e7\u00e3o, o ministro Luiz Fux pediu vistas, e o julgamento foi interrompido. Restam seis votos, o que significa que a volta da desonera\u00e7\u00e3o depende de apoio integral dos ministros que ainda v\u00e3o se manifestar. <\/p>\n<p>Pacheco e os representantes setoriais tentam convencer os demais ministros a votar a favor da desonera\u00e7\u00e3o. &#8220;N\u00f3s vamos por diversos caminhos. Um \u00e9 o convencimento no STF, claro. N\u00f3s n\u00e3o temos condi\u00e7\u00e3o de pagar isso, \u00e9 uma insanidade este valor vir agora, de repente. N\u00f3s vamos entrar como a<em>micus curiae<\/em>, para convencer que est\u00e1 tudo dentro da lei&#8221;, diz Suruagy. No direito, <em>amicus curiae <\/em>\u00e9 uma medida que permite um terceiro interessado, que n\u00e3o faz parte do processo, oferecer informa\u00e7\u00f5es sobre a demanda que est\u00e1 sendo julgada.<\/p>\n<p>Ainda sobre a articula\u00e7\u00e3o, Fernando Valente Pimentel, diretor-superintendente da Associa\u00e7\u00e3o Brasileira da Ind\u00fastria T\u00eaxtil e de Confec\u00e7\u00e3o (Abit), diz que, no momento, &#8220;h\u00e1 muito calor&#8221; e &#8220;pouca luz&#8221; \u2014 e que ainda n\u00e3o h\u00e1 consenso sobre o melhor endere\u00e7amento quanto ao tema. <\/p>\n<p>&#8220;Estamos tratando com o Congresso, que foi desrespeitado na sua decis\u00e3o soberana, entende que devemos encaminhar e endere\u00e7ar a quest\u00e3o. N\u00f3s estamos vendo as partes jur\u00eddicas, do ponto de vista mais objetivo e pr\u00e1tico para as empresas. Agora, no que diz respeito \u00e0 solu\u00e7\u00e3o pelo Legislativo, n\u00f3s estamos mantendo conversa com os parlamentares, mas ainda n\u00e3o tem o melhor endere\u00e7amento&#8221;, indica. \n <\/p>\n<p> Fonte: Brasil61<\/p>\n<input type=\"hidden\" id=\"baseurl\" value=\"https:\/\/noticiasdestaque.com.br\"><input type=\"hidden\" id=\"audio_nonce\" value=\"eb7638fb71\">","protected":false},"excerpt":{"rendered":"<p>S\u00f3 o setor de call center e infraestrutura de telecomuni\u00e7\u00f5es e inform\u00e1tica projeta 400 mil baixas em dois anos<\/p>\n","protected":false},"author":1,"featured_media":13735,"comment_status":"open","ping_status":"open","sticky":false,"template":"","format":"standard","meta":{"fifu_image_url":"","fifu_image_alt":"","footnotes":""},"categories":[1],"tags":[107],"class_list":["post-13733","post","type-post","status-publish","format-standard","has-post-thumbnail","hentry","category-uncategorized","tag-closer-vendedor-milionario"],"distributor_meta":false,"distributor_terms":false,"distributor_media":false,"distributor_original_site_name":"Noticias em Destaque","distributor_original_site_url":"https:\/\/noticiasdestaque.com.br","push-errors":false,"_links":{"self":[{"href":"https:\/\/noticiasdestaque.com.br\/index.php\/wp-json\/wp\/v2\/posts\/13733","targetHints":{"allow":["GET"]}}],"collection":[{"href":"https:\/\/noticiasdestaque.com.br\/index.php\/wp-json\/wp\/v2\/posts"}],"about":[{"href":"https:\/\/noticiasdestaque.com.br\/index.php\/wp-json\/wp\/v2\/types\/post"}],"author":[{"embeddable":true,"href":"https:\/\/noticiasdestaque.com.br\/index.php\/wp-json\/wp\/v2\/users\/1"}],"replies":[{"embeddable":true,"href":"https:\/\/noticiasdestaque.com.br\/index.php\/wp-json\/wp\/v2\/comments?post=13733"}],"version-history":[{"count":1,"href":"https:\/\/noticiasdestaque.com.br\/index.php\/wp-json\/wp\/v2\/posts\/13733\/revisions"}],"predecessor-version":[{"id":13734,"href":"https:\/\/noticiasdestaque.com.br\/index.php\/wp-json\/wp\/v2\/posts\/13733\/revisions\/13734"}],"wp:featuredmedia":[{"embeddable":true,"href":"https:\/\/noticiasdestaque.com.br\/index.php\/wp-json\/wp\/v2\/media\/13735"}],"wp:attachment":[{"href":"https:\/\/noticiasdestaque.com.br\/index.php\/wp-json\/wp\/v2\/media?parent=13733"}],"wp:term":[{"taxonomy":"category","embeddable":true,"href":"https:\/\/noticiasdestaque.com.br\/index.php\/wp-json\/wp\/v2\/categories?post=13733"},{"taxonomy":"post_tag","embeddable":true,"href":"https:\/\/noticiasdestaque.com.br\/index.php\/wp-json\/wp\/v2\/tags?post=13733"}],"curies":[{"name":"wp","href":"https:\/\/api.w.org\/{rel}","templated":true}]}}