{"id":13676,"date":"2024-04-30T14:54:00","date_gmt":"2024-04-30T14:54:00","guid":{"rendered":"https:\/\/noticiasdestaque.com.br\/index.php\/2024\/04\/30\/em-meio-a-epidemia-de-dengue-ministerio-da-saude-inaugura-biofabrica-de-mosquitos-nao-transmissores-de-virus\/"},"modified":"2024-04-30T14:54:00","modified_gmt":"2024-04-30T14:54:00","slug":"em-meio-a-epidemia-de-dengue-ministerio-da-saude-inaugura-biofabrica-de-mosquitos-nao-transmissores-de-virus","status":"publish","type":"post","link":"https:\/\/noticiasdestaque.com.br\/index.php\/2024\/04\/30\/em-meio-a-epidemia-de-dengue-ministerio-da-saude-inaugura-biofabrica-de-mosquitos-nao-transmissores-de-virus\/","title":{"rendered":"Em meio \u00e0 epidemia de dengue, Minist\u00e9rio da Sa\u00fade inaugura biof\u00e1brica de mosquitos n\u00e3o transmissores de v\u00edrus"},"content":{"rendered":"<p>O Brasil registrou 131.900 casos prov\u00e1veis de dengue na \u00faltima semana epidemiol\u00f3gica de abril (semana 16), o que representa uma queda de 55% em rela\u00e7\u00e3o \u00e0 semana anterior, de acordo com o Painel de Monitoramento das Arboviroses do Minist\u00e9rio da Sa\u00fade. <\/p>\n<p>Mesmo com a redu\u00e7\u00e3o, o n\u00famero de casos prov\u00e1veis da doen\u00e7a neste ano j\u00e1 \u00e9 mais que o dobro do que o registrado em todo o ano passado: 1.649.144. <\/p>\n<p>At\u00e9 o momento, 1.937 pessoas morreram por causa da dengue no pa\u00eds em 2024 e outras 2.345 mortes est\u00e3o em investiga\u00e7\u00e3o. O Distrito Federal (8320,7) lidera a lista dos maiores coeficientes de incid\u00eancia \u2014 taxa que estima o risco de ocorr\u00eancia de casos em uma determinada popula\u00e7\u00e3o, considerando 100 mil habitantes \u2014 com 234.400 casos prov\u00e1veis. Em seguida, vem Minas Gerais (5795,3), com 1.190.280 casos prov\u00e1veis e Paran\u00e1 (3463,8), com 396.367 \u2014 todos acima do coeficiente nacional, que \u00e9 de 1931,1.<\/p>\n<p>Para aumentar o combate a doen\u00e7as causadas pelo Aedes aegypti, na tarde desta segunda-feira (29), foi inaugurada em Belo Horizonte a biof\u00e1brica do M\u00e9todo Wolbachia, pelo Minist\u00e9rio da Sa\u00fade, em parceria com o governo de Minas Gerais e a prefeitura da cidade. A administra\u00e7\u00e3o ser\u00e1 da Fiocruz, em parceria com o World Mosquito Program (WMP), institui\u00e7\u00e3o que det\u00e9m a patente da tecnologia. <\/p>\n<p>O m\u00e9todo consiste na libera\u00e7\u00e3o de mosquitos <em>Aedes aegypt<\/em>i com a bact\u00e9ria Wolbachia, que impede que os v\u00edrus da dengue, Zika e chikungunya se desenvolvam no inseto. A partir disso, \u00e9 criada uma nova popula\u00e7\u00e3o de mosquitos, todos com a bact\u00e9ria \u2014 os chamados de Wolbitos \u2014, que n\u00e3o s\u00e3o geneticamente modificados e n\u00e3o transmitem doen\u00e7as.<\/p>\n<p>A unidade ser\u00e1 respons\u00e1vel pela manuten\u00e7\u00e3o do ciclo completo dos mosquitos. A previs\u00e3o \u00e9 de que a opera\u00e7\u00e3o seja iniciada em 2025 e a estimativa de produ\u00e7\u00e3o \u00e9 de dois milh\u00f5es de mosquitos por semana. Na primeira fase, os insetos ser\u00e3o soltos na cidade de Brumadinho e em outros 21 munic\u00edpios da Bacia do Rio Paraopeba.<\/p>\n<h2>Efic\u00e1cia <\/h2>\n<p>A aplica\u00e7\u00e3o do M\u00e9todo Wolbachia em Niter\u00f3i, no Rio de Janeiro, mostrou uma redu\u00e7\u00e3o de 69,4% dos casos de dengue, 56,3% nos casos de chikungunya e 37% nos casos de Zika na cidade, segundo o Minist\u00e9rio da Sa\u00fade. <\/p>\n<p>Em partes da capital mineira a tecnologia j\u00e1 havia sido testada com a libera\u00e7\u00e3o de mosquitos. A primeira etapa, na regi\u00e3o de Venda Nova, foi finalizada em janeiro de 2021 e uma expans\u00e3o foi finalizada em 2023. A nova biof\u00e1brica fica no bairro Gameleira, regi\u00e3o oeste da capital mineira e tem 4 mil m\u00b2. <\/p>\n<p>Participaram da  solenidade de conclus\u00e3o da obra o Governo de Minas Gerais, o Minist\u00e9rio P\u00fablico (MPMG), o Minist\u00e9rio P\u00fablico Federal (MPF) e a Defensoria P\u00fablica (DPMG), al\u00e9m de representantes do Minist\u00e9rio da Sa\u00fade e do World Mosquito Program (WMP) Brasil\/Fiocruz.<\/p>\n<p> Fonte: Brasil61<\/p>\n<input type=\"hidden\" id=\"baseurl\" value=\"https:\/\/noticiasdestaque.com.br\"><input type=\"hidden\" id=\"audio_nonce\" value=\"581f3017e1\">","protected":false},"excerpt":{"rendered":"<p>Opera\u00e7\u00f5es com M\u00e9todo Wolbachia devem iniciar em 2025 em Belo Horizonte<\/p>\n","protected":false},"author":1,"featured_media":13678,"comment_status":"open","ping_status":"open","sticky":false,"template":"","format":"standard","meta":{"fifu_image_url":"","fifu_image_alt":"","footnotes":""},"categories":[1],"tags":[112],"class_list":["post-13676","post","type-post","status-publish","format-standard","has-post-thumbnail","hentry","category-uncategorized","tag-energreener"],"distributor_meta":false,"distributor_terms":false,"distributor_media":false,"distributor_original_site_name":"Noticias em Destaque","distributor_original_site_url":"https:\/\/noticiasdestaque.com.br","push-errors":false,"_links":{"self":[{"href":"https:\/\/noticiasdestaque.com.br\/index.php\/wp-json\/wp\/v2\/posts\/13676","targetHints":{"allow":["GET"]}}],"collection":[{"href":"https:\/\/noticiasdestaque.com.br\/index.php\/wp-json\/wp\/v2\/posts"}],"about":[{"href":"https:\/\/noticiasdestaque.com.br\/index.php\/wp-json\/wp\/v2\/types\/post"}],"author":[{"embeddable":true,"href":"https:\/\/noticiasdestaque.com.br\/index.php\/wp-json\/wp\/v2\/users\/1"}],"replies":[{"embeddable":true,"href":"https:\/\/noticiasdestaque.com.br\/index.php\/wp-json\/wp\/v2\/comments?post=13676"}],"version-history":[{"count":1,"href":"https:\/\/noticiasdestaque.com.br\/index.php\/wp-json\/wp\/v2\/posts\/13676\/revisions"}],"predecessor-version":[{"id":13677,"href":"https:\/\/noticiasdestaque.com.br\/index.php\/wp-json\/wp\/v2\/posts\/13676\/revisions\/13677"}],"wp:featuredmedia":[{"embeddable":true,"href":"https:\/\/noticiasdestaque.com.br\/index.php\/wp-json\/wp\/v2\/media\/13678"}],"wp:attachment":[{"href":"https:\/\/noticiasdestaque.com.br\/index.php\/wp-json\/wp\/v2\/media?parent=13676"}],"wp:term":[{"taxonomy":"category","embeddable":true,"href":"https:\/\/noticiasdestaque.com.br\/index.php\/wp-json\/wp\/v2\/categories?post=13676"},{"taxonomy":"post_tag","embeddable":true,"href":"https:\/\/noticiasdestaque.com.br\/index.php\/wp-json\/wp\/v2\/tags?post=13676"}],"curies":[{"name":"wp","href":"https:\/\/api.w.org\/{rel}","templated":true}]}}