{"id":13644,"date":"2024-04-26T12:00:00","date_gmt":"2024-04-26T12:00:00","guid":{"rendered":"https:\/\/noticiasdestaque.com.br\/index.php\/2024\/04\/26\/exportacoes-do-boi-gordo-devem-bater-recorde-em-abril\/"},"modified":"2024-04-26T12:00:00","modified_gmt":"2024-04-26T12:00:00","slug":"exportacoes-do-boi-gordo-devem-bater-recorde-em-abril","status":"publish","type":"post","link":"https:\/\/noticiasdestaque.com.br\/index.php\/2024\/04\/26\/exportacoes-do-boi-gordo-devem-bater-recorde-em-abril\/","title":{"rendered":"Exporta\u00e7\u00f5es do boi gordo devem bater recorde em abril"},"content":{"rendered":"<p>De acordo com analistas do Cepea\/USP, \u00e9 poss\u00edvel que as exporta\u00e7\u00f5es brasileiras de carne bovina in natura tenham recorde em abril de 2024. Isto deve equilibrar a oferta interna, em um cen\u00e1rio de seguidas quedas de pre\u00e7o da mercadoria.<\/p>\n<p>Hoje, a cota\u00e7\u00e3o do boi gordo come\u00e7ou o dia a R$ 233,15 no estado de S\u00e3o Paulo. O valor \u00e9 referente \u00e0 arroba de 15 kg. <\/p>\n<p>O cen\u00e1rio de seguidas quedas tamb\u00e9m acontece para o su\u00edno. Neste caso, a demanda interna est\u00e1 fraca e a oferta est\u00e1 elevada, principalmente no sul do Pa\u00eds  \u2014 o maior polo produtor. Em Santa Catarina e no Paran\u00e1, o pre\u00e7o do quilo do su\u00edno vivo \u00e9 de R$ 5,70, enquanto no Rio Grande do Sul \u00e9 de R$ 5,77. J\u00e1 o quilo da carca\u00e7a su\u00edna \u00e9 de R$ 9,30\/quilo, para atacado na grande S\u00e3o Paulo. <\/p>\n<p>J\u00e1 os pre\u00e7os do frango congelado e do frango resfriado est\u00e3o est\u00e1veis, a R$ 7,07 e 7,22\/quilo, para a regi\u00e3o de refer\u00eancia da Grande S\u00e3o Paulo, S\u00e3o Jos\u00e9 do Rio Preto e Descalvado. <\/p>\n<p>As informa\u00e7\u00f5es s\u00e3o do <a href=\"https:\/\/www.cepea.esalq.usp.br\/br\">Cepea<\/a>. \n <\/p>\n<p> Fonte: Brasil61<\/p>\n<input type=\"hidden\" id=\"baseurl\" value=\"https:\/\/noticiasdestaque.com.br\"><input type=\"hidden\" id=\"audio_nonce\" value=\"6f73a554f1\">","protected":false},"excerpt":{"rendered":"<p>O poss\u00edvel recorde de exporta\u00e7\u00f5es deve equilibrar a oferta interna da mercadoria<\/p>\n","protected":false},"author":1,"featured_media":13646,"comment_status":"open","ping_status":"open","sticky":false,"template":"","format":"standard","meta":{"fifu_image_url":"","fifu_image_alt":"","footnotes":""},"categories":[1],"tags":[107],"class_list":["post-13644","post","type-post","status-publish","format-standard","has-post-thumbnail","hentry","category-uncategorized","tag-closer-vendedor-milionario"],"distributor_meta":false,"distributor_terms":false,"distributor_media":false,"distributor_original_site_name":"Noticias em Destaque","distributor_original_site_url":"https:\/\/noticiasdestaque.com.br","push-errors":false,"_links":{"self":[{"href":"https:\/\/noticiasdestaque.com.br\/index.php\/wp-json\/wp\/v2\/posts\/13644","targetHints":{"allow":["GET"]}}],"collection":[{"href":"https:\/\/noticiasdestaque.com.br\/index.php\/wp-json\/wp\/v2\/posts"}],"about":[{"href":"https:\/\/noticiasdestaque.com.br\/index.php\/wp-json\/wp\/v2\/types\/post"}],"author":[{"embeddable":true,"href":"https:\/\/noticiasdestaque.com.br\/index.php\/wp-json\/wp\/v2\/users\/1"}],"replies":[{"embeddable":true,"href":"https:\/\/noticiasdestaque.com.br\/index.php\/wp-json\/wp\/v2\/comments?post=13644"}],"version-history":[{"count":1,"href":"https:\/\/noticiasdestaque.com.br\/index.php\/wp-json\/wp\/v2\/posts\/13644\/revisions"}],"predecessor-version":[{"id":13645,"href":"https:\/\/noticiasdestaque.com.br\/index.php\/wp-json\/wp\/v2\/posts\/13644\/revisions\/13645"}],"wp:featuredmedia":[{"embeddable":true,"href":"https:\/\/noticiasdestaque.com.br\/index.php\/wp-json\/wp\/v2\/media\/13646"}],"wp:attachment":[{"href":"https:\/\/noticiasdestaque.com.br\/index.php\/wp-json\/wp\/v2\/media?parent=13644"}],"wp:term":[{"taxonomy":"category","embeddable":true,"href":"https:\/\/noticiasdestaque.com.br\/index.php\/wp-json\/wp\/v2\/categories?post=13644"},{"taxonomy":"post_tag","embeddable":true,"href":"https:\/\/noticiasdestaque.com.br\/index.php\/wp-json\/wp\/v2\/tags?post=13644"}],"curies":[{"name":"wp","href":"https:\/\/api.w.org\/{rel}","templated":true}]}}