{"id":13637,"date":"2024-04-26T02:05:00","date_gmt":"2024-04-26T02:05:00","guid":{"rendered":"https:\/\/noticiasdestaque.com.br\/index.php\/2024\/04\/26\/rotas-da-integracao-nacional-dez-anos-de-cidadania\/"},"modified":"2024-04-26T02:05:00","modified_gmt":"2024-04-26T02:05:00","slug":"rotas-da-integracao-nacional-dez-anos-de-cidadania","status":"publish","type":"post","link":"https:\/\/noticiasdestaque.com.br\/index.php\/2024\/04\/26\/rotas-da-integracao-nacional-dez-anos-de-cidadania\/","title":{"rendered":"Rotas da Integra\u00e7\u00e3o Nacional: dez anos de cidadania"},"content":{"rendered":"<p>Nesta quarta-feira (24), o Programa Rotas de Integra\u00e7\u00e3o Nacional, do Minist\u00e9rio da Integra\u00e7\u00e3o e do Desenvolvimento Regional, o MIDR, completa 10 anos. A iniciativa estimula os pequenos produtores das regi\u00f5es mais pobres do pa\u00eds, por meio do trabalho em conjunto, com empreendedorismo e cooperativismo, para a valoriza\u00e7\u00e3o dos produtos, da cultura regional e fazer com que cheguem a diferentes estados, regi\u00f5es e at\u00e9 pa\u00edses.<\/p>\n<p>Al\u00e9m disso, o programa contribui para a preserva\u00e7\u00e3o da natureza com atividades agr\u00edcolas de baixo impacto no meio ambiente.<\/p>\n<p>Criado em 2014, a estrat\u00e9gia estimula tamb\u00e9m a coopera\u00e7\u00e3o entre \u00f3rg\u00e3os federais, estaduais e municipais com os investidores e pequenos produtores de uma determinada atividade produtiva, denominados polos que juntos formam uma Rota. A secret\u00e1ria Nacional de Pol\u00edticas de Desenvolvimento Regional e Territorial, explica como o programa evoluiu nestes dez anos.<\/p>\n<p>\u201cNo come\u00e7o da implanta\u00e7\u00e3o das rotas, n\u00e3o havia facilidade na agrega\u00e7\u00e3o de parceiros para trabalhar conosco. Hoje, as rotas j\u00e1 s\u00e3o conhecidas nacionalmente e conseguimos, por exemplo, envolver o Minist\u00e9rio da Pesca, do Meio Ambiente, da Agricultura, do Desenvolvimento Agr\u00e1rio, Sebrae, SENAI&#8230; cada um apontando a partir de suas expertise, as pol\u00edticas necess\u00e1rias para conseguirmos estruturar uma cadeia produtiva\u201d.<\/p>\n<p>De acordo com a Secret\u00e1ria Adriana Melo, a estrutura\u00e7\u00e3o de uma cadeia produtiva leva alguns anos. \u201cAinda encontramos dificuldades por conta, muitas vezes, da informalidade da produ\u00e7\u00e3o. Com isso, o produto tem dificuldade de obter a certifica\u00e7\u00e3o sanit\u00e1ria. Se n\u00e3o obt\u00e9m, o produto tem dificuldade de ser comercializado e n\u00e3o conseguimos lev\u00e1-lo para uma agroind\u00fastria e promover esse fortalecimento\u201d, explica Adriana Melo.<\/p>\n<p>Para saber mais sobre o Programa Rotas de Integra\u00e7\u00e3o Nacional acesse mdr.gov.br.<\/p>\n<\/p>\n<p> Fonte: Brasil61<\/p>\n<input type=\"hidden\" id=\"baseurl\" value=\"https:\/\/noticiasdestaque.com.br\"><input type=\"hidden\" id=\"audio_nonce\" value=\"6a24ca502e\">","protected":false},"excerpt":{"rendered":"<p>O programa apoia os pequenos produtores das regi\u00f5es mais pobres do pa\u00eds, estimula o empreendedorismo, o cooperativismo e o trabalho em conjunto, para a valoriza\u00e7\u00e3o dos produtos e da cultura regional<\/p>\n","protected":false},"author":1,"featured_media":13639,"comment_status":"open","ping_status":"open","sticky":false,"template":"","format":"standard","meta":{"fifu_image_url":"","fifu_image_alt":"","footnotes":""},"categories":[1],"tags":[107],"class_list":["post-13637","post","type-post","status-publish","format-standard","has-post-thumbnail","hentry","category-uncategorized","tag-closer-vendedor-milionario"],"distributor_meta":false,"distributor_terms":false,"distributor_media":false,"distributor_original_site_name":"Noticias em Destaque","distributor_original_site_url":"https:\/\/noticiasdestaque.com.br","push-errors":false,"_links":{"self":[{"href":"https:\/\/noticiasdestaque.com.br\/index.php\/wp-json\/wp\/v2\/posts\/13637","targetHints":{"allow":["GET"]}}],"collection":[{"href":"https:\/\/noticiasdestaque.com.br\/index.php\/wp-json\/wp\/v2\/posts"}],"about":[{"href":"https:\/\/noticiasdestaque.com.br\/index.php\/wp-json\/wp\/v2\/types\/post"}],"author":[{"embeddable":true,"href":"https:\/\/noticiasdestaque.com.br\/index.php\/wp-json\/wp\/v2\/users\/1"}],"replies":[{"embeddable":true,"href":"https:\/\/noticiasdestaque.com.br\/index.php\/wp-json\/wp\/v2\/comments?post=13637"}],"version-history":[{"count":1,"href":"https:\/\/noticiasdestaque.com.br\/index.php\/wp-json\/wp\/v2\/posts\/13637\/revisions"}],"predecessor-version":[{"id":13638,"href":"https:\/\/noticiasdestaque.com.br\/index.php\/wp-json\/wp\/v2\/posts\/13637\/revisions\/13638"}],"wp:featuredmedia":[{"embeddable":true,"href":"https:\/\/noticiasdestaque.com.br\/index.php\/wp-json\/wp\/v2\/media\/13639"}],"wp:attachment":[{"href":"https:\/\/noticiasdestaque.com.br\/index.php\/wp-json\/wp\/v2\/media?parent=13637"}],"wp:term":[{"taxonomy":"category","embeddable":true,"href":"https:\/\/noticiasdestaque.com.br\/index.php\/wp-json\/wp\/v2\/categories?post=13637"},{"taxonomy":"post_tag","embeddable":true,"href":"https:\/\/noticiasdestaque.com.br\/index.php\/wp-json\/wp\/v2\/tags?post=13637"}],"curies":[{"name":"wp","href":"https:\/\/api.w.org\/{rel}","templated":true}]}}