{"id":13613,"date":"2024-04-22T05:19:00","date_gmt":"2024-04-22T05:19:00","guid":{"rendered":"https:\/\/noticiasdestaque.com.br\/index.php\/2024\/04\/22\/motoristas-de-aplicativos-nao-descartam-manifestacoes-caso-permanecam-sem-acordo\/"},"modified":"2024-04-22T05:19:00","modified_gmt":"2024-04-22T05:19:00","slug":"motoristas-de-aplicativos-nao-descartam-manifestacoes-caso-permanecam-sem-acordo","status":"publish","type":"post","link":"https:\/\/noticiasdestaque.com.br\/index.php\/2024\/04\/22\/motoristas-de-aplicativos-nao-descartam-manifestacoes-caso-permanecam-sem-acordo\/","title":{"rendered":"Motoristas de aplicativos n\u00e3o descartam manifesta\u00e7\u00f5es, caso permane\u00e7am sem acordo"},"content":{"rendered":"<p>\u201cEnquanto o governo estiver resistindo, a gente tamb\u00e9m vai resistir\u201d. A afirma\u00e7\u00e3o \u00e9 do presidente da Associa\u00e7\u00e3o de Motoristas de Aplicativo de S\u00e3o Paulo (AMASP), Eduardo Lima de Souza, tamb\u00e9m conhecido como \u201cDuda\u201d. <\/p>\n<p>Na \u00faltima quarta-feira (17), o Plen\u00e1rio da C\u00e2mara dos Deputados discutiu a proposta de regulamenta\u00e7\u00e3o da atividade dos motoristas de aplicativo (PLP 12\/2024). Centenas de trabalhadores da \u00e1rea estiveram na C\u00e2mara para acompanhar o debate que foi solicitado pelo coordenador da Frente Parlamentar em Defesa dos Motoristas de Aplicativos, deputado Daniel Agrobom (PL-GO), que celebrou a retirada da urg\u00eancia, pelo governo, do PLP 12\/24. <\/p>\n<p>O PLP 12\/24 \u00e9 resultado de um grupo de trabalho que contou com a participa\u00e7\u00e3o de representantes do governo, dos trabalhadores e das empresas. Agrobom reclamou que requisitou a participa\u00e7\u00e3o, por\u00e9m n\u00e3o foi atendido. Ele critica a proposta do governo por n\u00e3o atender \u00e0 categoria e ainda transferir muitos poderes \u00e0s empresas.<\/p>\n<p>O parlamentar defende a vota\u00e7\u00e3o de outro projeto, o PL 536\/24, formulado pela frente e que, segundo parte dos trabalhadores, atende muito mais a categoria.<\/p>\n<h2>Posi\u00e7\u00f5es contr\u00e1rias<\/h2>\n<p>O debate provocou discuss\u00f5es contr\u00e1rias no Plen\u00e1rio da C\u00e2mara dos Deputados. De um lado, profissionais e a empresa in Drive contra o projeto, como relata Paulo Reis, coordenador jur\u00eddico da AMASP.<\/p>\n<p>\u201cNossas a\u00e7\u00f5es est\u00e3o sendo em fortalecer a 536 e simultaneamente pedir as altera\u00e7\u00f5es ou a extin\u00e7\u00e3o da 12 uma vez que entendemos que a ess\u00eancia, a espinha dorsal, a ess\u00eancia do processo, do projeto; ela j\u00e1 \u00e9 ruim com diversos v\u00edcios de origem\u201d, esclarece.<\/p>\n<p>O gerente de comunica\u00e7\u00e3o da In Drive Brasil, Leandro Volcov, tamb\u00e9m est\u00e1 de acordo com a categoria e com a ideia de novos debates incluindo todos os lados.<\/p>\n<p>\u201c\u00c9 a nossa proposta desde o in\u00edcio, que os motoristas fossem ouvidos, porque o motorista tendo uma boa experi\u00eancia e um bom mercado, um mercado aberto, um mercado que favore\u00e7a o exerc\u00edcio da profiss\u00e3o, quem ganha com isso? Todo mundo, o usu\u00e1rio, a plataforma. Nosso principal cliente nessa discuss\u00e3o tem que ser o motorista\u201d, destaca.<\/p>\n<p>O presidente do sindicato dos motoristas de Santa Catarina est\u00e1 preocupado com as discuss\u00f5es em andamento no Congresso.<\/p>\n<p>\u201cO projeto, essa PLP, ela vai passar por tr\u00eas comiss\u00f5es, 20 dias para cada, e a \u00faltima vai ser CCJ, para a partir da\u00ed, ter a vota\u00e7\u00e3o. Corre-se o risco de aprovar um projeto totalmente desfavor\u00e1vel para os motores de aplicativo, onde muitos tamb\u00e9m j\u00e1 est\u00e3o fazendo a movimenta\u00e7\u00e3o do projeto que realmente querem para a regulamenta\u00e7\u00e3o, que \u00e9 o PL 536\/2024, protocolado pelo deputado Daniel Agrobon\u201d, revela.<\/p>\n<h2>Quem concorda com o projeto<\/h2>\n<p>Enquanto uma boa parte dos trabalhadores tentam barrar o projeto de regulamenta\u00e7\u00e3o da atividade dos motoristas de aplicativo, uma outra parcela est\u00e1 de acordo com o projeto e a proposta das empresas como a Uber. <\/p>\n<p>Por meio de nota, a Uber divulgou junto \u00e0 Associa\u00e7\u00e3o Brasileira de Mobilidade e Tecnologia (Amobitec) que defende a regulamenta\u00e7\u00e3o do transporte intermediado por aplicativos para motoristas e entregadores. Segundo a empresa, o documento apresentado \u00e9 equilibrado e contempla algumas das demandas apresentadas por todos os participantes.<\/p>\n<p>O ministro do Trabalho e Emprego, Luiz Marinho, esteve na audi\u00eancia p\u00fablica na Comiss\u00e3o de Trabalho e destacou que o projeto \u00e9 fruto da negocia\u00e7\u00e3o entre empresas e trabalhadores. Ele pediu que antes dos profissionais criticarem o projeto que possam ler a proposta apresentada. <\/p>\n<p>Ap\u00f3s ampliar as discuss\u00f5es sobre o projeto que regulamenta as atividades dos motoristas de aplicativos, com a retirada da urg\u00eancia o PLP 12\/2024 dever\u00e1 ser ajustado at\u00e9 12 de junho. O texto ganhar\u00e1 mais 60 dias de discuss\u00e3o. E passar\u00e1 alguns dias em cada uma das seguintes comiss\u00f5es: Comiss\u00e3o de Ind\u00fastria; Comiss\u00e3o de Trabalho; e Comiss\u00e3o de Constitui\u00e7\u00e3o, Justi\u00e7a e Cidadania (CCJ). \n <\/p>\n<p> Fonte: Brasil61<\/p>\n<input type=\"hidden\" id=\"baseurl\" value=\"https:\/\/noticiasdestaque.com.br\"><input type=\"hidden\" id=\"audio_nonce\" value=\"6a24ca502e\">","protected":false},"excerpt":{"rendered":"<p>O PLP 12\/2024 \u2014 que regulamenta atividade dos motoristas de app \u2014  passar\u00e1 pelas Comiss\u00f5es de Ind\u00fastria; Trabalho; e de Constitui\u00e7\u00e3o, Justi\u00e7a e Cidadania. <\/p>\n","protected":false},"author":1,"featured_media":13615,"comment_status":"open","ping_status":"open","sticky":false,"template":"","format":"standard","meta":{"fifu_image_url":"","fifu_image_alt":"","footnotes":""},"categories":[1],"tags":[106],"class_list":["post-13613","post","type-post","status-publish","format-standard","has-post-thumbnail","hentry","category-uncategorized","tag-brunna-pareja"],"distributor_meta":false,"distributor_terms":false,"distributor_media":false,"distributor_original_site_name":"Noticias em Destaque","distributor_original_site_url":"https:\/\/noticiasdestaque.com.br","push-errors":false,"_links":{"self":[{"href":"https:\/\/noticiasdestaque.com.br\/index.php\/wp-json\/wp\/v2\/posts\/13613","targetHints":{"allow":["GET"]}}],"collection":[{"href":"https:\/\/noticiasdestaque.com.br\/index.php\/wp-json\/wp\/v2\/posts"}],"about":[{"href":"https:\/\/noticiasdestaque.com.br\/index.php\/wp-json\/wp\/v2\/types\/post"}],"author":[{"embeddable":true,"href":"https:\/\/noticiasdestaque.com.br\/index.php\/wp-json\/wp\/v2\/users\/1"}],"replies":[{"embeddable":true,"href":"https:\/\/noticiasdestaque.com.br\/index.php\/wp-json\/wp\/v2\/comments?post=13613"}],"version-history":[{"count":1,"href":"https:\/\/noticiasdestaque.com.br\/index.php\/wp-json\/wp\/v2\/posts\/13613\/revisions"}],"predecessor-version":[{"id":13614,"href":"https:\/\/noticiasdestaque.com.br\/index.php\/wp-json\/wp\/v2\/posts\/13613\/revisions\/13614"}],"wp:featuredmedia":[{"embeddable":true,"href":"https:\/\/noticiasdestaque.com.br\/index.php\/wp-json\/wp\/v2\/media\/13615"}],"wp:attachment":[{"href":"https:\/\/noticiasdestaque.com.br\/index.php\/wp-json\/wp\/v2\/media?parent=13613"}],"wp:term":[{"taxonomy":"category","embeddable":true,"href":"https:\/\/noticiasdestaque.com.br\/index.php\/wp-json\/wp\/v2\/categories?post=13613"},{"taxonomy":"post_tag","embeddable":true,"href":"https:\/\/noticiasdestaque.com.br\/index.php\/wp-json\/wp\/v2\/tags?post=13613"}],"curies":[{"name":"wp","href":"https:\/\/api.w.org\/{rel}","templated":true}]}}