{"id":13610,"date":"2024-04-22T04:49:00","date_gmt":"2024-04-22T04:49:00","guid":{"rendered":"https:\/\/noticiasdestaque.com.br\/index.php\/2024\/04\/22\/intencao-de-consumo-avanca-apos-quatro-meses-consecutivos-de-queda-revela-cnc\/"},"modified":"2024-04-22T04:49:00","modified_gmt":"2024-04-22T04:49:00","slug":"intencao-de-consumo-avanca-apos-quatro-meses-consecutivos-de-queda-revela-cnc","status":"publish","type":"post","link":"https:\/\/noticiasdestaque.com.br\/index.php\/2024\/04\/22\/intencao-de-consumo-avanca-apos-quatro-meses-consecutivos-de-queda-revela-cnc\/","title":{"rendered":"Inten\u00e7\u00e3o de Consumo avan\u00e7a ap\u00f3s quatro meses consecutivos de queda; revela CNC"},"content":{"rendered":"<p>Em abril, a Inten\u00e7\u00e3o de Consumo das Fam\u00edlias (ICF) registrou um avan\u00e7o de  0,4%, considerando os efeitos sazonais. Esse \u00e9 o primeiro resultado positivo ap\u00f3s quatro meses consecutivos de queda. A maioria dos componentes apresentou aumento, com exce\u00e7\u00e3o dos bens dur\u00e1veis. As informa\u00e7\u00f5es foram divulgadas pela Confedera\u00e7\u00e3o Nacional do Com\u00e9rcio de Bens, Servi\u00e7os e Turismo (CNC).<\/p>\n<p>O economista-chefe da CNC, Felipe Tavares, destaca que na compara\u00e7\u00e3o anual, o indicador apresentou um crescimento de 6,1%. \u201cIsso mostra que em abril, as fam\u00edlias brasileiras est\u00e3o revertendo a sua perspectiva sobre o consumo. Destaca-se como fatores que explicam essa melhora na expectativa de consumo das fam\u00edlias brasileiras, a melhora do mercado de trabalho e a redu\u00e7\u00e3o dos juros da economia brasileira\u201d, explica.<\/p>\n<h2>Influ\u00eancias<\/h2>\n<p>Samuel Arantes, economista e especialista em investimentos, explica que o aumento na Inten\u00e7\u00e3o de Consumo das Fam\u00edlias foi influenciado, principalmente, por tr\u00eas fatores: infla\u00e7\u00e3o, cr\u00e9dito e desemprego.<\/p>\n<p>\u201cA infla\u00e7\u00e3o vem cadente, principalmente nos itens que contemplam o IPCA [\u00cdndice Nacional de Pre\u00e7os ao Consumidor Amplo]. O IPCA de mar\u00e7o veio menor que a previs\u00e3o, e a pesquisa Focus, do Banco Central, est\u00e1 mostrando que a infla\u00e7\u00e3o medida pelo \u00cdndice vai estar fechando 2024 na cada dos 3.8, 3.7\u201d, explica.<\/p>\n<p>Al\u00e9m disso, ele informa que o aumento da massa de cr\u00e9dito na economia favorece o crescimento da inten\u00e7\u00e3o de consumo. Os dados revelam que as taxas de juros mais favor\u00e1veis para os indiv\u00edduos no in\u00edcio deste ano, atingindo o ponto mais baixo em fevereiro desde junho de 2022 (52,5%), est\u00e3o sendo acompanhadas por uma redu\u00e7\u00e3o na inadimpl\u00eancia dos consumidores (5,5%), voltando ao n\u00edvel de julho de 2022.<\/p>\n<p>\u201cO desemprego vem baixo. A bolsa fam\u00edlia turbinada ajuda tamb\u00e9m. Ent\u00e3o tem mais cr\u00e9dito dispon\u00edvel, as fam\u00edlias est\u00e3o menos endividadas, teve programa governamental limpando nomes da popula\u00e7\u00e3o\u201d, completa o economista.<\/p>\n<p>Para Arantes, esses tr\u00eas fatores podem sustentar o n\u00edvel de inten\u00e7\u00e3o de consumo ao longo do ano, mesmo que com menos for\u00e7a de impulso.<\/p>\n<p><strong>Leia mais:<\/strong><\/p>\n<\/p>\n<p> Fonte: Brasil61<\/p>\n<input type=\"hidden\" id=\"baseurl\" value=\"https:\/\/noticiasdestaque.com.br\"><input type=\"hidden\" id=\"audio_nonce\" value=\"6f73a554f1\">","protected":false},"excerpt":{"rendered":"<p>Especialistas apontam os principais fatores que contribu\u00edram para esse crescimento<\/p>\n","protected":false},"author":1,"featured_media":13612,"comment_status":"open","ping_status":"open","sticky":false,"template":"","format":"standard","meta":{"fifu_image_url":"","fifu_image_alt":"","footnotes":""},"categories":[1],"tags":[107],"class_list":["post-13610","post","type-post","status-publish","format-standard","has-post-thumbnail","hentry","category-uncategorized","tag-closer-vendedor-milionario"],"distributor_meta":false,"distributor_terms":false,"distributor_media":false,"distributor_original_site_name":"Noticias em Destaque","distributor_original_site_url":"https:\/\/noticiasdestaque.com.br","push-errors":false,"_links":{"self":[{"href":"https:\/\/noticiasdestaque.com.br\/index.php\/wp-json\/wp\/v2\/posts\/13610","targetHints":{"allow":["GET"]}}],"collection":[{"href":"https:\/\/noticiasdestaque.com.br\/index.php\/wp-json\/wp\/v2\/posts"}],"about":[{"href":"https:\/\/noticiasdestaque.com.br\/index.php\/wp-json\/wp\/v2\/types\/post"}],"author":[{"embeddable":true,"href":"https:\/\/noticiasdestaque.com.br\/index.php\/wp-json\/wp\/v2\/users\/1"}],"replies":[{"embeddable":true,"href":"https:\/\/noticiasdestaque.com.br\/index.php\/wp-json\/wp\/v2\/comments?post=13610"}],"version-history":[{"count":1,"href":"https:\/\/noticiasdestaque.com.br\/index.php\/wp-json\/wp\/v2\/posts\/13610\/revisions"}],"predecessor-version":[{"id":13611,"href":"https:\/\/noticiasdestaque.com.br\/index.php\/wp-json\/wp\/v2\/posts\/13610\/revisions\/13611"}],"wp:featuredmedia":[{"embeddable":true,"href":"https:\/\/noticiasdestaque.com.br\/index.php\/wp-json\/wp\/v2\/media\/13612"}],"wp:attachment":[{"href":"https:\/\/noticiasdestaque.com.br\/index.php\/wp-json\/wp\/v2\/media?parent=13610"}],"wp:term":[{"taxonomy":"category","embeddable":true,"href":"https:\/\/noticiasdestaque.com.br\/index.php\/wp-json\/wp\/v2\/categories?post=13610"},{"taxonomy":"post_tag","embeddable":true,"href":"https:\/\/noticiasdestaque.com.br\/index.php\/wp-json\/wp\/v2\/tags?post=13610"}],"curies":[{"name":"wp","href":"https:\/\/api.w.org\/{rel}","templated":true}]}}