{"id":13572,"date":"2024-04-16T22:08:49","date_gmt":"2024-04-17T01:08:49","guid":{"rendered":"https:\/\/noticiasdestaque.com.br\/index.php\/2024\/04\/16\/raffa-honorio-anuncia-seu-primeiro-album-de-estudio-holofote\/"},"modified":"2024-04-16T22:08:49","modified_gmt":"2024-04-17T01:08:49","slug":"raffa-honorio-anuncia-seu-primeiro-album-de-estudio-holofote","status":"publish","type":"post","link":"https:\/\/noticiasdestaque.com.br\/index.php\/2024\/04\/16\/raffa-honorio-anuncia-seu-primeiro-album-de-estudio-holofote\/","title":{"rendered":"Raffa Hon\u00f3rio Anuncia seu Primeiro \u00c1lbum de Est\u00fadio: \u201cHolofote\u201d"},"content":{"rendered":"\n<p>Os holofotes da cena musical est\u00e3o prestes a se voltar para um novo cantor pop: <a href=\"https:\/\/celebs.com.br\/9474\/animal-raffa-honorio-apresenta-novo-single\/\">Raffa Hon\u00f3rio<\/a>. O talentoso cantor e compositor est\u00e1 pronto para lan\u00e7ar seu t\u00e3o aguardado primeiro \u00e1lbum de est\u00fadio, intitulado &#8220;<strong>Holofote<\/strong>&#8220;, prometendo uma explos\u00e3o de ritmos que v\u00e3o desde o pop at\u00e9 o trap e o funk.<\/p>\n\n\n\n<p>Com uma mistura vibrante de estilos, &#8220;Holofote&#8221; est\u00e1 programado para iluminar os ouvidos dos f\u00e3s ainda no primeiro semestre deste ano. Dividido em tr\u00eas atos, ou como o pr\u00f3prio artista os chama, &#8220;3 Cap\u00edtulos&#8221;, este \u00e1lbum promete uma jornada musical emocionante e diversificada.<\/p>\n\n\n\n<p>O primeiro cap\u00edtulo, que inaugura a saga de &#8220;Holofote&#8221;, j\u00e1 <a href=\"https:\/\/celebs.com.br\/2500\/manuel-marinho-estrelara-musical-heathers-em-sp-exibicoes-comecam-domingo\/\">come\u00e7ou a agitar o cen\u00e1rio musical<\/a> com tr\u00eas faixas explosivas. O hit &#8220;Pega Pega&#8221;, lan\u00e7ado recentemente no dia 12, j\u00e1 <a href=\"https:\/\/celebs.com.br\/2806\/mineira-leticia-andrade-conquista-fas-por-todo-brasil\/\">conquistou f\u00e3s<\/a> com sua batida envolvente e letras cativantes. E o melhor ainda est\u00e1 por vir! No dia 19 de abril, Raffa Hon\u00f3rio presenteia os ouvintes com &#8220;Taco Taco&#8221;, uma colabora\u00e7\u00e3o eletrizante com Gia Faiffer. E para encerrar com chave de ouro, no dia 26 de abril, ser\u00e1 lan\u00e7ada a faixa &#8220;Fetiche&#8221;, com <a href=\"https:\/\/celebs.com.br\/611\/ludmilla-grava-participacao-especial-em-malhacao-toda-forma-de-amar\/\">participa\u00e7\u00e3o especial<\/a> da incr\u00edvel Vivazz.<\/p>\n\n\n\n<p>E se voc\u00ea est\u00e1 se perguntando sobre o que vem depois, o mist\u00e9rio est\u00e1 mantido para os pr\u00f3ximos dois cap\u00edtulos do \u00e1lbum. Mas uma coisa \u00e9 certa: Raffa Hon\u00f3rio est\u00e1 determinado a <a href=\"https:\/\/celebs.com.br\/520\/cantora-perlla-surpreende-publico-com-novo-visual\/\">surpreender e encantar seu p\u00fablico<\/a> com cada faixa.<\/p>\n\n\n\n<p>Em uma declara\u00e7\u00e3o para nosso portal sobre o \u00e1lbum, Raffa compartilhou: &#8220;Estou h\u00e1 <a href=\"https:\/\/celebs.com.br\/44917\/shakira-divulga-o-nome-de-seu-primeiro-album-em-sete-anos\/\">anos trabalhando no meu primeiro \u00e1lbum<\/a> para que seja como sempre sonhei. Estou muito <a href=\"https:\/\/celebs.com.br\/35404\/musica-indie-e-cotidiano-banda-cronistas-apresenta-album-debut-o-que-e-ser-feliz\/\">feliz e ansioso para apresentar esse \u00e1lbum<\/a> ao p\u00fablico.&#8221; E com essa empolga\u00e7\u00e3o palp\u00e1vel, \u00e9 dif\u00edcil n\u00e3o compartilhar sua anima\u00e7\u00e3o.<\/p>\n\n\n\n<p>Mas as novidades n\u00e3o param por a\u00ed. Este <a href=\"https:\/\/celebs.com.br\/26783\/musa-do-internacional-promete-ensaio-nua-em-caso-de-titulo-do-time-neste-ano\/\">ano promete<\/a> ser repleto de lan\u00e7amentos e colabora\u00e7\u00f5es do artista com outros talentos da cena pop. Com um estilo \u00fanico e uma energia contagiante, Raffa Hon\u00f3rio est\u00e1 pronto para brilhar nas playlists de todos os amantes da m\u00fasica.<\/p>\n\n\n\n<p>Ent\u00e3o, prepare-se para entrar no mundo de &#8220;Holofote&#8221; e se deixar envolver pela magia sonora de Raffa Hon\u00f3rio. Esteja pronto para dan\u00e7ar, se emocionar e, acima de tudo, <a href=\"https:\/\/celebs.com.br\/5946\/arthur-martins-celebra-musicalidade-ecumenica-brasileira-em-ep-de-estreia\/\">celebrar a ascens\u00e3o de um novo \u00edcone musical<\/a>. O lan\u00e7amento de &#8220;Holofote&#8221; est\u00e1 chegando. Voc\u00ea est\u00e1 pronto para mergulhar nessa experi\u00eancia?<\/p>\n\n\n\n<p>Siga Raffa Hon\u00f3rio em <a href=\"http:\/\/instagram.com\/raffahonorio\" target=\"_blank\" rel=\"noreferrer noopener\">@raffahonorio<\/a>.<\/p>\n\n\n\n<figure class=\"wp-block-gallery has-nested-images columns-1 is-cropped wp-block-gallery-1 is-layout-flex wp-block-gallery-is-layout-flex\">\n<figure class=\"wp-block-image size-large\"><img decoding=\"async\" data-id=\"48840\" src=\"https:\/\/celebs.com.br\/wp-content\/uploads\/2024\/04\/WhatsApp-Image-2024-04-13-at-13.43.43-815x1024.jpeg\" alt=\"\" class=\"wp-image-48840\"\/><\/figure>\n\n\n\n<figure class=\"wp-block-image size-large\"><img decoding=\"async\" data-id=\"48839\" src=\"https:\/\/celebs.com.br\/wp-content\/uploads\/2024\/04\/WhatsApp-Image-2024-04-13-at-13.43.51-682x1024.jpeg\" alt=\"\" class=\"wp-image-48839\"\/><\/figure>\n\n\n\n<figure class=\"wp-block-image size-large\"><img decoding=\"async\" data-id=\"48837\" src=\"https:\/\/celebs.com.br\/wp-content\/uploads\/2024\/04\/WhatsApp-Image-2024-04-13-at-13.45.10-1024x682.jpeg\" alt=\"\" class=\"wp-image-48837\"\/><\/figure>\n\n\n\n<figure class=\"wp-block-image size-large\"><img decoding=\"async\" data-id=\"48836\" src=\"https:\/\/celebs.com.br\/wp-content\/uploads\/2024\/04\/WhatsApp-Image-2024-04-13-at-13.46.15-785x1024.jpeg\" alt=\"\" class=\"wp-image-48836\"\/><\/figure>\n<\/figure>\n<input type=\"hidden\" id=\"baseurl\" value=\"https:\/\/noticiasdestaque.com.br\"><input type=\"hidden\" id=\"audio_nonce\" value=\"581f3017e1\">","protected":false},"excerpt":{"rendered":"<p>Os holofotes da cena musical est\u00e3o prestes a se voltar para um novo cantor pop: Raffa Hon\u00f3rio. O talentoso cantor e compositor est\u00e1 pronto para lan\u00e7ar seu t\u00e3o aguardado primeiro \u00e1lbum de est\u00fadio, intitulado &#8220;Holofote&#8220;, prometendo uma explos\u00e3o de ritmos que v\u00e3o desde o pop at\u00e9 o trap e o funk. Com uma mistura vibrante [&hellip;]<\/p>\n","protected":false},"author":1,"featured_media":13573,"comment_status":"open","ping_status":"open","sticky":false,"template":"","format":"standard","meta":{"fifu_image_url":"","fifu_image_alt":"","footnotes":""},"categories":[62],"tags":[],"class_list":["post-13572","post","type-post","status-publish","format-standard","has-post-thumbnail","hentry","category-musica"],"distributor_meta":false,"distributor_terms":false,"distributor_media":false,"distributor_original_site_name":"Portal de Recupera\u00e7\u00e3o","distributor_original_site_url":"https:\/\/portalderecuperacao.com","push-errors":false,"_links":{"self":[{"href":"https:\/\/noticiasdestaque.com.br\/index.php\/wp-json\/wp\/v2\/posts\/13572","targetHints":{"allow":["GET"]}}],"collection":[{"href":"https:\/\/noticiasdestaque.com.br\/index.php\/wp-json\/wp\/v2\/posts"}],"about":[{"href":"https:\/\/noticiasdestaque.com.br\/index.php\/wp-json\/wp\/v2\/types\/post"}],"author":[{"embeddable":true,"href":"https:\/\/noticiasdestaque.com.br\/index.php\/wp-json\/wp\/v2\/users\/1"}],"replies":[{"embeddable":true,"href":"https:\/\/noticiasdestaque.com.br\/index.php\/wp-json\/wp\/v2\/comments?post=13572"}],"version-history":[{"count":0,"href":"https:\/\/noticiasdestaque.com.br\/index.php\/wp-json\/wp\/v2\/posts\/13572\/revisions"}],"wp:featuredmedia":[{"embeddable":true,"href":"https:\/\/noticiasdestaque.com.br\/index.php\/wp-json\/wp\/v2\/media\/13573"}],"wp:attachment":[{"href":"https:\/\/noticiasdestaque.com.br\/index.php\/wp-json\/wp\/v2\/media?parent=13572"}],"wp:term":[{"taxonomy":"category","embeddable":true,"href":"https:\/\/noticiasdestaque.com.br\/index.php\/wp-json\/wp\/v2\/categories?post=13572"},{"taxonomy":"post_tag","embeddable":true,"href":"https:\/\/noticiasdestaque.com.br\/index.php\/wp-json\/wp\/v2\/tags?post=13572"}],"curies":[{"name":"wp","href":"https:\/\/api.w.org\/{rel}","templated":true}]}}