{"id":13448,"date":"2024-04-08T12:56:00","date_gmt":"2024-04-08T12:56:00","guid":{"rendered":"https:\/\/noticiasdestaque.com.br\/index.php\/2024\/04\/08\/brasil-tem-mais-de-mil-trabalhadores-com-deficiencias-no-mercado-de-trabalho\/"},"modified":"2024-04-08T12:56:00","modified_gmt":"2024-04-08T12:56:00","slug":"brasil-tem-mais-de-mil-trabalhadores-com-deficiencias-no-mercado-de-trabalho","status":"publish","type":"post","link":"https:\/\/noticiasdestaque.com.br\/index.php\/2024\/04\/08\/brasil-tem-mais-de-mil-trabalhadores-com-deficiencias-no-mercado-de-trabalho\/","title":{"rendered":"Brasil tem mais de 540 mil trabalhadores com defici\u00eancias no mercado de trabalho"},"content":{"rendered":"<p>O Brasil possui, atualmente, 545.940 mil pessoas com alguma defici\u00eancia no mercado de trabalho. E uma parcela significativa desse p\u00fablico apresenta doen\u00e7as oftalmol\u00f3gicas. As informa\u00e7\u00f5es s\u00e3o de uma pesquisa elaborada pela Secretaria de Inspe\u00e7\u00e3o do Trabalho (SIT) do Minist\u00e9rio do Trabalho e Emprego (MTE), com base em informa\u00e7\u00f5es do eSocial. Conforme dados do Instituto Brasileiro de Geografia e Estat\u00edstica (IBGE), o n\u00famero de brasileiros com defici\u00eancia visual j\u00e1 atingiu cerca de 6,5 milh\u00f5es de brasileiros.<\/p>\n<p>A oftalmologista do CBV-Hospital de Olhos (Bras\u00edlia) Fab\u00edola Gavioli Marazato, explica que, apesar das dificuldades, a cegueira n\u00e3o precisa ser um fator impeditivo para as pessoas que querem e precisam trabalhar.<\/p>\n<p>\u201cEntre 10% e 50% de vis\u00e3o, n\u00f3s temos o que n\u00f3s chamamos divis\u00e3o subnormal ou baixa vis\u00e3o, onde o paciente n\u00e3o enxerga perfeito, mas consegue ter alguma autonomia e realizar<br \/>\nalgumas atividades sozinho\u201d, esclarece.<\/p>\n<p>A especialista diz que existe a cegueira cong\u00eanita \u2013 quando o indiv\u00edduo nasce cego ou desenvolve at\u00e9 os cinco anos de idade \u2013 mas existem aquelas que podem ser evitadas.<\/p>\n<p>\u201cN\u00f3s temos catarata, que \u00e9 uma forma de cegueira, que pode ser revertida, que pode ser tratada com cirurgia. N\u00f3s temos o glaucoma, que leva \u00e0 cegueira, mas que pode tamb\u00e9m ser tratado e controlado, para que n\u00e3o se chegue a perder a vis\u00e3o\u201d, destaca.<\/p>\n<p>O primeiro relat\u00f3rio mundial sobre vis\u00e3o, divulgado pela Organiza\u00e7\u00e3o Mundial da Sa\u00fade (OMS) em 2019, informou que pelo menos 2,2 bilh\u00f5es de pessoas teriam defici\u00eancia visual ou cegueira. Desse total, cerca de 1 bilh\u00e3o poderia ter evitado esse quadro.<\/p>\n<p>Mesmo com todas as limita\u00e7\u00f5es, a m\u00e9dica acena para possibilidades de melhorar o quadro, em alguns casos. \u201cNem sempre a cegueira \u00e9 definitiva, o paciente pode ter alguma alternativa cir\u00fargica para isso\u201d. Para ela, \u00e9 importante que as pessoas fiquem atentas aos sinais e aos cuidados:<\/p>\n<p>\u201c\u00c9 muito importante ficarmos atentos \u00e0s causas da cegueira que pode ser preven\u00edvel, como diabetes, como glaucoma. Ir \u00e0s consultas com oftalmologistas, ter um acompanhamento adequado, podem ajudar a prevenir a cegueira\u201d, alerta.<\/p>\n<p>O servidor p\u00fablico de 56 anos, que mora em Bras\u00edlia, Edson Charles conta que soube do problema com a vis\u00e3o num simples exame de rotina.<\/p>\n<p>\u201cEu tenho diabetes e hipotiroidismo, e apareceu a necessidade de fazer uma cirurgia de catarata depois de alguns exames feitos no dia 20 de mar\u00e7o, onde eu acabei descobrindo a catarata dos dois olhos em um est\u00e1gio avan\u00e7ado e a outra que est\u00e1 avan\u00e7ando. Eu posso ter at\u00e9 glaucoma se eu n\u00e3o cuidar. E foi no exame de rotina que eu descobri a catarata. Ela veio de uma forma que eu n\u00e3o esperava&#8221;<\/p>\n<p>Ele diz que n\u00e3o foi f\u00e1cil receber o diagn\u00f3stico: \u201cA gente fica sem ch\u00e3o quando acontece um problema de sa\u00fade. E principalmente como esse que \u00e9 o meu que pode levar \u00e0 cegueira se eu n\u00e3o cuidar diante do diabetes que pode me causar at\u00e9 glaucoma \u2014 e isso afeta a minha press\u00e3o ocular e press\u00e3o arterial. Eu trabalho com fotografia h\u00e1 mais de 41 anos e a vis\u00e3o \u00e9 o meu material de trabalho e mesmo que eu esteja prestes a aposentar eu queria ter uma qualidade de vida com a sa\u00fade ocular que foi que me sustentou por muito tempo\u201d, desabafa.<\/p>\n<h2>Abril Marrom<\/h2>\n<p>Um m\u00eas dedicado \u00e0 conscientiza\u00e7\u00e3o sobre a cegueira. O <em>Abril Marrom<\/em> refor\u00e7a o foco na preven\u00e7\u00e3o, no combate e na reabilita\u00e7\u00e3o \u00e0s diversas esp\u00e9cies de cegueira. \u00c9 uma campanha dedicada ao tema com o objetivo de despertar o interesse da popula\u00e7\u00e3o para o tema, j\u00e1 que a maioria dos casos de cegueira \u00e9 trat\u00e1vel quando diagnosticada precocemente, segundo m\u00e9dicos e especialistas e organiza\u00e7\u00f5es mundiais\n <\/p>\n<p> Fonte: Brasil61<\/p>\n<input type=\"hidden\" id=\"baseurl\" value=\"https:\/\/noticiasdestaque.com.br\"><input type=\"hidden\" id=\"audio_nonce\" value=\"6a24ca502e\">","protected":false},"excerpt":{"rendered":"<p>Grande parte das defici\u00eancias s\u00e3o f\u00edsica, visual e auditiva, conforme levantamento do MTE<\/p>\n","protected":false},"author":1,"featured_media":13450,"comment_status":"open","ping_status":"open","sticky":false,"template":"","format":"standard","meta":{"fifu_image_url":"","fifu_image_alt":"","footnotes":""},"categories":[1],"tags":[106],"class_list":["post-13448","post","type-post","status-publish","format-standard","has-post-thumbnail","hentry","category-uncategorized","tag-brunna-pareja"],"distributor_meta":false,"distributor_terms":false,"distributor_media":false,"distributor_original_site_name":"Noticias em Destaque","distributor_original_site_url":"https:\/\/noticiasdestaque.com.br","push-errors":false,"_links":{"self":[{"href":"https:\/\/noticiasdestaque.com.br\/index.php\/wp-json\/wp\/v2\/posts\/13448","targetHints":{"allow":["GET"]}}],"collection":[{"href":"https:\/\/noticiasdestaque.com.br\/index.php\/wp-json\/wp\/v2\/posts"}],"about":[{"href":"https:\/\/noticiasdestaque.com.br\/index.php\/wp-json\/wp\/v2\/types\/post"}],"author":[{"embeddable":true,"href":"https:\/\/noticiasdestaque.com.br\/index.php\/wp-json\/wp\/v2\/users\/1"}],"replies":[{"embeddable":true,"href":"https:\/\/noticiasdestaque.com.br\/index.php\/wp-json\/wp\/v2\/comments?post=13448"}],"version-history":[{"count":1,"href":"https:\/\/noticiasdestaque.com.br\/index.php\/wp-json\/wp\/v2\/posts\/13448\/revisions"}],"predecessor-version":[{"id":13449,"href":"https:\/\/noticiasdestaque.com.br\/index.php\/wp-json\/wp\/v2\/posts\/13448\/revisions\/13449"}],"wp:featuredmedia":[{"embeddable":true,"href":"https:\/\/noticiasdestaque.com.br\/index.php\/wp-json\/wp\/v2\/media\/13450"}],"wp:attachment":[{"href":"https:\/\/noticiasdestaque.com.br\/index.php\/wp-json\/wp\/v2\/media?parent=13448"}],"wp:term":[{"taxonomy":"category","embeddable":true,"href":"https:\/\/noticiasdestaque.com.br\/index.php\/wp-json\/wp\/v2\/categories?post=13448"},{"taxonomy":"post_tag","embeddable":true,"href":"https:\/\/noticiasdestaque.com.br\/index.php\/wp-json\/wp\/v2\/tags?post=13448"}],"curies":[{"name":"wp","href":"https:\/\/api.w.org\/{rel}","templated":true}]}}