{"id":13412,"date":"2024-04-05T18:56:00","date_gmt":"2024-04-05T18:56:00","guid":{"rendered":"https:\/\/noticiasdestaque.com.br\/index.php\/2024\/04\/05\/governo-federal-inaugura-estacao-elevatoria-de-agua-bruta-da-primeira-etapa-adutora-do-agreste-pernambucano\/"},"modified":"2024-04-05T18:56:00","modified_gmt":"2024-04-05T18:56:00","slug":"governo-federal-inaugura-estacao-elevatoria-de-agua-bruta-da-primeira-etapa-adutora-do-agreste-pernambucano","status":"publish","type":"post","link":"https:\/\/noticiasdestaque.com.br\/index.php\/2024\/04\/05\/governo-federal-inaugura-estacao-elevatoria-de-agua-bruta-da-primeira-etapa-adutora-do-agreste-pernambucano\/","title":{"rendered":"Governo Federal inaugura Esta\u00e7\u00e3o Elevat\u00f3ria de \u00c1gua Bruta da primeira etapa Adutora do Agreste Pernambucano"},"content":{"rendered":"<p dir=\"auto\">O presidente Luiz In\u00e1cio Lula da Silva e o ministro da Integra\u00e7\u00e3o e do Desenvolvimento Regional, Waldez G\u00f3es, inauguraram nesta quinta-feira (4), a Esta\u00e7\u00e3o Elevat\u00f3ria de \u00c1gua Bruta (EEAB) de Ipojuca e do trecho Belo Jardim &#8211; Caruaru da primeira etapa da Adutora do Agreste de Pernambuco, no munic\u00edpio de Arcoverde.<\/p>\n<p dir=\"auto\">Num evento que contou com a participa\u00e7\u00e3o da popula\u00e7\u00e3o, o presidente Lula relembrou das dificuldades que passou devido \u00e0 escassez de \u00e1gua na sua inf\u00e2ncia e n\u00e3o escondeu a felicidade de voltar ao estado em que nasceu. \u201cEu sa\u00ed da Caet\u00e9s (interior de Pernambuco) para S\u00e3o Paulo como uma crian\u00e7a a mais de oito filhos em um Pau de Arara. E sa\u00edmos para n\u00e3o morrer de fome nem de sede\u201d. E prosseguiu, sob aplausos: \u201cEsse nordestino que saiu daqui para n\u00e3o morrer de sede volta para fazer a Transposi\u00e7\u00e3o do S\u00e3o Francisco. E isso s\u00f3 pode acontecer por uma raz\u00e3o, que \u00e9 a f\u00e9 por causa da cren\u00e7a de voc\u00eas. Se voc\u00eas n\u00e3o acreditassem e n\u00e3o tivessem f\u00e9, jamais teriam voltado para a Presid\u00eancia da Rep\u00fablica em um pernambucano. Voc\u00eas votarem em mim foi um ato de f\u00e9, de coragem. E ap\u00f3s tantos anos, estou aqui com voc\u00eas apreciando \u00e1gua saindo da torneira de voc\u00eas\u201d.<\/p>\n<p dir=\"auto\">O ministro da Integra\u00e7\u00e3o e do Desenvolvimento Regional, Waldez G\u00f3es, coordena a pasta que uma das pol\u00edticas p\u00fablicas \u00e9 oferecer seguran\u00e7a h\u00eddrica a quem mais precisa. \u201cUma das recomenda\u00e7\u00f5es que o presidente Lula fez a mim e a todos os colegas ministros nos primeiros dias de governo, na primeira reuni\u00e3o presidencial, com a equipe do governo. E esta foi uma delas: cuidar da obra da Adutora do Agreste Pernambucano, que se junta a tantas outras obras interligadas \u00e0 transposi\u00e7\u00e3o do Rio S\u00e3o Francisco, mas outras dezenas de obras que n\u00e3o s\u00e3o ligadas \u00e0 transposi\u00e7\u00e3o, mas que fazem parte de toda infraestrutura h\u00eddrica para garantir seguran\u00e7a a\u00ed para o povo nordestino\u201d, ressaltou o ministro Waldez G\u00f3es.<\/p>\n<p dir=\"auto\">O chefe da Pasta citou a participa\u00e7\u00e3o do presidente Lula na PEC da Transi\u00e7\u00e3o, visto que o governo anterior tinha deixado poucos recursos para obras importantes no Pa\u00eds. \u201cEm 2023, n\u00e3o foi s\u00f3 um ano para nos alinharmos \u00e0 situa\u00e7\u00e3o. N\u00f3s j\u00e1 pudemos trabalhar efetivamente, gra\u00e7as ao trabalho do presidente no Congresso Nacional garantindo verba parta obras como essa da Adutora do Agreste, para o Cintur\u00e3o das \u00c1guas do Cear\u00e1, para Oiticica e Apodi, no Rio Grande do Norte, para obra das Vertentes Litor\u00e2neas, na Para\u00edba, dando a demonstra\u00e7\u00e3o clara de quanto ele foi e continua sendo o maior respons\u00e1vel pelo pela Transposi\u00e7\u00e3o do Rio S\u00e3o Francisco\u201d, concluiu Waldez G\u00f3es.<\/p>\n<p dir=\"auto\"><strong>Sistema integrado<\/strong><\/p>\n<p dir=\"auto\">  A Adutora do Agreste \u00e9 o maior sistema integrado de adutoras de abastecimento humano do Brasil e um dos maiores do mundo. Quando todo o projeto estiver finalizado, ser\u00e3o 1.500 km de adutoras que levar\u00e3o 4 mil litros por segundo de \u00e1gua da Transposi\u00e7\u00e3o do Rio S\u00e3o Francisco para abastecimento da regi\u00e3o agreste do estado. At\u00e9 o momento, o Governo Federal investiu mais de R$ 1,2 bilh\u00e3o no projeto, enquanto o estado, como contrapartida, aplicou R$ 200 milh\u00f5es.<\/p>\n<p dir=\"auto\">Atualmente, seis munic\u00edpios j\u00e1 s\u00e3o atendidos. Com a inaugura\u00e7\u00e3o da Esta\u00e7\u00e3o Elevat\u00f3ria, ser\u00e3o nove. O abastecimento ser\u00e1 expandido de 190 mil para 615 mil pessoas. A esta\u00e7\u00e3o elevat\u00f3ria inaugurada nesta quinta \u00e9 essencial para a finaliza\u00e7\u00e3o da primeira das duas etapas do projeto, quando 23 munic\u00edpios e 1,3 milh\u00e3o de pessoas ser\u00e3o beneficiadas. A conclus\u00e3o est\u00e1 prevista para 2026.<\/p>\n<p dir=\"auto\"> Os munic\u00edpios beneficiados quando a primeira etapa for completamente finalizada ser\u00e3o Arcoverde, Pesqueira, Alagoinha, Sanhar\u00f3, Belo Jardim, Tacaimb\u00f3, S\u00e3o Bento do Una, S\u00e3o Caetano, Caruaru, Bezerros, Gravat\u00e1, Santa Cruz do Capibaribe, Toritama, Brejo da Madre de Deus, Pedra, Venturosa, Bu\u00edque, Tupanatinga, Ita\u00edba, \u00c1guas Belas, Iati, Cachoeirinha e Lajedo.<\/p>\n<p dir=\"auto\">Uma das benefici\u00e1rias com as obras da Adutora do Agreste Pernambucano \u00e9 a dentista Maria do Socorro Vidal de Oliveira. \u201cSou filha de agricultores, ent\u00e3o a nossa fam\u00edlia precisa e muito de \u00e1gua, tanto para consumir como para produzir. S\u00f3 o presidente Lula para poder fazer essa a\u00e7\u00e3o, pois \u00e9 uma obra muito esperada pela popula\u00e7\u00e3o e a gente espera que principalmente a agricultura familiar possa crescer com o investimento. A gente precisa que as pessoas comecem a viver da pr\u00f3pria terra.<\/p>\n<p dir=\"auto\">O sistema \u00e9 composto por unidades de capta\u00e7\u00e3o, adutoras de \u00e1gua bruta, esta\u00e7\u00e3o elevat\u00f3ria de \u00e1gua bruta, reservat\u00f3rio de \u00e1gua bruta, esta\u00e7\u00e3o de tratamento, adutoras de \u00e1gua tratada e esta\u00e7\u00f5es elevat\u00f3rias de \u00e1gua tratada.<\/p>\n<p dir=\"auto\">A segunda etapa ainda est\u00e1 em fase de contrata\u00e7\u00e3o. Quando for conclu\u00edda, o sistema adutor pernambucano vai beneficiar um total de 2 milh\u00f5es de habitantes em 68 munic\u00edpios.<\/p>\n<p dir=\"auto\">Fonte: MIDR<\/p>\n<p> Fonte: Brasil61<\/p>\n<input type=\"hidden\" id=\"baseurl\" value=\"https:\/\/noticiasdestaque.com.br\"><input type=\"hidden\" id=\"audio_nonce\" value=\"581f3017e1\">","protected":false},"excerpt":{"rendered":"<p>Assim que o projeto estiver finalizado, ser\u00e3o 1.500 km de adutoras que levar\u00e3o 4 mil litros por segundo de \u00e1gua da Transposi\u00e7\u00e3o do Rio S\u00e3o Francisco para abastecimento da regi\u00e3o agreste do estado.<\/p>\n","protected":false},"author":1,"featured_media":13414,"comment_status":"open","ping_status":"open","sticky":false,"template":"","format":"standard","meta":{"fifu_image_url":"","fifu_image_alt":"","footnotes":""},"categories":[1],"tags":[106],"class_list":["post-13412","post","type-post","status-publish","format-standard","has-post-thumbnail","hentry","category-uncategorized","tag-brunna-pareja"],"distributor_meta":false,"distributor_terms":false,"distributor_media":false,"distributor_original_site_name":"Noticias em Destaque","distributor_original_site_url":"https:\/\/noticiasdestaque.com.br","push-errors":false,"_links":{"self":[{"href":"https:\/\/noticiasdestaque.com.br\/index.php\/wp-json\/wp\/v2\/posts\/13412","targetHints":{"allow":["GET"]}}],"collection":[{"href":"https:\/\/noticiasdestaque.com.br\/index.php\/wp-json\/wp\/v2\/posts"}],"about":[{"href":"https:\/\/noticiasdestaque.com.br\/index.php\/wp-json\/wp\/v2\/types\/post"}],"author":[{"embeddable":true,"href":"https:\/\/noticiasdestaque.com.br\/index.php\/wp-json\/wp\/v2\/users\/1"}],"replies":[{"embeddable":true,"href":"https:\/\/noticiasdestaque.com.br\/index.php\/wp-json\/wp\/v2\/comments?post=13412"}],"version-history":[{"count":1,"href":"https:\/\/noticiasdestaque.com.br\/index.php\/wp-json\/wp\/v2\/posts\/13412\/revisions"}],"predecessor-version":[{"id":13413,"href":"https:\/\/noticiasdestaque.com.br\/index.php\/wp-json\/wp\/v2\/posts\/13412\/revisions\/13413"}],"wp:featuredmedia":[{"embeddable":true,"href":"https:\/\/noticiasdestaque.com.br\/index.php\/wp-json\/wp\/v2\/media\/13414"}],"wp:attachment":[{"href":"https:\/\/noticiasdestaque.com.br\/index.php\/wp-json\/wp\/v2\/media?parent=13412"}],"wp:term":[{"taxonomy":"category","embeddable":true,"href":"https:\/\/noticiasdestaque.com.br\/index.php\/wp-json\/wp\/v2\/categories?post=13412"},{"taxonomy":"post_tag","embeddable":true,"href":"https:\/\/noticiasdestaque.com.br\/index.php\/wp-json\/wp\/v2\/tags?post=13412"}],"curies":[{"name":"wp","href":"https:\/\/api.w.org\/{rel}","templated":true}]}}