{"id":13391,"date":"2024-04-02T22:36:00","date_gmt":"2024-04-02T22:36:00","guid":{"rendered":"https:\/\/noticiasdestaque.com.br\/index.php\/2024\/04\/02\/dia-nacional-da-agricultura-irrigada-e-instituido-pelo-governo-federal\/"},"modified":"2024-04-02T22:36:00","modified_gmt":"2024-04-02T22:36:00","slug":"dia-nacional-da-agricultura-irrigada-e-instituido-pelo-governo-federal","status":"publish","type":"post","link":"https:\/\/noticiasdestaque.com.br\/index.php\/2024\/04\/02\/dia-nacional-da-agricultura-irrigada-e-instituido-pelo-governo-federal\/","title":{"rendered":"Dia Nacional da Agricultura Irrigada \u00e9 institu\u00eddo pelo Governo Federal"},"content":{"rendered":"<p data-pm-slice=\"1 1 []\">O Governo Federal instituiu nesta quarta o Dia 15 de Junho como o <a data-tippreview-enabled=\"true\" data-tippreview-image=\"\" data-tippreview-title=\"\" data-tippy=\"\" href=\"http:\/\/www.in.gov.br\/web\/dou\/-\/lei-n-14.830-de-27-de-marco-de-2024-550882631\" target=\"_blank\">Dia Nacional da Agricultura Irrigada. <\/a>De acordo com o texto da publica\u00e7\u00e3o, as comemora\u00e7\u00f5es relativas \u00e0 data comemorativa poder\u00e3o ocorrer, especialmente, por meio de exposi\u00e7\u00f5es, de semin\u00e1rios, de palestras e de outros eventos ou a\u00e7\u00f5es que contribuam para a divulga\u00e7\u00e3o e para a valoriza\u00e7\u00e3o da agricultura irrigada.<\/p>\n<p data-pm-slice=\"1 1 []\">O Minist\u00e9rio da Integra\u00e7\u00e3o e do Desenvolvimento Regional (MIDR) \u00e9 respons\u00e1vel pela condu\u00e7\u00e3o da Pol\u00edtica Nacional de Irriga\u00e7\u00e3o (PNI), que tem o objetivo de alavancar a agricultura irrigada a partir de um trabalho conjunto entre as organiza\u00e7\u00f5es de irrigantes e as diversas esferas de governo. A Pasta tamb\u00e9m \u00e9 respons\u00e1vel pelo planejamento setorial e territorial de regi\u00f5es irrigadas no Brasil, aliando as demandas dos produtores rurais com as parcerias e pol\u00edticas p\u00fablicas de governo.<\/p>\n<p data-pm-slice=\"1 1 []\">\u201cDesde o dia que eu assumi o Minist\u00e9rio da Integra\u00e7\u00e3o e do Desenvolvimento Regional, temos colocado muito claramente que a pol\u00edtica de irriga\u00e7\u00e3o \u00e9 priorit\u00e1ria, pois \u00e9 ordem do presidente Lula\u201d, afirmou Waldez G\u00f3es. \u201cEsta \u00e9 uma pol\u00edtica p\u00fablica de muito potencial e que pode contribuir fortemente para o desenvolvimento do nosso Pa\u00eds. O ministro-chefe da Casa de Civil, Rui Costa, inclusive, vem nos escutando e estamos estruturando para a irriga\u00e7\u00e3o entrar no Novo PAC\u201d, adiantou o ministro.<\/p>\n<p data-pm-slice=\"1 1 []\">O MIDR j\u00e1 reconheceu 12 Polos de Irriga\u00e7\u00e3o no \u00e2mbito da PNI, sendo tr\u00eas em Mato Grosso, dois em Goi\u00e1s, dois no Rio Grande do Sul, um na Bahia, um em Minas Gerais e um em S\u00e3o Paulo.<\/p>\n<p data-pm-slice=\"1 1 []\">S\u00e3o eles: Polo de Agricultura Irrigada da Bacia Hidrogr\u00e1fica do Rio Santa Maria e Polo de Irriga\u00e7\u00e3o Noroeste Ga\u00facho, no Rio Grande do Sul; Polo de Irriga\u00e7\u00e3o Sustent\u00e1vel do Vale do Araguaia e Polo de Irriga\u00e7\u00e3o do Planalto Central de Goi\u00e1s, em Goi\u00e1s; Polo de Irriga\u00e7\u00e3o Oeste da Bahia, na Bahia; Polo de Irriga\u00e7\u00e3o Sustent\u00e1vel do Sul do Mato Grosso, Polo de Agricultura Irrigada Araguaia-Xingu e Polo de Irriga\u00e7\u00e3o Sustent\u00e1vel do M\u00e9dio Norte de Mato Grosso, em Mato Grosso; Polo de Irriga\u00e7\u00e3o Sustent\u00e1vel do Noroeste de Minas, em Minas Gerais; e Polo de Irriga\u00e7\u00e3o do Sudoeste Paulista, em S\u00e3o Paulo; Polo de Agricultura Irrigada do Norte Capixaba, no Esp\u00edrito Santo; e Polo de Irriga\u00e7\u00e3o Sustent\u00e1vel do Oeste Potiguar, no Rio Grande do Norte.<\/p>\n<p data-pm-slice=\"1 1 []\">A premissa b\u00e1sica dos Polos de Agricultura Irrigada \u00e9 apoiar o setor. A sele\u00e7\u00e3o pr\u00e9via dos polos passa pela avalia\u00e7\u00e3o do MIDR, com base em requisitos como: presen\u00e7a de associa\u00e7\u00e3o de irrigantes, relev\u00e2ncia da produ\u00e7\u00e3o irrigada para a regi\u00e3o e potencial de expans\u00e3o ou de aumento de produtividade com a ado\u00e7\u00e3o de t\u00e9cnicas mais eficientes de irriga\u00e7\u00e3o.<\/p>\n<p data-pm-slice=\"1 1 []\">Fonte: MIDR<\/p>\n<p> Fonte: Brasil61<\/p>\n<input type=\"hidden\" id=\"baseurl\" value=\"https:\/\/noticiasdestaque.com.br\"><input type=\"hidden\" id=\"audio_nonce\" value=\"eb7638fb71\">","protected":false},"excerpt":{"rendered":"<p>Respons\u00e1vel pela condu\u00e7\u00e3o da Pol\u00edtica Nacional de Irriga\u00e7\u00e3o (PNI), o MIDR atua com o objetivo de alavancar o tema a partir de trabalho conjunto entre organiza\u00e7\u00f5es e diversas esferas de governo<\/p>\n","protected":false},"author":1,"featured_media":13393,"comment_status":"open","ping_status":"open","sticky":false,"template":"","format":"standard","meta":{"fifu_image_url":"","fifu_image_alt":"","footnotes":""},"categories":[1],"tags":[106],"class_list":["post-13391","post","type-post","status-publish","format-standard","has-post-thumbnail","hentry","category-uncategorized","tag-brunna-pareja"],"distributor_meta":false,"distributor_terms":false,"distributor_media":false,"distributor_original_site_name":"Noticias em Destaque","distributor_original_site_url":"https:\/\/noticiasdestaque.com.br","push-errors":false,"_links":{"self":[{"href":"https:\/\/noticiasdestaque.com.br\/index.php\/wp-json\/wp\/v2\/posts\/13391","targetHints":{"allow":["GET"]}}],"collection":[{"href":"https:\/\/noticiasdestaque.com.br\/index.php\/wp-json\/wp\/v2\/posts"}],"about":[{"href":"https:\/\/noticiasdestaque.com.br\/index.php\/wp-json\/wp\/v2\/types\/post"}],"author":[{"embeddable":true,"href":"https:\/\/noticiasdestaque.com.br\/index.php\/wp-json\/wp\/v2\/users\/1"}],"replies":[{"embeddable":true,"href":"https:\/\/noticiasdestaque.com.br\/index.php\/wp-json\/wp\/v2\/comments?post=13391"}],"version-history":[{"count":1,"href":"https:\/\/noticiasdestaque.com.br\/index.php\/wp-json\/wp\/v2\/posts\/13391\/revisions"}],"predecessor-version":[{"id":13392,"href":"https:\/\/noticiasdestaque.com.br\/index.php\/wp-json\/wp\/v2\/posts\/13391\/revisions\/13392"}],"wp:featuredmedia":[{"embeddable":true,"href":"https:\/\/noticiasdestaque.com.br\/index.php\/wp-json\/wp\/v2\/media\/13393"}],"wp:attachment":[{"href":"https:\/\/noticiasdestaque.com.br\/index.php\/wp-json\/wp\/v2\/media?parent=13391"}],"wp:term":[{"taxonomy":"category","embeddable":true,"href":"https:\/\/noticiasdestaque.com.br\/index.php\/wp-json\/wp\/v2\/categories?post=13391"},{"taxonomy":"post_tag","embeddable":true,"href":"https:\/\/noticiasdestaque.com.br\/index.php\/wp-json\/wp\/v2\/tags?post=13391"}],"curies":[{"name":"wp","href":"https:\/\/api.w.org\/{rel}","templated":true}]}}