{"id":13388,"date":"2024-04-02T22:06:00","date_gmt":"2024-04-02T22:06:00","guid":{"rendered":"https:\/\/noticiasdestaque.com.br\/index.php\/2024\/04\/02\/brasil-contabiliza-mais-de-milhoes-de-casos-de-dengue\/"},"modified":"2024-04-02T22:06:00","modified_gmt":"2024-04-02T22:06:00","slug":"brasil-contabiliza-mais-de-milhoes-de-casos-de-dengue","status":"publish","type":"post","link":"https:\/\/noticiasdestaque.com.br\/index.php\/2024\/04\/02\/brasil-contabiliza-mais-de-milhoes-de-casos-de-dengue\/","title":{"rendered":"Brasil contabiliza mais de 2,4 milh\u00f5es de casos de dengue"},"content":{"rendered":"<p>At\u00e9 o momento, o Brasil contabilizou cerca de 2.573.293 casos prov\u00e1veis de dengue, resultando em 923 mortes associadas ao v\u00edrus. Dos casos reportados, 55,4%  correspondem a mulheres e 44,6% a homens. Os maiores \u00edndices de casos prov\u00e1veis est\u00e3o concentrados em sete estados, al\u00e9m do Distrito Federal, com Minas Gerais liderando com 832.393 casos, seguido por S\u00e3o Paulo com 535.316 e Paran\u00e1 com 246.444.<\/p>\n<p>Hemerson Luz, infectologista, atribui o aumento de casos da doen\u00e7a no come\u00e7o do ano a uma combina\u00e7\u00e3o de fatores, destacando-se o aumento da temperatura e o ac\u00famulo de chuvas. Essas condi\u00e7\u00f5es clim\u00e1ticas favorecem a cria\u00e7\u00e3o de ambientes prop\u00edcios para a prolifera\u00e7\u00e3o do mosquito transmissor da dengue.<\/p>\n<p>O especialista, por\u00e9m, destaca que a diminui\u00e7\u00e3o da temperatura \u2014 com o final do ver\u00e3o e a diminui\u00e7\u00e3o do volume de chuvas \u2014 poder\u00e1 contribuir com a diminui\u00e7\u00e3o dos casos de dengue.<\/p>\n<p>\u201cPara evitar outros casos, outras contamina\u00e7\u00f5es, o ideal \u00e9 evitar aqueles objetos que venham acumular \u00e1gua nos terrenos baldios, nos quintais e tamb\u00e9m usar repelente durante o dia. Lembrando que se voc\u00ea enxergar mosquito dentro da sua casa, o transmissor da dengue, \u00e9 porque deve ter alguma cole\u00e7\u00e3o de \u00e1gua em pelo menos um per\u00edmetro de 200 metros, que \u00e9 a autonomia do mosquito\u201d, explica.<\/p>\n<p>Tatiana Ara\u00fajo, estudante de 24 anos e moradora de Bras\u00edlia, conta sua experi\u00eancia com a dengue, destacando que os primeiros sintomas foram as pintinhas pelo corpo que inicialmente eram leves, mas se intensificaram causando coceira. Ela tamb\u00e9m teve febre alta e fortes dores de cabe\u00e7a.<\/p>\n<p>\u201cPara evitar a prolifera\u00e7\u00e3o do mosquito, s\u00e3o as mesmas medidas que eu tomava, inclusive antes de pegar. Que \u00e9 evitar deixar \u00e1gua parada. Evitar o ac\u00famulo de \u00e1gua na calha e tamb\u00e9m colocamos um produto qu\u00edmico para evitar a prolifera\u00e7\u00e3o do mosquito\u201d, relata.<\/p>\n<h2>Vacina\u00e7\u00e3o <\/h2>\n<p>De acordo com o Minist\u00e9rio da Sa\u00fade, pelo menos um ter\u00e7o das doses enviadas aos 521 munic\u00edpios foram aplicadas at\u00e9 agora. Das 1.235.119 doses distribu\u00eddas, 534.631 foram registradas como aplicadas, enquanto 700.488 ainda n\u00e3o tiveram esse registro. <\/p>\n<p>O governo recebeu uma nova remessa \u2014 com 930 mil doses \u2014 que ser\u00e3o distribu\u00eddas para os 521 munic\u00edpios anteriormente selecionados e para os 154 previstos na amplia\u00e7\u00e3o. Dessa forma, ser\u00e1 poss\u00edvel garantir que a vacina\u00e7\u00e3o continue, sem que haja falta do imunizante. <\/p>\n<p>O grupo priorit\u00e1rio para essa fase de vacina\u00e7\u00e3o \u00e9 de jovens de 10 a 14 anos.<\/p>\n<h2>Outros tipos de Arboviroses<\/h2>\n<p>Em rela\u00e7\u00e3o aos casos prov\u00e1veis de Zika e Chikungunya, foram registrados 1.318 e 115.441 casos, respectivamente. Quanto \u00e0s mortes, n\u00e3o h\u00e1 registros por Zika, enquanto a Chikungunya resultou em 46 mortes confirmadas, com outras 71 ainda sob investiga\u00e7\u00e3o.\n <\/p>\n<p> Fonte: Brasil61<\/p>\n<input type=\"hidden\" id=\"baseurl\" value=\"https:\/\/noticiasdestaque.com.br\"><input type=\"hidden\" id=\"audio_nonce\" value=\"eb7638fb71\">","protected":false},"excerpt":{"rendered":"<p>Dos casos reportados, 55,4% correspondem a mulheres e 44,6% a homens<\/p>\n","protected":false},"author":1,"featured_media":13390,"comment_status":"open","ping_status":"open","sticky":false,"template":"","format":"standard","meta":{"fifu_image_url":"","fifu_image_alt":"","footnotes":""},"categories":[1],"tags":[112],"class_list":["post-13388","post","type-post","status-publish","format-standard","has-post-thumbnail","hentry","category-uncategorized","tag-energreener"],"distributor_meta":false,"distributor_terms":false,"distributor_media":false,"distributor_original_site_name":"Noticias em Destaque","distributor_original_site_url":"https:\/\/noticiasdestaque.com.br","push-errors":false,"_links":{"self":[{"href":"https:\/\/noticiasdestaque.com.br\/index.php\/wp-json\/wp\/v2\/posts\/13388","targetHints":{"allow":["GET"]}}],"collection":[{"href":"https:\/\/noticiasdestaque.com.br\/index.php\/wp-json\/wp\/v2\/posts"}],"about":[{"href":"https:\/\/noticiasdestaque.com.br\/index.php\/wp-json\/wp\/v2\/types\/post"}],"author":[{"embeddable":true,"href":"https:\/\/noticiasdestaque.com.br\/index.php\/wp-json\/wp\/v2\/users\/1"}],"replies":[{"embeddable":true,"href":"https:\/\/noticiasdestaque.com.br\/index.php\/wp-json\/wp\/v2\/comments?post=13388"}],"version-history":[{"count":1,"href":"https:\/\/noticiasdestaque.com.br\/index.php\/wp-json\/wp\/v2\/posts\/13388\/revisions"}],"predecessor-version":[{"id":13389,"href":"https:\/\/noticiasdestaque.com.br\/index.php\/wp-json\/wp\/v2\/posts\/13388\/revisions\/13389"}],"wp:featuredmedia":[{"embeddable":true,"href":"https:\/\/noticiasdestaque.com.br\/index.php\/wp-json\/wp\/v2\/media\/13390"}],"wp:attachment":[{"href":"https:\/\/noticiasdestaque.com.br\/index.php\/wp-json\/wp\/v2\/media?parent=13388"}],"wp:term":[{"taxonomy":"category","embeddable":true,"href":"https:\/\/noticiasdestaque.com.br\/index.php\/wp-json\/wp\/v2\/categories?post=13388"},{"taxonomy":"post_tag","embeddable":true,"href":"https:\/\/noticiasdestaque.com.br\/index.php\/wp-json\/wp\/v2\/tags?post=13388"}],"curies":[{"name":"wp","href":"https:\/\/api.w.org\/{rel}","templated":true}]}}