{"id":13382,"date":"2024-04-02T20:06:00","date_gmt":"2024-04-02T20:06:00","guid":{"rendered":"https:\/\/noticiasdestaque.com.br\/index.php\/2024\/04\/02\/pe-de-meia-estudantes-nascidos-entre-setembro-e-outubro-recebem-beneficio-nesta-terca-feira\/"},"modified":"2024-04-02T20:06:00","modified_gmt":"2024-04-02T20:06:00","slug":"pe-de-meia-estudantes-nascidos-entre-setembro-e-outubro-recebem-beneficio-nesta-terca-feira","status":"publish","type":"post","link":"https:\/\/noticiasdestaque.com.br\/index.php\/2024\/04\/02\/pe-de-meia-estudantes-nascidos-entre-setembro-e-outubro-recebem-beneficio-nesta-terca-feira\/","title":{"rendered":"P\u00c9-DE-MEIA: estudantes nascidos entre setembro e outubro recebem benef\u00edcio nesta ter\u00e7a-feira (2)"},"content":{"rendered":"<p>Os alunos que est\u00e3o cursando o ensino m\u00e9dio da rede p\u00fablica nascidos em setembro ou outubro recebem nesta ter\u00e7a-feira (2) R$ 200 referentes ao Incentivo-Matr\u00edcula do programa P\u00e9-de-Meia. O valor ser\u00e1 depositado na conta digital aberta automaticamente pela Caixa Econ\u00f4mica Federal. O benefici\u00e1rio menor de idade deve ficar atento. Ele precisar\u00e1 da autoriza\u00e7\u00e3o do respons\u00e1vel legal para movimentar a conta. O consentimento pode ser feito em uma ag\u00eancia da Caixa ou pelo aplicativo Caixa Tem. Os alunos com 18 anos ou mais j\u00e1 podem utilizar o valor recebido.    <\/p>\n<p>O Minist\u00e9rio da Educa\u00e7\u00e3o (MEC) iniciou o pagamento do incentivo na ter\u00e7a-feira, 26 de mar\u00e7o, para os estudantes que nasceram em janeiro ou fevereiro. Os jovens receber\u00e3o o incentivo, conforme o m\u00eas de nascimento. Os benefici\u00e1rios podem receber at\u00e9 R$ 9,2 mil do programa, ao longo dos tr\u00eas anos de ensino m\u00e9dio. A proje\u00e7\u00e3o \u00e9 de que 2,4 milh\u00f5es de alunos sejam contemplados com a iniciativa. <\/p>\n<p>Para o professor e economista Rodrigo Sim\u00f5es, o programa tem tudo para dar certo, mas deve ser combinado com outras pol\u00edticas p\u00fablicas para atender \u00e0 popula\u00e7\u00e3o de maneira igualit\u00e1ria.<\/p>\n<p>\u201cO valor \u00e9 inicial e tem que ser igual para todas as regi\u00f5es. Eu vejo que ainda ser\u00e1 revisado ap\u00f3s alguns meses de implementa\u00e7\u00e3o. Temos que ir por partes, pois o or\u00e7amento do governo \u00e9 apertado, principalmente nesse ano onde o d\u00e9ficit fiscal tem aumentado muito \u2014 e com isso o governo acaba tendo pouca margem de manobra para programas sociais\u201d, observa.<\/p>\n<p><u>Cronograma de pagamento do Incentivo-Matr\u00edcula<\/u><\/p>\n<ul>\n<li>26 de mar\u00e7o para estudantes nascidos em janeiro ou fevereiro; <\/li>\n<li>27 de mar\u00e7o para estudantes nascidos em mar\u00e7o ou abril;<\/li>\n<li>28 de mar\u00e7o para estudantes nascidos em maio ou junho;<\/li>\n<li>1\u00ba de abril para estudantes nascidos em julho ou agosto;<\/li>\n<li>2 de abril para estudantes nascidos em setembro ou outubro;<\/li>\n<li>3 de abril para estudantes nascidos em novembro ou dezembro.<\/li>\n<\/ul>\n<p>Segundo o MEC, o pagamento poder\u00e1 ser efetuado at\u00e9 1\u00ba de julho de 2024, caso ocorra alguma atualiza\u00e7\u00e3o de informa\u00e7\u00f5es sobre a matr\u00edcula at\u00e9 14 de junho. A pasta alerta que a transfer\u00eancia de matr\u00edcula para outra escola n\u00e3o d\u00e1 ao estudante direito a novo pagamento do Incentivo-Matr\u00edcula no mesmo ano letivo. J\u00e1 o aluno que precisa cursar novamente determinada s\u00e9rie por abandono ou reprova\u00e7\u00e3o s\u00f3 ter\u00e1 direito a mais um pagamento para a mesma s\u00e9rie durante o ensino m\u00e9dio. <\/p>\n<p>O programa P\u00e9-de-Meia tem como objetivo reduzir essa taxa de abandono escolar no pa\u00eds por meio de um incentivo financeiro. Para a professora e coordenadora pedag\u00f3gica aposentada Elenir Azevedo, n\u00e3o basta olhar para o problema de forma generalizada. Ela viveu de perto os problemas dos estudantes e acredita que as pol\u00edticas p\u00fablicas e programas sociais precisam olhar para as regi\u00f5es de forma indivualizada.<\/p>\n<p>\u201cEvas\u00e3o escolar \u00e9 muito preocupante e esta ocorre principalmente em \u00e1reas mais carentes desprovidas de programas de assist\u00eancia. Acho que deveriam existir, de acordo com a realidade de cada localidade, programas que ajudassem as comunidades na orienta\u00e7\u00e3o da import\u00e2ncia de manter as crian\u00e7as nas escolas, pois delas adv\u00eam um futuro melhor\u201d, avalia.<\/p>\n<p> \u201c\u00c9 necess\u00e1rio ter um programa pol\u00edtico pedag\u00f3gico em cada escola para que se possibilitasse um engajamento maior entre escola e comunidade e que as crian\u00e7as tivessem mais prazer em frequentar as aulas\u201d, ressalta.<\/p>\n<h2>Como ocorre a distribui\u00e7\u00e3o do incentivo<\/h2>\n<p>O P\u00e9-de-Meia prev\u00ea o pagamento de R$ 200 de matr\u00edcula para cada s\u00e9rie, al\u00e9m de mais nove parcelas anuais no mesmo valor. Um total de R$ 2 mil por ano que pode ser sacado a qualquer momento. Al\u00e9m disso, ao fim de cada ano conclu\u00eddo os alunos ter\u00e3o direito a dep\u00f3sitos de R$ 1.000, que s\u00f3 poder\u00e3o ser retirados da poupan\u00e7a ap\u00f3s a conclus\u00e3o do ano letivo. O estudante tamb\u00e9m receber\u00e1 R$ 200 pela participa\u00e7\u00e3o no Exame Nacional do Ensino M\u00e9dio (ENEM). <\/p>\n<p>Para receber o benef\u00edcio, o estudante precisa ter o Cadastro de Pessoas F\u00edsicas (CPF); ter entre 14 e 24 anos; e ser integrante de fam\u00edlia que faz parte do Cadastro \u00danico (Cad\u00danico).<\/p>\n<p>Em caso de d\u00favidas, o estudante pode acessar o aplicativo \u201cJornada do Estudante\u201d, que pode ser baixado nas plataformas Google Play e App Store. Com ele, os alunos poder\u00e3o consultar informa\u00e7\u00f5es sobre a participa\u00e7\u00e3o no programa, status e calend\u00e1rios de pagamento \u2014 al\u00e9m de canais de atendimento.<\/p>\n<p>O MEC informa que novos estudantes poder\u00e3o ser contemplados \u00e0 medida que as redes de ensino municipais, estaduais e distrital atualizam as informa\u00e7\u00f5es.   \n <\/p>\n<p> Fonte: Brasil61<\/p>\n<input type=\"hidden\" id=\"baseurl\" value=\"https:\/\/noticiasdestaque.com.br\"><input type=\"hidden\" id=\"audio_nonce\" value=\"eb7638fb71\">","protected":false},"excerpt":{"rendered":"<p>O Incentivo-Matr\u00edcula ser\u00e1 creditado em contas digitais abertas automaticamente pela Caixa Econ\u00f4mica Federal em nome dos alunos, de acordo com o MEC<\/p>\n","protected":false},"author":1,"featured_media":13384,"comment_status":"open","ping_status":"open","sticky":false,"template":"","format":"standard","meta":{"fifu_image_url":"","fifu_image_alt":"","footnotes":""},"categories":[1],"tags":[174],"class_list":["post-13382","post","type-post","status-publish","format-standard","has-post-thumbnail","hentry","category-uncategorized","tag-internacao-para-alcoolatras"],"distributor_meta":false,"distributor_terms":false,"distributor_media":false,"distributor_original_site_name":"Noticias em Destaque","distributor_original_site_url":"https:\/\/noticiasdestaque.com.br","push-errors":false,"_links":{"self":[{"href":"https:\/\/noticiasdestaque.com.br\/index.php\/wp-json\/wp\/v2\/posts\/13382","targetHints":{"allow":["GET"]}}],"collection":[{"href":"https:\/\/noticiasdestaque.com.br\/index.php\/wp-json\/wp\/v2\/posts"}],"about":[{"href":"https:\/\/noticiasdestaque.com.br\/index.php\/wp-json\/wp\/v2\/types\/post"}],"author":[{"embeddable":true,"href":"https:\/\/noticiasdestaque.com.br\/index.php\/wp-json\/wp\/v2\/users\/1"}],"replies":[{"embeddable":true,"href":"https:\/\/noticiasdestaque.com.br\/index.php\/wp-json\/wp\/v2\/comments?post=13382"}],"version-history":[{"count":1,"href":"https:\/\/noticiasdestaque.com.br\/index.php\/wp-json\/wp\/v2\/posts\/13382\/revisions"}],"predecessor-version":[{"id":13383,"href":"https:\/\/noticiasdestaque.com.br\/index.php\/wp-json\/wp\/v2\/posts\/13382\/revisions\/13383"}],"wp:featuredmedia":[{"embeddable":true,"href":"https:\/\/noticiasdestaque.com.br\/index.php\/wp-json\/wp\/v2\/media\/13384"}],"wp:attachment":[{"href":"https:\/\/noticiasdestaque.com.br\/index.php\/wp-json\/wp\/v2\/media?parent=13382"}],"wp:term":[{"taxonomy":"category","embeddable":true,"href":"https:\/\/noticiasdestaque.com.br\/index.php\/wp-json\/wp\/v2\/categories?post=13382"},{"taxonomy":"post_tag","embeddable":true,"href":"https:\/\/noticiasdestaque.com.br\/index.php\/wp-json\/wp\/v2\/tags?post=13382"}],"curies":[{"name":"wp","href":"https:\/\/api.w.org\/{rel}","templated":true}]}}