{"id":13368,"date":"2024-04-01T03:13:00","date_gmt":"2024-04-01T03:13:00","guid":{"rendered":"https:\/\/noticiasdestaque.com.br\/index.php\/2024\/04\/01\/vacinacao-contra-febre-aftosa-sera-suspensa-em-estados-e-no-df-a-partir-de-maio\/"},"modified":"2024-04-01T03:13:00","modified_gmt":"2024-04-01T03:13:00","slug":"vacinacao-contra-febre-aftosa-sera-suspensa-em-estados-e-no-df-a-partir-de-maio","status":"publish","type":"post","link":"https:\/\/noticiasdestaque.com.br\/index.php\/2024\/04\/01\/vacinacao-contra-febre-aftosa-sera-suspensa-em-estados-e-no-df-a-partir-de-maio\/","title":{"rendered":"Vacina\u00e7\u00e3o contra febre aftosa ser\u00e1 suspensa em 16 estados e no DF, a partir de 2 maio"},"content":{"rendered":"<p>O Brasil reconheceu nacionalmente 16 estados e o Distrito Federal como \u00e1reas livres de febre aftosa. A partir de 2 de maio, a vacina\u00e7\u00e3o nessas unidades da federa\u00e7\u00e3o ser\u00e1 suspensa, conforme determina a Portaria n\u00ba 665, de 21 de mar\u00e7os de 2024, do Minist\u00e9rio da Agricultura e Pecu\u00e1ria. O advogado especialista em direito animal Luciano De Paoli explica que a febre aftosa \u00e9 uma doen\u00e7a que acomete animais de casco fendido \u2014 que o separa do ch\u00e3o \u2014, como bovinos, b\u00fafalos, caprinos, ovinos e su\u00ednos. Por n\u00e3o ter tratamento, o especialista conta que esses animais acabam prejudicados.<\/p>\n<p>\u201cTodos os animais diagnosticados com febre aftosa devem ser sacrificados a fim de evitar a dissemina\u00e7\u00e3o da doen\u00e7a para outros animais. Ent\u00e3o, o agricultor tem que se cercar de todos esses cuidados. Ter a vacina\u00e7\u00e3o em dia de todo gado, e fora isso, havendo a doen\u00e7a, separar em quarentena os animais que podem ser recuperados \u2014 e aqueles que est\u00e3o em estado avan\u00e7ado de doen\u00e7a\u201d, destaca. <\/p>\n<p>O veterin\u00e1rio Lucas Edel esclarece que deixar de vacinar \u00e9 sinal de vigil\u00e2ncia e cuidado.<\/p>\n<p>\u201cDesde 2016, o Minist\u00e9rio da Agricultura iniciou um planejamento, um plano estrat\u00e9gico para iniciar o processo do Brasil se tornar um pa\u00eds livre sem vacina\u00e7\u00e3o, que isso \u00e9 muito bom para o pa\u00eds. Se a gente est\u00e1 vacinando \u00e9 porque existe um risco. Se a gente deixa de vacinar \u00e9 porque esse risco n\u00e3o existe mais ou ele \u00e9 quase nulo. E a\u00ed a gente acaba fazendo somente uma vigil\u00e2ncia para evitar que esse v\u00edrus chegue novamente\u201d, informa.<\/p>\n<p>O advogado especialista em direito agr\u00e1rio Francisco Torma acrescenta um outro fator para o Brasil ter interesse em suspender a vacina\u00e7\u00e3o. <\/p>\n<p>\u201cEm regi\u00f5es onde a febre aftosa \u00e9 muito comum, n\u00f3s temos um indicativo de que os cuidados veterin\u00e1rios n\u00e3o s\u00e3o bons, que o manejo desse animal n\u00e3o \u00e9 bom. Ent\u00e3o se n\u00f3s temos vacina\u00e7\u00e3o, n\u00f3s podemos ter mascarado a situa\u00e7\u00e3o. Ou seja, o trato veterin\u00e1rio n\u00e3o \u00e9 t\u00e3o bom, o cuidado com rebanho n\u00e3o \u00e9 t\u00e3o bom, mas n\u00f3s n\u00e3o temos a doen\u00e7a por conta da vacina\u00e7\u00e3o\u201d, observa. <\/p>\n<h2>Restri\u00e7\u00f5es<\/h2>\n<p>O armazenamento, a comercializa\u00e7\u00e3o e o uso de vacinas contra a febre aftosa nessas unidades da federa\u00e7\u00e3o ser\u00e3o proibidos \u2014 de acordo com a portaria. Al\u00e9m disso, tamb\u00e9m, ser\u00e1 restrita a movimenta\u00e7\u00e3o de animais e de produtos desses locais para as demais \u00e1reas que ainda praticam a vacina\u00e7\u00e3o no pa\u00eds. <\/p>\n<p>O processo de transi\u00e7\u00e3o de zonas livres de febre aftosa com vacina\u00e7\u00e3o para livre sem vacina\u00e7\u00e3o est\u00e1 previsto no plano Estrat\u00e9gico do Plano Nacional de Vigil\u00e2ncia para a Febre Aftosa (PE-PNEFA). A meta \u00e9 que o Brasil se torne totalmente livre de febre aftosa, sem vacina\u00e7\u00e3o, at\u00e9 2026.  <\/p>\n<p>Para realizar a transi\u00e7\u00e3o de <em>status <\/em>sanit\u00e1rio, os estados e o Distrito Federal atenderam aos crit\u00e9rios definidos no Plano Estrat\u00e9gico, que est\u00e1 alinhado com as diretrizes do C\u00f3digo Terrestre da OMSA. <\/p>\n<p>\u201cS\u00e3o diversos crit\u00e9rios que foram levados em considera\u00e7\u00e3o. Estados onde h\u00e1 uma circula\u00e7\u00e3o maior de animais, estados que fazem fronteira com os outros pa\u00edses, esses estados t\u00eam maior risco. Ent\u00e3o h\u00e1, teoricamente, uma vigil\u00e2ncia muito mais intensa para se pensar em deixar de vacinar esses animais\u201d, informa Edel. De acordo com o especialista o pa\u00eds tem cerca de 234 milh\u00f5es de bovinos.<\/p>\n<p>Cear\u00e1, Rio Grande do Norte, Para\u00edba, Pernambuco e Alagoas n\u00e3o v\u00e3o suspender a vacina\u00e7\u00e3o. As etapas de vacina\u00e7\u00e3o contra a febre aftosa em 2024 continuam nos meses de maio e novembro. <\/p>\n<p> Fonte: Brasil61<\/p>\n<input type=\"hidden\" id=\"baseurl\" value=\"https:\/\/noticiasdestaque.com.br\"><input type=\"hidden\" id=\"audio_nonce\" value=\"581f3017e1\">","protected":false},"excerpt":{"rendered":"<p>O Brasil reconheceu as regi\u00f5es como livre da doen\u00e7a <\/p>\n","protected":false},"author":1,"featured_media":13370,"comment_status":"open","ping_status":"open","sticky":false,"template":"","format":"standard","meta":{"fifu_image_url":"","fifu_image_alt":"","footnotes":""},"categories":[1],"tags":[107],"class_list":["post-13368","post","type-post","status-publish","format-standard","has-post-thumbnail","hentry","category-uncategorized","tag-closer-vendedor-milionario"],"distributor_meta":false,"distributor_terms":false,"distributor_media":false,"distributor_original_site_name":"Noticias em Destaque","distributor_original_site_url":"https:\/\/noticiasdestaque.com.br","push-errors":false,"_links":{"self":[{"href":"https:\/\/noticiasdestaque.com.br\/index.php\/wp-json\/wp\/v2\/posts\/13368","targetHints":{"allow":["GET"]}}],"collection":[{"href":"https:\/\/noticiasdestaque.com.br\/index.php\/wp-json\/wp\/v2\/posts"}],"about":[{"href":"https:\/\/noticiasdestaque.com.br\/index.php\/wp-json\/wp\/v2\/types\/post"}],"author":[{"embeddable":true,"href":"https:\/\/noticiasdestaque.com.br\/index.php\/wp-json\/wp\/v2\/users\/1"}],"replies":[{"embeddable":true,"href":"https:\/\/noticiasdestaque.com.br\/index.php\/wp-json\/wp\/v2\/comments?post=13368"}],"version-history":[{"count":1,"href":"https:\/\/noticiasdestaque.com.br\/index.php\/wp-json\/wp\/v2\/posts\/13368\/revisions"}],"predecessor-version":[{"id":13369,"href":"https:\/\/noticiasdestaque.com.br\/index.php\/wp-json\/wp\/v2\/posts\/13368\/revisions\/13369"}],"wp:featuredmedia":[{"embeddable":true,"href":"https:\/\/noticiasdestaque.com.br\/index.php\/wp-json\/wp\/v2\/media\/13370"}],"wp:attachment":[{"href":"https:\/\/noticiasdestaque.com.br\/index.php\/wp-json\/wp\/v2\/media?parent=13368"}],"wp:term":[{"taxonomy":"category","embeddable":true,"href":"https:\/\/noticiasdestaque.com.br\/index.php\/wp-json\/wp\/v2\/categories?post=13368"},{"taxonomy":"post_tag","embeddable":true,"href":"https:\/\/noticiasdestaque.com.br\/index.php\/wp-json\/wp\/v2\/tags?post=13368"}],"curies":[{"name":"wp","href":"https:\/\/api.w.org\/{rel}","templated":true}]}}