{"id":13347,"date":"2024-04-01T12:13:00","date_gmt":"2024-04-01T12:13:00","guid":{"rendered":"https:\/\/noticiasdestaque.com.br\/index.php\/2024\/04\/01\/brasil-apresenta-queda-de-no-pib-do-agronegocio\/"},"modified":"2024-04-01T12:13:00","modified_gmt":"2024-04-01T12:13:00","slug":"brasil-apresenta-queda-de-no-pib-do-agronegocio","status":"publish","type":"post","link":"https:\/\/noticiasdestaque.com.br\/index.php\/2024\/04\/01\/brasil-apresenta-queda-de-no-pib-do-agronegocio\/","title":{"rendered":"Brasil apresenta queda de 2,9% no PIB do agroneg\u00f3cio"},"content":{"rendered":"<p>O agroneg\u00f3cio brasileiro apresentou queda no desempenho em 2023. De acordo com a Confedera\u00e7\u00e3o da Agricultura e Pecu\u00e1ria do Brasil (CNA) e o Centro de Estudos Avan\u00e7ados em Economia Aplicada (Cepea) o Produto Interno Bruto (PIB) do agroneg\u00f3cio fechou o ano passado com queda de 2,99% em rela\u00e7\u00e3o a 2022. Os dados mostram que a diminui\u00e7\u00e3o de pre\u00e7os em todos os segmentos da cadeia produtiva contribu\u00edram para o resultado. O advogado especialista em direito agr\u00e1rio Francisco Torma explica esse cen\u00e1rio.<\/p>\n<p>\u201cQuando  estou falando do agroneg\u00f3cio,  n\u00e3o estou falando s\u00f3 sobre produ\u00e7\u00e3o agropecu\u00e1ria. Portanto,  estou falando do PIB que envolve desde a produ\u00e7\u00e3o de m\u00e1quina, venda de insumos, os contatos banc\u00e1rios, de financiamento de cr\u00e9dito rural, todos os servi\u00e7os \u2014 o transporte desse produto. Tudo isso pode influenciar nesse resultado\u201d, pontua.<\/p>\n<p>Na opini\u00e3o do presidente-executivo da Associa\u00e7\u00e3o Brasileira da Ind\u00fastria do Trigo (Abitrigo), Rubens Barbosa, esse resultado j\u00e1 era esperado. Ele cita o trigo, como exemplo.<\/p>\n<p>\u201cO Brasil n\u00e3o \u00e9 formador de pre\u00e7os. No caso do trigo, o pre\u00e7o \u00e9 formado na bolsa de Chicago, na bolsa de Nova York. Ent\u00e3o, o trigo \u2014 esse ano inclusive \u2014 ele estava com pre\u00e7o muito baixa. A apesar da quebra da safra, o pre\u00e7o interno estava baixo, porque havia trigo no exterior muito diferente\u201d, revela.<\/p>\n<p>Com este desempenho, o setor reduziu sua participa\u00e7\u00e3o no PIB total do pa\u00eds no per\u00edodo, de 25,2% em 2022 para 23,8% no ano passado. O resultado s\u00f3 n\u00e3o foi mais desfavor\u00e1vel em raz\u00e3o das safras agr\u00edcolas recordes e da maior produ\u00e7\u00e3o nos segmentos prim\u00e1rio e agroindustrial na pecu\u00e1ria, que puxaram a demanda por agrosservi\u00e7os.<\/p>\n<h2>Avalia\u00e7\u00e3o por atividade<\/h2>\n<p>Ao levar em considera\u00e7\u00e3o a an\u00e1lise por cada atividade, o PIB agr\u00edcola teve queda de 3,26% em 2023, em rela\u00e7\u00e3o a 2022. Apenas o setor prim\u00e1rio alcan\u00e7ou resultado positivo \u2014 com expans\u00e3o de 5,11%, beneficiado pela produ\u00e7\u00e3o recorde e queda dos custos com insumos.<\/p>\n<p>A baixa nos pre\u00e7os de fertilizantes e uma produ\u00e7\u00e3o menor de m\u00e1quinas agr\u00edcolas provocaram queda de 27,92%. Al\u00e9m disso, houve tamb\u00e9m recuo na ind\u00fastria (3,43%) e no setor de servi\u00e7os (3,24%). J\u00e1 na pecu\u00e1ria, o PIB caiu 2,3% no ano passado. A produ\u00e7\u00e3o prim\u00e1ria foi a mais afetada, com queda de 10,61%. A atividade sofreu com a queda dos pre\u00e7os \u2014 principalmente de bovinos, aves de corte e leite.<\/p>\n<p>O presidente-executivo da Abitrigo, Rubens Barbosa, tamb\u00e9m revela que o mesmo cen\u00e1rio foi observado na produ\u00e7\u00e3o do trigo. \u201cNo caso do trigo houve perdas no Rio Grande do Sul, Santa Catarina e no Paran\u00e1 de 30%, 40%, da safra. E isso t\u00e1 repercutindo esse ano\u201d, salienta.\n <\/p>\n<p> Fonte: Brasil61<\/p>\n<input type=\"hidden\" id=\"baseurl\" value=\"https:\/\/noticiasdestaque.com.br\"><input type=\"hidden\" id=\"audio_nonce\" value=\"eb7638fb71\">","protected":false},"excerpt":{"rendered":"<p>O desempenho foi puxado pela queda de pre\u00e7os em todos os segmentos da cadeia produtiva<\/p>\n","protected":false},"author":1,"featured_media":13349,"comment_status":"open","ping_status":"open","sticky":false,"template":"","format":"standard","meta":{"fifu_image_url":"","fifu_image_alt":"","footnotes":""},"categories":[1],"tags":[107],"class_list":["post-13347","post","type-post","status-publish","format-standard","has-post-thumbnail","hentry","category-uncategorized","tag-closer-vendedor-milionario"],"distributor_meta":false,"distributor_terms":false,"distributor_media":false,"distributor_original_site_name":"Noticias em Destaque","distributor_original_site_url":"https:\/\/noticiasdestaque.com.br","push-errors":false,"_links":{"self":[{"href":"https:\/\/noticiasdestaque.com.br\/index.php\/wp-json\/wp\/v2\/posts\/13347","targetHints":{"allow":["GET"]}}],"collection":[{"href":"https:\/\/noticiasdestaque.com.br\/index.php\/wp-json\/wp\/v2\/posts"}],"about":[{"href":"https:\/\/noticiasdestaque.com.br\/index.php\/wp-json\/wp\/v2\/types\/post"}],"author":[{"embeddable":true,"href":"https:\/\/noticiasdestaque.com.br\/index.php\/wp-json\/wp\/v2\/users\/1"}],"replies":[{"embeddable":true,"href":"https:\/\/noticiasdestaque.com.br\/index.php\/wp-json\/wp\/v2\/comments?post=13347"}],"version-history":[{"count":1,"href":"https:\/\/noticiasdestaque.com.br\/index.php\/wp-json\/wp\/v2\/posts\/13347\/revisions"}],"predecessor-version":[{"id":13348,"href":"https:\/\/noticiasdestaque.com.br\/index.php\/wp-json\/wp\/v2\/posts\/13347\/revisions\/13348"}],"wp:featuredmedia":[{"embeddable":true,"href":"https:\/\/noticiasdestaque.com.br\/index.php\/wp-json\/wp\/v2\/media\/13349"}],"wp:attachment":[{"href":"https:\/\/noticiasdestaque.com.br\/index.php\/wp-json\/wp\/v2\/media?parent=13347"}],"wp:term":[{"taxonomy":"category","embeddable":true,"href":"https:\/\/noticiasdestaque.com.br\/index.php\/wp-json\/wp\/v2\/categories?post=13347"},{"taxonomy":"post_tag","embeddable":true,"href":"https:\/\/noticiasdestaque.com.br\/index.php\/wp-json\/wp\/v2\/tags?post=13347"}],"curies":[{"name":"wp","href":"https:\/\/api.w.org\/{rel}","templated":true}]}}