{"id":13344,"date":"2024-04-01T11:13:00","date_gmt":"2024-04-01T11:13:00","guid":{"rendered":"https:\/\/noticiasdestaque.com.br\/index.php\/2024\/04\/01\/preco-do-cafe-arabica-esta-em-baixa-nesta-segunda-feira\/"},"modified":"2024-04-01T11:13:00","modified_gmt":"2024-04-01T11:13:00","slug":"preco-do-cafe-arabica-esta-em-baixa-nesta-segunda-feira","status":"publish","type":"post","link":"https:\/\/noticiasdestaque.com.br\/index.php\/2024\/04\/01\/preco-do-cafe-arabica-esta-em-baixa-nesta-segunda-feira\/","title":{"rendered":"Pre\u00e7o do caf\u00e9 ar\u00e1bica est\u00e1 em baixa nesta segunda-feira (1\u00ba)"},"content":{"rendered":"<p>Nesta segunda-feira (1\u00ba), a saca de 60 quilos do caf\u00e9 ar\u00e1bica custa R$ 1.029,70 na cidade de S\u00e3o Paulo. Houve baixa com rela\u00e7\u00e3o ao \u00faltimo fechamento.<\/p>\n<p>Para o caf\u00e9 robusta, a queda de pre\u00e7os foi de 0,30%. A saca de 60 quilos, pre\u00e7o l\u00edquido, \u00e0 vista, \u00e9 comercializada a R$ 952,40 para retirada nas imedia\u00e7\u00f5es da regi\u00e3o produtora de Colatina e S\u00e3o Gabriel da Palha, no Esp\u00edrito Santo. <\/p>\n<p>O a\u00e7\u00facar cristal observou alta de 0,25% no seu pre\u00e7o e \u00e9 comercializado a R$ 145,50 por saca de 50 kg, em S\u00e3o Paulo. No litoral paulista, o pre\u00e7o m\u00e9dio, sem impostos, da saca de 50 quilos tamb\u00e9m subiu em 0,9% \u2014 a R$ 145,40 na regi\u00e3o.<\/p>\n<p>J\u00e1 para pre\u00e7o da saca de  60 kg do milho, a <em>commodity<\/em> tem leve queda e \u00e9 negociada a R$ 61,80 para a regi\u00e3o de refer\u00eancia de Campinas (SP).<\/p>\n<p>Os valores s\u00e3o do <a href=\"https:\/\/www.cepea.esalq.usp.br\/br\">Cepea<\/a>.\n <\/p>\n<p> Fonte: Brasil61<\/p>\n<input type=\"hidden\" id=\"baseurl\" value=\"https:\/\/noticiasdestaque.com.br\"><input type=\"hidden\" id=\"audio_nonce\" value=\"eb7638fb71\">","protected":false},"excerpt":{"rendered":"<p>Caf\u00e9 ar\u00e1bica \u00e9 negociado a R$ 1.029,70\/saca em S\u00e3o Paulo<\/p>\n","protected":false},"author":1,"featured_media":13346,"comment_status":"open","ping_status":"open","sticky":false,"template":"","format":"standard","meta":{"fifu_image_url":"","fifu_image_alt":"","footnotes":""},"categories":[1],"tags":[107],"class_list":["post-13344","post","type-post","status-publish","format-standard","has-post-thumbnail","hentry","category-uncategorized","tag-closer-vendedor-milionario"],"distributor_meta":false,"distributor_terms":false,"distributor_media":false,"distributor_original_site_name":"Noticias em Destaque","distributor_original_site_url":"https:\/\/noticiasdestaque.com.br","push-errors":false,"_links":{"self":[{"href":"https:\/\/noticiasdestaque.com.br\/index.php\/wp-json\/wp\/v2\/posts\/13344","targetHints":{"allow":["GET"]}}],"collection":[{"href":"https:\/\/noticiasdestaque.com.br\/index.php\/wp-json\/wp\/v2\/posts"}],"about":[{"href":"https:\/\/noticiasdestaque.com.br\/index.php\/wp-json\/wp\/v2\/types\/post"}],"author":[{"embeddable":true,"href":"https:\/\/noticiasdestaque.com.br\/index.php\/wp-json\/wp\/v2\/users\/1"}],"replies":[{"embeddable":true,"href":"https:\/\/noticiasdestaque.com.br\/index.php\/wp-json\/wp\/v2\/comments?post=13344"}],"version-history":[{"count":1,"href":"https:\/\/noticiasdestaque.com.br\/index.php\/wp-json\/wp\/v2\/posts\/13344\/revisions"}],"predecessor-version":[{"id":13345,"href":"https:\/\/noticiasdestaque.com.br\/index.php\/wp-json\/wp\/v2\/posts\/13344\/revisions\/13345"}],"wp:featuredmedia":[{"embeddable":true,"href":"https:\/\/noticiasdestaque.com.br\/index.php\/wp-json\/wp\/v2\/media\/13346"}],"wp:attachment":[{"href":"https:\/\/noticiasdestaque.com.br\/index.php\/wp-json\/wp\/v2\/media?parent=13344"}],"wp:term":[{"taxonomy":"category","embeddable":true,"href":"https:\/\/noticiasdestaque.com.br\/index.php\/wp-json\/wp\/v2\/categories?post=13344"},{"taxonomy":"post_tag","embeddable":true,"href":"https:\/\/noticiasdestaque.com.br\/index.php\/wp-json\/wp\/v2\/tags?post=13344"}],"curies":[{"name":"wp","href":"https:\/\/api.w.org\/{rel}","templated":true}]}}