{"id":13332,"date":"2024-03-29T21:52:00","date_gmt":"2024-03-29T21:52:00","guid":{"rendered":"https:\/\/noticiasdestaque.com.br\/index.php\/2024\/03\/29\/confianca-dos-empresarios-apresenta-crescimento-em-marco-aponta-pesquisa\/"},"modified":"2024-03-29T21:52:00","modified_gmt":"2024-03-29T21:52:00","slug":"confianca-dos-empresarios-apresenta-crescimento-em-marco-aponta-pesquisa","status":"publish","type":"post","link":"https:\/\/noticiasdestaque.com.br\/index.php\/2024\/03\/29\/confianca-dos-empresarios-apresenta-crescimento-em-marco-aponta-pesquisa\/","title":{"rendered":"Confian\u00e7a dos empres\u00e1rios apresenta crescimento em mar\u00e7o; aponta pesquisa"},"content":{"rendered":"<p>O \u00cdndice de Confian\u00e7a do Empres\u00e1rio do Com\u00e9rcio (Icec) registrou um aumento 2,2% em mar\u00e7o, descontando os efeitos sazonais. Esse resultado marca a terceira alta consecutiva, de acordo com os dados divulgados pela Confedera\u00e7\u00e3o Nacional do Com\u00e9rcio de Bens, Servi\u00e7os e Turismo (CNC).<\/p>\n<p>O economista-chefe da CNC, Felipe Tavares, destaca um ponto de aten\u00e7\u00e3o em rela\u00e7\u00e3o ao comportamento do indicador no ano passado. Segundo ele, houve uma queda de 2,7% em rela\u00e7\u00e3o ao mesmo per\u00edodo de 2023. Para ele, na leitura de curto prazo, os empres\u00e1rios mostram certa preocupa\u00e7\u00e3o com as condi\u00e7\u00f5es macroecon\u00f4micas do pa\u00eds, bem com as condi\u00e7\u00f5es setoriais em que vivem. <\/p>\n<p>\u201cCom isso, o sub-indicador de condi\u00e7\u00f5es atuais do Icec, est\u00e1 em um n\u00edvel abaixo de 100, com 86,8. S\u00f3 que, na vis\u00e3o de maior perspectiva, mostra um crescimento do otimismo dos empres\u00e1rios, porque, nas expectativas de futuro, ou seja, em uma avalia\u00e7\u00e3o de m\u00e9dio e longo prazos, os empres\u00e1rios est\u00e3o com otimismo elevado.\u201d<\/p>\n<p>Em mar\u00e7o, a confian\u00e7a dos empres\u00e1rios em rela\u00e7\u00e3o \u00e0s condi\u00e7\u00f5es econ\u00f4micas atuais apresentou um crescimento de 6,6% em rela\u00e7\u00e3o ao m\u00eas anterior.<\/p>\n<h2>Melhoria nos tr\u00eas grupos das lojas varejistas<\/h2>\n<p>Al\u00e9m disso, a confian\u00e7a dos empres\u00e1rios do com\u00e9rcio registrou melhoria em todos os tr\u00eas grupos de lojas varejistas pesquisados. Nas s\u00e9ries com ajuste sazonal, o segmento de produtos essenciais registrou o maior crescimento mensal, com um aumento de 3,4%. Enquanto isso, o setor de vestu\u00e1rio, tecidos e cal\u00e7ados teve um aumento de 1,3%, seguido pelos produtos dur\u00e1veis, que avan\u00e7aram 1,1%.<\/p>\n<p>O aumento da confian\u00e7a no com\u00e9rcio \u2014 de 3,8%, segundo o estudo \u2014 est\u00e1 ligado ao progresso do com\u00e9rcio varejista em geral, que cresceu 2,4% em janeiro. Isso mostra uma melhoria cont\u00ednua ao longo dos \u00faltimos 12 meses.<\/p>\n<p>O item de Expectativas do Icec tamb\u00e9m melhorou em mar\u00e7o, com um aumento de 1,6%, sendo o \u00fanico subindicador com uma taxa anual positiva de 0,6%. De acordo com a pesquisa, isso significa que, mesmo que as an\u00e1lises sobre o presente sejam menos favor\u00e1veis do que no ano passado, a perspectiva para o futuro est\u00e1 melhorando, especialmente para a economia.<\/p>\n<h2>Cautela dos consumidores<\/h2>\n<p>Os resultados positivos apontam para uma melhoria na percep\u00e7\u00e3o do setor, por\u00e9m a avalia\u00e7\u00e3o dos consumidores sugere cautela. A pesquisa revelou que as fam\u00edlias enfrentam maior dificuldade para acessar cr\u00e9dito, al\u00e9m de uma desacelera\u00e7\u00e3o no mercado de trabalho. Essa redu\u00e7\u00e3o nos recursos dispon\u00edveis tem levado a uma diminui\u00e7\u00e3o na inten\u00e7\u00e3o de consumo.<\/p>\n<p><strong>Leia mais:<\/strong><\/p>\n<\/p>\n<p> Fonte: Brasil61<\/p>\n<input type=\"hidden\" id=\"baseurl\" value=\"https:\/\/noticiasdestaque.com.br\"><input type=\"hidden\" id=\"audio_nonce\" value=\"581f3017e1\">","protected":false},"excerpt":{"rendered":"<p>O \u00cdndice de Confian\u00e7a do Empres\u00e1rio do Com\u00e9rcio aumentou 2,2% em mar\u00e7o, impulsionado pela an\u00e1lise das condi\u00e7\u00f5es atuais e das expectativas<\/p>\n","protected":false},"author":1,"featured_media":13334,"comment_status":"open","ping_status":"open","sticky":false,"template":"","format":"standard","meta":{"fifu_image_url":"","fifu_image_alt":"","footnotes":""},"categories":[1],"tags":[106],"class_list":["post-13332","post","type-post","status-publish","format-standard","has-post-thumbnail","hentry","category-uncategorized","tag-brunna-pareja"],"distributor_meta":false,"distributor_terms":false,"distributor_media":false,"distributor_original_site_name":"Noticias em Destaque","distributor_original_site_url":"https:\/\/noticiasdestaque.com.br","push-errors":false,"_links":{"self":[{"href":"https:\/\/noticiasdestaque.com.br\/index.php\/wp-json\/wp\/v2\/posts\/13332","targetHints":{"allow":["GET"]}}],"collection":[{"href":"https:\/\/noticiasdestaque.com.br\/index.php\/wp-json\/wp\/v2\/posts"}],"about":[{"href":"https:\/\/noticiasdestaque.com.br\/index.php\/wp-json\/wp\/v2\/types\/post"}],"author":[{"embeddable":true,"href":"https:\/\/noticiasdestaque.com.br\/index.php\/wp-json\/wp\/v2\/users\/1"}],"replies":[{"embeddable":true,"href":"https:\/\/noticiasdestaque.com.br\/index.php\/wp-json\/wp\/v2\/comments?post=13332"}],"version-history":[{"count":1,"href":"https:\/\/noticiasdestaque.com.br\/index.php\/wp-json\/wp\/v2\/posts\/13332\/revisions"}],"predecessor-version":[{"id":13333,"href":"https:\/\/noticiasdestaque.com.br\/index.php\/wp-json\/wp\/v2\/posts\/13332\/revisions\/13333"}],"wp:featuredmedia":[{"embeddable":true,"href":"https:\/\/noticiasdestaque.com.br\/index.php\/wp-json\/wp\/v2\/media\/13334"}],"wp:attachment":[{"href":"https:\/\/noticiasdestaque.com.br\/index.php\/wp-json\/wp\/v2\/media?parent=13332"}],"wp:term":[{"taxonomy":"category","embeddable":true,"href":"https:\/\/noticiasdestaque.com.br\/index.php\/wp-json\/wp\/v2\/categories?post=13332"},{"taxonomy":"post_tag","embeddable":true,"href":"https:\/\/noticiasdestaque.com.br\/index.php\/wp-json\/wp\/v2\/tags?post=13332"}],"curies":[{"name":"wp","href":"https:\/\/api.w.org\/{rel}","templated":true}]}}