{"id":13323,"date":"2024-03-29T18:22:00","date_gmt":"2024-03-29T18:22:00","guid":{"rendered":"https:\/\/noticiasdestaque.com.br\/index.php\/2024\/03\/29\/falta-de-agua-e-preocupacao-de-da-populacao-brasileira\/"},"modified":"2024-03-29T18:22:00","modified_gmt":"2024-03-29T18:22:00","slug":"falta-de-agua-e-preocupacao-de-da-populacao-brasileira","status":"publish","type":"post","link":"https:\/\/noticiasdestaque.com.br\/index.php\/2024\/03\/29\/falta-de-agua-e-preocupacao-de-da-populacao-brasileira\/","title":{"rendered":"Falta de \u00e1gua \u00e9 preocupa\u00e7\u00e3o de 58% da popula\u00e7\u00e3o brasileira"},"content":{"rendered":"<p>Reduzir o tempo no banho, economizar \u00e1gua na hora de lavar a lou\u00e7a e reutilizar a \u00e1gua da m\u00e1quina de lavar roupas s\u00e3o apenas algumas das medidas que podem ser feitas para evitar o desperd\u00edcio de \u00e1gua. A Pesquisa \u201cA Percep\u00e7\u00e3o dos Brasileiros sobre Seguran\u00e7a H\u00eddrica\u201d, feita pela The Nature Conservancy Brasil, mostra que a falta de \u00e1gua \u00e9 preocupa\u00e7\u00e3o de 58% da popula\u00e7\u00e3o brasileira. <\/p>\n<p>Para o gerente nacional de Sistemas de \u00c1gua e Alimentos da <em>The Nature Conservancy Brasil,<\/em> Samuel Barr\u00eato o n\u00famero pode ser ainda maior. Ele acredita que as a\u00e7\u00f5es individuais, por exemplo, s\u00e3o muito importantes e todas elas contam na hora de tentar diminuir o consumo exagerado.<\/p>\n<p>\u201cDois a tr\u00eas minutos no tempo do chuveiro, em cada banho, voc\u00ea economizaria pelo menos tr\u00eas a nove litros de \u00e1gua. Imagina isso colocado na escala de uma cidade. Ent\u00e3o faz diferen\u00e7a\u201d, destaca.<\/p>\n<p>O levantamento revela que 27% das pessoas que foram entrevistadas para a pesquisa acredita que o consumo excessivo ou desperd\u00edcio s\u00e3o vistos como os principais respons\u00e1veis por este problema. Em seguida foi levantada pela popula\u00e7\u00e3o as quest\u00f5es relacionadas \u00e0s mudan\u00e7as clim\u00e1ticas \u2014 21% dos que responderam \u00e0 pesquisa escolheram essa op\u00e7\u00e3o. <\/p>\n<p>Al\u00e9m dessas quest\u00f5es, o estudo revela que h\u00e1 tamb\u00e9m uma percep\u00e7\u00e3o crescente da falta de cuidado e alto uso, na medida em que o p\u00fablico \u00e9 mais velho ou de classes mais altas \u2014 ou ainda de maior escolariza\u00e7\u00e3o. Mas o estudo ressalta que as pessoas menos escolarizadas \u2014 com ensino fundamental completo ou incompleto \u2014 atribuem a falta de \u00e1gua \u00e0 escassez de chuvas, enquanto pessoas mais escolarizadas com ensino superior ou p\u00f3s-gradua\u00e7\u00e3o enfatizam problemas de gest\u00e3o. <\/p>\n<p>O gerente nacional de Sistemas de \u00c1gua e Alimentos da The Nature Conservancy Brasil, Samuel Barr\u00eato, v\u00ea com preocupa\u00e7\u00e3o a falta de gerenciamento e de investimento do poder p\u00fablico, al\u00e9m de campanhas de conscientiza\u00e7\u00e3o da popula\u00e7\u00e3o com uma quest\u00e3o que \u00e9 considerada essencial para todos.<\/p>\n<p>\u201cPara melhorar esse cen\u00e1rio do desperd\u00edcio, acho que a gente precisa passar da consci\u00eancia \u00e0 pr\u00e1tica, colocar isso em escala, que come\u00e7a desde a nossa casa. Mas \u00e9 preciso ter um olhar mais estruturante, principalmente nessas a\u00e7\u00f5es coletivas, cobrando tamb\u00e9m o poder p\u00fablico, a sociedade fazendo a sua parte, mas tamb\u00e9m cobrando o poder p\u00fablico, cobrando as empresas para uma a\u00e7\u00e3o respons\u00e1vel no cuidado com as bases hidrogr\u00e1ficas\u201d, observa.<\/p>\n<p>Os dados mostram ainda que, enquanto a maioria (75%) afirma que faz uso consciente da \u00e1gua, apenas 12% participam de a\u00e7\u00f5es coletivas locais com o mesmo objetivo. <\/p>\n<p> Fonte: Brasil61<\/p>\n<input type=\"hidden\" id=\"baseurl\" value=\"https:\/\/noticiasdestaque.com.br\"><input type=\"hidden\" id=\"audio_nonce\" value=\"6a24ca502e\">","protected":false},"excerpt":{"rendered":"<p>O consumo excessivo ou desperd\u00edcio s\u00e3o vistos como os principais respons\u00e1veis por este problema, aponta pesquisa TNC<\/p>\n","protected":false},"author":1,"featured_media":13325,"comment_status":"open","ping_status":"open","sticky":false,"template":"","format":"standard","meta":{"fifu_image_url":"","fifu_image_alt":"","footnotes":""},"categories":[1],"tags":[112],"class_list":["post-13323","post","type-post","status-publish","format-standard","has-post-thumbnail","hentry","category-uncategorized","tag-energreener"],"distributor_meta":false,"distributor_terms":false,"distributor_media":false,"distributor_original_site_name":"Noticias em Destaque","distributor_original_site_url":"https:\/\/noticiasdestaque.com.br","push-errors":false,"_links":{"self":[{"href":"https:\/\/noticiasdestaque.com.br\/index.php\/wp-json\/wp\/v2\/posts\/13323","targetHints":{"allow":["GET"]}}],"collection":[{"href":"https:\/\/noticiasdestaque.com.br\/index.php\/wp-json\/wp\/v2\/posts"}],"about":[{"href":"https:\/\/noticiasdestaque.com.br\/index.php\/wp-json\/wp\/v2\/types\/post"}],"author":[{"embeddable":true,"href":"https:\/\/noticiasdestaque.com.br\/index.php\/wp-json\/wp\/v2\/users\/1"}],"replies":[{"embeddable":true,"href":"https:\/\/noticiasdestaque.com.br\/index.php\/wp-json\/wp\/v2\/comments?post=13323"}],"version-history":[{"count":1,"href":"https:\/\/noticiasdestaque.com.br\/index.php\/wp-json\/wp\/v2\/posts\/13323\/revisions"}],"predecessor-version":[{"id":13324,"href":"https:\/\/noticiasdestaque.com.br\/index.php\/wp-json\/wp\/v2\/posts\/13323\/revisions\/13324"}],"wp:featuredmedia":[{"embeddable":true,"href":"https:\/\/noticiasdestaque.com.br\/index.php\/wp-json\/wp\/v2\/media\/13325"}],"wp:attachment":[{"href":"https:\/\/noticiasdestaque.com.br\/index.php\/wp-json\/wp\/v2\/media?parent=13323"}],"wp:term":[{"taxonomy":"category","embeddable":true,"href":"https:\/\/noticiasdestaque.com.br\/index.php\/wp-json\/wp\/v2\/categories?post=13323"},{"taxonomy":"post_tag","embeddable":true,"href":"https:\/\/noticiasdestaque.com.br\/index.php\/wp-json\/wp\/v2\/tags?post=13323"}],"curies":[{"name":"wp","href":"https:\/\/api.w.org\/{rel}","templated":true}]}}