{"id":13286,"date":"2024-03-26T22:52:00","date_gmt":"2024-03-26T22:52:00","guid":{"rendered":"https:\/\/noticiasdestaque.com.br\/index.php\/2024\/03\/26\/previsao-do-tempo-quarta-feira-com-possibilidade-de-chuva-na-paraiba\/"},"modified":"2024-03-26T22:52:00","modified_gmt":"2024-03-26T22:52:00","slug":"previsao-do-tempo-quarta-feira-com-possibilidade-de-chuva-na-paraiba","status":"publish","type":"post","link":"https:\/\/noticiasdestaque.com.br\/index.php\/2024\/03\/26\/previsao-do-tempo-quarta-feira-com-possibilidade-de-chuva-na-paraiba\/","title":{"rendered":"PREVIS\u00c3O DO TEMPO: quarta-feira (27) com possibilidade de chuva na Para\u00edba"},"content":{"rendered":"<p>Nesta quarta-feira (27), o dia come\u00e7a com muitas nuvens cobrindo o territ\u00f3rio da Para\u00edba. H\u00e1 possibilidade de chuva no estado durante a manh\u00e3, exceto em Borborema.<\/p>\n<p>Durante a tarde e a noite, o c\u00e9u fica encoberto por nuvens em todo o estado paraibano. A previs\u00e3o do tempo indica pancadas de chuva, raios e trovoadas isoladas em toda a Para\u00edba.<\/p>\n<p>Entre os munic\u00edpios que devem ser atingidos pelas chuvas est\u00e3o: Mamanguape, Monteiro, Patos, Pedras de Fogo e Pianc\u00f3.<\/p>\n<p>O Instituto Nacional de Meteorologia, o Inmet, emitiu um alerta importante. H\u00e1 risco de chuvas intensas, com acumulado de at\u00e9 50 mil\u00edmetros por dia, acompanhadas de ventos fortes.<\/p>\n<p>H\u00e1 baixo risco de corte de energia el\u00e9trica, queda de galhos de \u00e1rvores, alagamentos e de descargas el\u00e9tricas.<\/p>\n<p>Entre os cuidados recomendados est\u00e3o: <\/p>\n<ul>\n<li>N\u00e3o se abrigue debaixo de \u00e1rvores, pois h\u00e1 risco de queda e descargas el\u00e9tricas;<\/li>\n<li>N\u00e3o estacione ve\u00edculos pr\u00f3ximos a torres de transmiss\u00e3o e placas de propaganda;<\/li>\n<li>Se poss\u00edvel, desligue aparelhos el\u00e9tricos e quadro geral de energia.<\/li>\n<\/ul>\n<p>A temperatura m\u00ednima fica em torno de 21\u00b0C, em Pocinhos, e a m\u00e1xima prevista \u00e9 de 39\u00baC, em Pombal. A umidade relativa do ar varia entre 60% e 90%.<\/p>\n<p>As informa\u00e7\u00f5es s\u00e3o do Instituto Nacional de Meteorologia.<\/p>\n<p> Fonte: Brasil61<\/p>\n<input type=\"hidden\" id=\"baseurl\" value=\"https:\/\/noticiasdestaque.com.br\"><input type=\"hidden\" id=\"audio_nonce\" value=\"6f73a554f1\">","protected":false},"excerpt":{"rendered":"<p>A temperatura pode variar entre 21\u00baC e 39\u00baC<\/p>\n","protected":false},"author":1,"featured_media":13288,"comment_status":"open","ping_status":"open","sticky":false,"template":"","format":"standard","meta":{"fifu_image_url":"","fifu_image_alt":"","footnotes":""},"categories":[1],"tags":[],"class_list":["post-13286","post","type-post","status-publish","format-standard","has-post-thumbnail","hentry","category-uncategorized"],"distributor_meta":false,"distributor_terms":false,"distributor_media":false,"distributor_original_site_name":"Noticias em Destaque","distributor_original_site_url":"https:\/\/noticiasdestaque.com.br","push-errors":false,"_links":{"self":[{"href":"https:\/\/noticiasdestaque.com.br\/index.php\/wp-json\/wp\/v2\/posts\/13286","targetHints":{"allow":["GET"]}}],"collection":[{"href":"https:\/\/noticiasdestaque.com.br\/index.php\/wp-json\/wp\/v2\/posts"}],"about":[{"href":"https:\/\/noticiasdestaque.com.br\/index.php\/wp-json\/wp\/v2\/types\/post"}],"author":[{"embeddable":true,"href":"https:\/\/noticiasdestaque.com.br\/index.php\/wp-json\/wp\/v2\/users\/1"}],"replies":[{"embeddable":true,"href":"https:\/\/noticiasdestaque.com.br\/index.php\/wp-json\/wp\/v2\/comments?post=13286"}],"version-history":[{"count":1,"href":"https:\/\/noticiasdestaque.com.br\/index.php\/wp-json\/wp\/v2\/posts\/13286\/revisions"}],"predecessor-version":[{"id":13287,"href":"https:\/\/noticiasdestaque.com.br\/index.php\/wp-json\/wp\/v2\/posts\/13286\/revisions\/13287"}],"wp:featuredmedia":[{"embeddable":true,"href":"https:\/\/noticiasdestaque.com.br\/index.php\/wp-json\/wp\/v2\/media\/13288"}],"wp:attachment":[{"href":"https:\/\/noticiasdestaque.com.br\/index.php\/wp-json\/wp\/v2\/media?parent=13286"}],"wp:term":[{"taxonomy":"category","embeddable":true,"href":"https:\/\/noticiasdestaque.com.br\/index.php\/wp-json\/wp\/v2\/categories?post=13286"},{"taxonomy":"post_tag","embeddable":true,"href":"https:\/\/noticiasdestaque.com.br\/index.php\/wp-json\/wp\/v2\/tags?post=13286"}],"curies":[{"name":"wp","href":"https:\/\/api.w.org\/{rel}","templated":true}]}}