{"id":13214,"date":"2024-03-26T04:21:00","date_gmt":"2024-03-26T04:21:00","guid":{"rendered":"https:\/\/noticiasdestaque.com.br\/index.php\/2024\/03\/26\/fies-termina-nesta-terca-feira-prazo-para-complementacao-da-inscricao\/"},"modified":"2024-03-26T04:21:00","modified_gmt":"2024-03-26T04:21:00","slug":"fies-termina-nesta-terca-feira-prazo-para-complementacao-da-inscricao","status":"publish","type":"post","link":"https:\/\/noticiasdestaque.com.br\/index.php\/2024\/03\/26\/fies-termina-nesta-terca-feira-prazo-para-complementacao-da-inscricao\/","title":{"rendered":"FIES: termina nesta ter\u00e7a-feira (26) prazo para complementa\u00e7\u00e3o da inscri\u00e7\u00e3o"},"content":{"rendered":"<p>O prazo para complementa\u00e7\u00e3o da inscri\u00e7\u00e3o dos estudantes \u202fpr\u00e9-selecionados no\u202f\u202fprocesso seletivo\u202fdo\u202fFundo\u202fde Financiamento Estudantil (Fies), referente ao primeiro\u202fsemestre de 2024, termina nesta ter\u00e7a-feira (26). Basta acessar o\u202f<a href=\"https:\/\/acessounico.mec.gov.br\/\">Portal \u00danico de Acesso ao Ensino Superior<\/a> para preencher todos os dados necess\u00e1rios. Ap\u00f3s a complementa\u00e7\u00e3o, o candidato tamb\u00e9m precisa validar as\u202finforma\u00e7\u00f5es declaradas no ato da inscri\u00e7\u00e3o. Nessa edi\u00e7\u00e3o do programa, mais de 67 mil vagas foram destinadas a 1.260 institui\u00e7\u00f5es privadas de educa\u00e7\u00e3o\u202fsuperior.\u202f <\/p>\n<p>Para o educador financeiro Francisco Rodrigues, o Fies \u00e9 uma oportunidade para muitos alunos que n\u00e3o t\u00eam condi\u00e7\u00f5es de cursar um ensino superior. Ele lembra que o financiamento ser\u00e1 feito a juros baixos e ainda ter\u00e1 taxas administrativas por ano ou por trimestre.<\/p>\n<p>\u201cA pessoa que estar\u00e1 fazendo esse financiamento, ou a fam\u00edlia, vai poder pagar ao final do curso essa oportunidade de participar do programa. Ou seja, poder\u00e1 parcelar, poder\u00e1 ajustar com a institui\u00e7\u00e3o financiadora, poder\u00e1 renegociar  \u2014 e poder\u00e1 pagar de 50% a 100% em diversos anos, ou seja, mais de 5 ou 10 anos.\u201d <\/p>\n<p>Quem se inscreveu no programa para ter a chance de uma vaga comemora. Esse \u00e9 o caso da Andressa Caitano Ribeiro (32). Ela conta que, hoje, trabalha como m\u00e9dica da fam\u00edlia em \u00c1guas Lindas, Goi\u00e1s, pelo Mais M\u00e9dicos. Ela revela que s\u00f3 foi poss\u00edvel fazer a faculdade atrav\u00e9s do Fies.<\/p>\n<p>\u201cCom toda certeza se n\u00e3o fosse o Fies o meu pai n\u00e3o conseguiria pagar 6 mil reais todo m\u00eas de faculdade, mais 2 mil reais para me custear. Ent\u00e3o gra\u00e7as ao Fies eu sou m\u00e9dica hoje, eu consegui me formar. Estou atuando na medicina e como eu estou atuando no SUS eu ainda tenho a possibilidade de diminuir bastante a minha d\u00edvida no Fies, porque eu trabalho pelo Mais M\u00e9dico e cada m\u00eas que eu trabalho eu consigo um desconto dos juros do Fies. Ent\u00e3o vai ser bem tranquilo de pagar&#8221;, revela. <\/p>\n<p>A economista Catharina Sacerdote explica que o Fies \u00e9 um programa do Minist\u00e9rio da Educa\u00e7\u00e3o (MEC) que oferece financiamentos em universidades privadas de todo o Brasil. \u201cO Fies \u00e9 um cr\u00e9dito de financiamento estudantil onde o candidato que participou do Enem, atrav\u00e9s do Sisu, consegue fazer um financiamento de no m\u00ednimo 50% e no m\u00e1ximo 100% dos valores da universidade ou institui\u00e7\u00e3o de ensino escolhida\u201d, destaca.  <\/p>\n<p>Segundo o Minist\u00e9rio da Educa\u00e7\u00e3o, a nova vers\u00e3o oferece reserva de 50% das vagas, em cada edi\u00e7\u00e3o dos processos seletivos do programa e a concess\u00e3o de at\u00e9 100% de financiamento dos encargos educacionais para os estudantes inscritos no Cadastro \u00danico para Programas Sociais do Governo Federal (Cad\u00danico), que possuam renda familiar<em> per capita <\/em>de at\u00e9 meio sal\u00e1rio-m\u00ednimo<\/p>\n<p> Fonte: Brasil61<\/p>\n<input type=\"hidden\" id=\"baseurl\" value=\"https:\/\/noticiasdestaque.com.br\"><input type=\"hidden\" id=\"audio_nonce\" value=\"5128c810d9\">","protected":false},"excerpt":{"rendered":"<p>Para fazer a incri\u00e7\u00e3o, basta acessar o site do \u202fPortal \u00danico de Acesso ao Ensino Superior<\/p>\n","protected":false},"author":1,"featured_media":13216,"comment_status":"open","ping_status":"open","sticky":false,"template":"","format":"standard","meta":{"fifu_image_url":"","fifu_image_alt":"","footnotes":""},"categories":[1],"tags":[174],"class_list":["post-13214","post","type-post","status-publish","format-standard","has-post-thumbnail","hentry","category-uncategorized","tag-internacao-para-alcoolatras"],"distributor_meta":false,"distributor_terms":false,"distributor_media":false,"distributor_original_site_name":"Noticias em Destaque","distributor_original_site_url":"https:\/\/noticiasdestaque.com.br","push-errors":false,"_links":{"self":[{"href":"https:\/\/noticiasdestaque.com.br\/index.php\/wp-json\/wp\/v2\/posts\/13214","targetHints":{"allow":["GET"]}}],"collection":[{"href":"https:\/\/noticiasdestaque.com.br\/index.php\/wp-json\/wp\/v2\/posts"}],"about":[{"href":"https:\/\/noticiasdestaque.com.br\/index.php\/wp-json\/wp\/v2\/types\/post"}],"author":[{"embeddable":true,"href":"https:\/\/noticiasdestaque.com.br\/index.php\/wp-json\/wp\/v2\/users\/1"}],"replies":[{"embeddable":true,"href":"https:\/\/noticiasdestaque.com.br\/index.php\/wp-json\/wp\/v2\/comments?post=13214"}],"version-history":[{"count":1,"href":"https:\/\/noticiasdestaque.com.br\/index.php\/wp-json\/wp\/v2\/posts\/13214\/revisions"}],"predecessor-version":[{"id":13215,"href":"https:\/\/noticiasdestaque.com.br\/index.php\/wp-json\/wp\/v2\/posts\/13214\/revisions\/13215"}],"wp:featuredmedia":[{"embeddable":true,"href":"https:\/\/noticiasdestaque.com.br\/index.php\/wp-json\/wp\/v2\/media\/13216"}],"wp:attachment":[{"href":"https:\/\/noticiasdestaque.com.br\/index.php\/wp-json\/wp\/v2\/media?parent=13214"}],"wp:term":[{"taxonomy":"category","embeddable":true,"href":"https:\/\/noticiasdestaque.com.br\/index.php\/wp-json\/wp\/v2\/categories?post=13214"},{"taxonomy":"post_tag","embeddable":true,"href":"https:\/\/noticiasdestaque.com.br\/index.php\/wp-json\/wp\/v2\/tags?post=13214"}],"curies":[{"name":"wp","href":"https:\/\/api.w.org\/{rel}","templated":true}]}}