{"id":13211,"date":"2024-03-26T03:21:00","date_gmt":"2024-03-26T03:21:00","guid":{"rendered":"https:\/\/noticiasdestaque.com.br\/index.php\/2024\/03\/26\/piso-da-enfermagem-para-cobrar-o-repasse-profissionais-do-para-fazem-paralisacao-nesta-terca-feira\/"},"modified":"2024-03-26T03:21:00","modified_gmt":"2024-03-26T03:21:00","slug":"piso-da-enfermagem-para-cobrar-o-repasse-profissionais-do-para-fazem-paralisacao-nesta-terca-feira","status":"publish","type":"post","link":"https:\/\/noticiasdestaque.com.br\/index.php\/2024\/03\/26\/piso-da-enfermagem-para-cobrar-o-repasse-profissionais-do-para-fazem-paralisacao-nesta-terca-feira\/","title":{"rendered":"PISO DA ENFERMAGEM: para cobrar o repasse, profissionais do Par\u00e1 fazem paralisa\u00e7\u00e3o, nesta ter\u00e7a-feira"},"content":{"rendered":"<p>\u201cAqui, em Bel\u00e9m do Par\u00e1, todos os servidores do munic\u00edpio est\u00e3o em greve geral\u201d. A declara\u00e7\u00e3o \u00e9 da presidente do Sindicato dos Auxiliares e T\u00e9cnicos de Enfermagem do Par\u00e1 (Sate), Marli Groeff. Ela diz que os trabalhadores querem uma resposta com rela\u00e7\u00e3o ao n\u00e3o-pagamento dos sal\u00e1rios dos enfermeiros, t\u00e9cnicos em enfermagem e auxiliares. <\/p>\n<p>\u201cTanto o prefeito quanto o governador n\u00e3o t\u00eam implementado o piso da categoria de enfermagem e n\u00e3o v\u00eam pagando tamb\u00e9m. Inclusive, os repasses feitos pelo Minist\u00e9rio da Sa\u00fade que est\u00e3o dispon\u00edveis no fundo do estado, no fundo do munic\u00edpio, est\u00e3o com dois meses de atraso e eles n\u00e3o t\u00eam pago\u201d, relata.<\/p>\n<p>De acordo com a presidente do Sindicato dos Auxiliares e T\u00e9cnicos de Enfermagem do Par\u00e1 (Sate), a greve pode seguir por tempo indeterminado at\u00e9 que contemple uma negocia\u00e7\u00e3o favor\u00e1vel ao trabalhador. <\/p>\n<p>\u201cPrecisamos de for\u00e7a, precisamos valorizar os nossos servidores que n\u00e3o t\u00eam mais dignidade e condi\u00e7\u00e3o de sobreviv\u00eancia e de alimentar suas fam\u00edlias\u201d, reclama Maria Groeff.<\/p>\n<p>Mas a insatisfa\u00e7\u00e3o vai al\u00e9m. Em Pernambuco, o presidente do Sindicato Profissional de Auxiliares e T\u00e9cnicos de Enfermagem de Pernambuco (Satempe), Francis Herbert, reclama da falta de aten\u00e7\u00e3o e comprometimento dos \u00f3rg\u00e3os que fazem o repasse dos sal\u00e1rios.<\/p>\n<p>\u201cAqui em Pernambuco n\u00f3s temos pontos que prejudicam muito o recebimento por parte dos nossos servidores p\u00fablicos e trabalhadores da iniciativa privada n\u00e3o-lucrativa. Isso porque temos a governadora do estado, junto com a Secretaria de Sa\u00fade, n\u00e3o cumprindo os 30 dias que a portaria 11 de 35 de 2023, que determina que o ente federativo tem at\u00e9 30 dias para repassar esses valores para que os servidores e trabalhadores recebam\u201d, tamb\u00e9m critica.<\/p>\n<h2>Decis\u00e3o do STF<\/h2>\n<p>O plen\u00e1rio do Supremo Tribunal Federal (STF) concluiu, em sess\u00e3o virtual, que a implementa\u00e7\u00e3o do piso, em rela\u00e7\u00e3o aos profissionais celetistas em geral, deve ocorrer de forma regionalizada, por meio de negocia\u00e7\u00e3o coletiva nas diferentes bases territoriais e nas respectivas datas-bases. Mas a decis\u00e3o n\u00e3o tem sido respeitada em todos os estados.<\/p>\n<p>Conforme delibera\u00e7\u00e3o da Corte, o entendimento foi que deve prevalecer o negociado sobre o legislado, tendo em vista a preocupa\u00e7\u00e3o com eventuais demiss\u00f5es e o car\u00e1ter essencial do servi\u00e7o de sa\u00fade. <\/p>\n<p>De acordo com a legisla\u00e7\u00e3o e nos termos da decis\u00e3o do STF, o piso \u00e9 de R$ 4.750 para enfermeiras e enfermeiros, R$ 3.325 para t\u00e9cnicas e t\u00e9cnicos e R$ 2.375, para auxiliares e parteiras.  <\/p>\n<p> Fonte: Brasil61<\/p>\n<input type=\"hidden\" id=\"baseurl\" value=\"https:\/\/noticiasdestaque.com.br\"><input type=\"hidden\" id=\"audio_nonce\" value=\"6f73a554f1\">","protected":false},"excerpt":{"rendered":"<p>A greve pode seguir por tempo indeterminado, at\u00e9 que as categorias encontrem uma solu\u00e7\u00e3o favor\u00e1vel \u2014 segundo sindicato da categoria<\/p>\n","protected":false},"author":1,"featured_media":13213,"comment_status":"open","ping_status":"open","sticky":false,"template":"","format":"standard","meta":{"fifu_image_url":"","fifu_image_alt":"","footnotes":""},"categories":[1],"tags":[112],"class_list":["post-13211","post","type-post","status-publish","format-standard","has-post-thumbnail","hentry","category-uncategorized","tag-energreener"],"distributor_meta":false,"distributor_terms":false,"distributor_media":false,"distributor_original_site_name":"Noticias em Destaque","distributor_original_site_url":"https:\/\/noticiasdestaque.com.br","push-errors":false,"_links":{"self":[{"href":"https:\/\/noticiasdestaque.com.br\/index.php\/wp-json\/wp\/v2\/posts\/13211","targetHints":{"allow":["GET"]}}],"collection":[{"href":"https:\/\/noticiasdestaque.com.br\/index.php\/wp-json\/wp\/v2\/posts"}],"about":[{"href":"https:\/\/noticiasdestaque.com.br\/index.php\/wp-json\/wp\/v2\/types\/post"}],"author":[{"embeddable":true,"href":"https:\/\/noticiasdestaque.com.br\/index.php\/wp-json\/wp\/v2\/users\/1"}],"replies":[{"embeddable":true,"href":"https:\/\/noticiasdestaque.com.br\/index.php\/wp-json\/wp\/v2\/comments?post=13211"}],"version-history":[{"count":1,"href":"https:\/\/noticiasdestaque.com.br\/index.php\/wp-json\/wp\/v2\/posts\/13211\/revisions"}],"predecessor-version":[{"id":13212,"href":"https:\/\/noticiasdestaque.com.br\/index.php\/wp-json\/wp\/v2\/posts\/13211\/revisions\/13212"}],"wp:featuredmedia":[{"embeddable":true,"href":"https:\/\/noticiasdestaque.com.br\/index.php\/wp-json\/wp\/v2\/media\/13213"}],"wp:attachment":[{"href":"https:\/\/noticiasdestaque.com.br\/index.php\/wp-json\/wp\/v2\/media?parent=13211"}],"wp:term":[{"taxonomy":"category","embeddable":true,"href":"https:\/\/noticiasdestaque.com.br\/index.php\/wp-json\/wp\/v2\/categories?post=13211"},{"taxonomy":"post_tag","embeddable":true,"href":"https:\/\/noticiasdestaque.com.br\/index.php\/wp-json\/wp\/v2\/tags?post=13211"}],"curies":[{"name":"wp","href":"https:\/\/api.w.org\/{rel}","templated":true}]}}