{"id":13206,"date":"2024-03-25T15:06:56","date_gmt":"2024-03-25T18:06:56","guid":{"rendered":"https:\/\/noticiasdestaque.com.br\/?p=13206"},"modified":"2024-03-25T15:06:57","modified_gmt":"2024-03-25T18:06:57","slug":"o-lugar-do-povo-e-no-centro-do-orcamento-de-um-governo-por-vitoriano-bill","status":"publish","type":"post","link":"https:\/\/noticiasdestaque.com.br\/index.php\/2024\/03\/25\/o-lugar-do-povo-e-no-centro-do-orcamento-de-um-governo-por-vitoriano-bill\/","title":{"rendered":"O lugar do povo \u00e9 no centro do or\u00e7amento de um governo, por Vitoriano Bill"},"content":{"rendered":"\n<p>Em um momento de crescente conscientiza\u00e7\u00e3o sobre a import\u00e2ncia da gest\u00e3o respons\u00e1vel e eficiente dos recursos p\u00fablicos, o governo Claudomiro, que governa uma cidade marcada por dificuldades estruturais cr\u00f4nicas, encontra-se no centro de um debate acalorado. A decis\u00e3o de destinar R$ 37.132.239,00 para a contrata\u00e7\u00e3o de servi\u00e7os de infraestrutura para eventos &#8211; incluindo aluguel de palco, som, ilumina\u00e7\u00e3o, arquibancadas, painel de LED, estruturas met\u00e1licas, camarotes, camarins, tendas, grupo gerador, banheiros qu\u00edmicos, shows pirot\u00e9cnicos e servi\u00e7os de alimenta\u00e7\u00e3o &#8211; acendeu o estopim de uma discuss\u00e3o sobre as prioridades de um governo em sintonia com as necessidades reais de sua popula\u00e7\u00e3o.<\/p>\n\n\n\n<p>Em um cen\u00e1rio onde a falta de infraestrutura b\u00e1sica e a car\u00eancia de servi\u00e7os essenciais s\u00e3o uma realidade di\u00e1ria para os moradores de Altamira, a aloca\u00e7\u00e3o de um montante milion\u00e1rio para eventos parece n\u00e3o apenas desproporcional, mas profundamente desconectada das urg\u00eancias vividas pelo povo. A cidade, atormentada por problemas de abastecimento de \u00e1gua e defici\u00eancias em transporte, educa\u00e7\u00e3o e sa\u00fade por exemplo, v\u00ea-se agora diante de um paradoxo: a celebra\u00e7\u00e3o atrav\u00e9s de grandes eventos em um contexto de necessidades b\u00e1sicas n\u00e3o atendidas.<\/p>\n\n\n\n<figure class=\"wp-block-image size-large\"><img loading=\"lazy\" decoding=\"async\" width=\"1024\" height=\"768\" src=\"https:\/\/noticiasdestaque.com.br\/wp-content\/uploads\/2024\/03\/img-20240325-wa00068933799563887670745-1024x768.jpg\" alt=\"\" class=\"wp-image-13209\" srcset=\"https:\/\/noticiasdestaque.com.br\/wp-content\/uploads\/2024\/03\/img-20240325-wa00068933799563887670745-1024x768.jpg 1024w, https:\/\/noticiasdestaque.com.br\/wp-content\/uploads\/2024\/03\/img-20240325-wa00068933799563887670745-300x225.jpg 300w, https:\/\/noticiasdestaque.com.br\/wp-content\/uploads\/2024\/03\/img-20240325-wa00068933799563887670745-768x576.jpg 768w, https:\/\/noticiasdestaque.com.br\/wp-content\/uploads\/2024\/03\/img-20240325-wa00068933799563887670745-1536x1152.jpg 1536w, https:\/\/noticiasdestaque.com.br\/wp-content\/uploads\/2024\/03\/img-20240325-wa00068933799563887670745-750x563.jpg 750w, https:\/\/noticiasdestaque.com.br\/wp-content\/uploads\/2024\/03\/img-20240325-wa00068933799563887670745-1140x855.jpg 1140w, https:\/\/noticiasdestaque.com.br\/wp-content\/uploads\/2024\/03\/img-20240325-wa00068933799563887670745.jpg 1600w\" sizes=\"auto, (max-width: 1024px) 100vw, 1024px\" \/><\/figure>\n\n\n\n<p>Com R$ 37 milh\u00f5es, as possibilidades de avan\u00e7o social e infraestrutural em Altamira s\u00e3o vastas. Poderia-se, por exemplo, assegurar um vale alimenta\u00e7\u00e3o de R$ 200 para todos os servidores p\u00fablicos municipais por mais de dois anos, uma medida que beneficiaria diretamente a economia local e o bem-estar dos trabalhadores que sustentam o funcionamento da cidade. Da mesma forma, a aquisi\u00e7\u00e3o de 46 \u00f4nibus modernos para o transporte coletivo urbano n\u00e3o apenas melhoraria significativamente a mobilidade urbana, mas tamb\u00e9m contribuiria para uma qualidade de vida mais digna para todos os cidad\u00e3os.<\/p>\n\n\n\n<p>A educa\u00e7\u00e3o, pilar de suma import\u00e2ncia para o desenvolvimento de qualquer sociedade, tamb\u00e9m seria grandemente beneficiada com a constru\u00e7\u00e3o de pelo menos quatro novas escolas em tempo integral, garantindo que as crian\u00e7as de Altamira tenham a oportunidade de uma educa\u00e7\u00e3o de qualidade, seguran\u00e7a e um futuro mais promissor. Na sa\u00fade, esse valor possibilitaria quadruplicar o atendimento m\u00e9dico na rede municipal, o que significaria a diferen\u00e7a entre a vida e a morte, com um aumento substancial no n\u00famero de consultas e especialidades dispon\u00edveis para a popula\u00e7\u00e3o.<\/p>\n\n\n\n<p>A necessidade de um governo sens\u00edvel \u00e0s reais demandas de sua popula\u00e7\u00e3o nunca foi t\u00e3o evidente. A decis\u00e3o de investir uma quantia t\u00e3o significativa em eventos, enquanto as vozes da popula\u00e7\u00e3o em situa\u00e7\u00e3o vulner\u00e1vel clama por aten\u00e7\u00e3o b\u00e1sica, reflete uma tr\u00e1gica desconex\u00e3o com a realidade vivida pela maioria dos habitantes de Altamira. A periferia, tanto geogr\u00e1fica quanto or\u00e7ament\u00e1ria, parece ser o lugar relegado ao povo nesse cen\u00e1rio de gest\u00e3o.<\/p>\n\n\n\n<p>Investir em cultura e em eventos \u00e9, sem d\u00favida, necess\u00e1rio e de suma import\u00e2ncia para o enriquecimento social e cultural de qualquer cidade. No entanto, \u00e9 crucial que tais investimentos n\u00e3o sejam feitos \u00e0s custas das necessidades b\u00e1sicas da popula\u00e7\u00e3o. A cria\u00e7\u00e3o de editais de cultura que permitam aos artistas locais e fazedores de cultural acessar fundos para projetos poderia ser uma alternativa mais equitativa e eficaz de promover a cultura local, ao mesmo tempo em que atende \u00e0s demandas mais urgentes da popula\u00e7\u00e3o.<\/p>\n\n\n\n<p>Altamira, com seu or\u00e7amento volumoso, enfrenta o desafio de equilibrar as celebra\u00e7\u00f5es culturais com a responsabilidade social de melhorar a vida de seus cidad\u00e3os. Afinal, se a economia e o or\u00e7amento p\u00fablico n\u00e3o estiverem a servi\u00e7o das pessoas, nenhum plano ou projeto ser\u00e1 capaz de aumentar verdadeiramente a qualidade de vida na cidade. O lugar do povo \u00e9, e sempre deveria ser, no centro do or\u00e7amento de um governo respons\u00e1vel e comprometido com o bem-estar de todos.<\/p>\n<input type=\"hidden\" id=\"baseurl\" value=\"https:\/\/noticiasdestaque.com.br\"><input type=\"hidden\" id=\"audio_nonce\" value=\"6a24ca502e\">","protected":false},"excerpt":{"rendered":"<p>Em um momento de crescente conscientiza\u00e7\u00e3o sobre a import\u00e2ncia da gest\u00e3o respons\u00e1vel e eficiente dos recursos p\u00fablicos, o governo Claudomiro, que governa uma cidade marcada por dificuldades estruturais cr\u00f4nicas, encontra-se no centro de um debate acalorado. A decis\u00e3o de destinar R$ 37.132.239,00 para a contrata\u00e7\u00e3o de servi\u00e7os de infraestrutura para eventos &#8211; incluindo aluguel de [&hellip;]<\/p>\n","protected":false},"author":1,"featured_media":13208,"comment_status":"open","ping_status":"open","sticky":false,"template":"","format":"standard","meta":{"fifu_image_url":"","fifu_image_alt":"","footnotes":""},"categories":[59],"tags":[135],"class_list":["post-13206","post","type-post","status-publish","format-standard","has-post-thumbnail","hentry","category-economia","tag-vitoriano-bill"],"distributor_meta":false,"distributor_terms":false,"distributor_media":false,"distributor_original_site_name":"Noticias em Destaque","distributor_original_site_url":"https:\/\/noticiasdestaque.com.br","push-errors":false,"_links":{"self":[{"href":"https:\/\/noticiasdestaque.com.br\/index.php\/wp-json\/wp\/v2\/posts\/13206","targetHints":{"allow":["GET"]}}],"collection":[{"href":"https:\/\/noticiasdestaque.com.br\/index.php\/wp-json\/wp\/v2\/posts"}],"about":[{"href":"https:\/\/noticiasdestaque.com.br\/index.php\/wp-json\/wp\/v2\/types\/post"}],"author":[{"embeddable":true,"href":"https:\/\/noticiasdestaque.com.br\/index.php\/wp-json\/wp\/v2\/users\/1"}],"replies":[{"embeddable":true,"href":"https:\/\/noticiasdestaque.com.br\/index.php\/wp-json\/wp\/v2\/comments?post=13206"}],"version-history":[{"count":2,"href":"https:\/\/noticiasdestaque.com.br\/index.php\/wp-json\/wp\/v2\/posts\/13206\/revisions"}],"predecessor-version":[{"id":13210,"href":"https:\/\/noticiasdestaque.com.br\/index.php\/wp-json\/wp\/v2\/posts\/13206\/revisions\/13210"}],"wp:featuredmedia":[{"embeddable":true,"href":"https:\/\/noticiasdestaque.com.br\/index.php\/wp-json\/wp\/v2\/media\/13208"}],"wp:attachment":[{"href":"https:\/\/noticiasdestaque.com.br\/index.php\/wp-json\/wp\/v2\/media?parent=13206"}],"wp:term":[{"taxonomy":"category","embeddable":true,"href":"https:\/\/noticiasdestaque.com.br\/index.php\/wp-json\/wp\/v2\/categories?post=13206"},{"taxonomy":"post_tag","embeddable":true,"href":"https:\/\/noticiasdestaque.com.br\/index.php\/wp-json\/wp\/v2\/tags?post=13206"}],"curies":[{"name":"wp","href":"https:\/\/api.w.org\/{rel}","templated":true}]}}