{"id":13197,"date":"2024-03-24T03:49:00","date_gmt":"2024-03-24T03:49:00","guid":{"rendered":"https:\/\/noticiasdestaque.com.br\/index.php\/2024\/03\/24\/previsao-do-tempo-sabado-com-alerta-para-chuvas-intensas-no-rio-de-janeiro\/"},"modified":"2024-03-24T03:49:00","modified_gmt":"2024-03-24T03:49:00","slug":"previsao-do-tempo-sabado-com-alerta-para-chuvas-intensas-no-rio-de-janeiro","status":"publish","type":"post","link":"https:\/\/noticiasdestaque.com.br\/index.php\/2024\/03\/24\/previsao-do-tempo-sabado-com-alerta-para-chuvas-intensas-no-rio-de-janeiro\/","title":{"rendered":"PREVIS\u00c3O DO TEMPO: s\u00e1bado (23) com alerta para chuvas intensas no Rio de Janeiro"},"content":{"rendered":"<p>Neste s\u00e1bado (23), o dia come\u00e7a com muitas nuvens cobrindo a regi\u00e3o Sudeste. S\u00e3o previstas pancadas de chuva em todos os estados, incluindo munic\u00edpios como S\u00e3o Jos\u00e9 dos Campos, Petr\u00f3polis, Cruz\u00edlia e Colatina.<\/p>\n<p>\u00c0 tarde, as chuvas continuam em todo o Sudeste, exceto nas \u00e1reas paulistas Ara\u00e7atuba, Bauru, Presidente Prudente, Mar\u00edlia e Assis.<\/p>\n<p>Durante a noite, a previs\u00e3o indica muitas nuvens com chuva isolada em toda a regi\u00e3o.<\/p>\n<p>O Instituto Nacional de Meteorologia (Inmet) emitiu um alerta para de chuvas intensas, com acumulado maior que 100 mil\u00edmetros por dia, acompanhadas de ventos superiores a 100 quil\u00f4metros por hora. <\/p>\n<p>H\u00e1 grande risco de danos em edifica\u00e7\u00f5es, corte de energia el\u00e9trica, de queda de \u00e1rvores, descargas el\u00e9tricas, alagamentos, enxurradas; al\u00e9m de grandes transtornos no transporte rodovi\u00e1rio.<\/p>\n<p>O alerta \u00e9 v\u00e1lido para: <\/p>\n<ul>\n<li>Estado do Rio de Janeiro;<\/li>\n<li>Esp\u00edrito Santo;<\/li>\n<li>Metropolitana de S\u00e3o Paulo, Vale do Para\u00edba e macro metropolitana paulista;<\/li>\n<li>Zona da Mata, Vale do Rio Doce, oeste, sul e sudoeste de Minas.<\/li>\n<\/ul>\n<p>A temperatura m\u00ednima fica em torno de 13\u00b0C, no munic\u00edpio paulista Ribeir\u00e3o Branco, e a m\u00e1xima prevista \u00e9 de 35\u00baC, em Jequitinhonha, em Minas Gerais. A umidade relativa do ar varia entre 65% e 100%.<\/p>\n<p>As informa\u00e7\u00f5es s\u00e3o do Instituto Nacional de Meteorologia.<\/p>\n<p> Fonte: Brasil61<\/p>\n<input type=\"hidden\" id=\"baseurl\" value=\"https:\/\/noticiasdestaque.com.br\"><input type=\"hidden\" id=\"audio_nonce\" value=\"6a24ca502e\">","protected":false},"excerpt":{"rendered":"<p>A temperatura pode variar entre 13\u00baC e 35\u00baC<\/p>\n","protected":false},"author":1,"featured_media":13199,"comment_status":"open","ping_status":"open","sticky":false,"template":"","format":"standard","meta":{"fifu_image_url":"","fifu_image_alt":"","footnotes":""},"categories":[1],"tags":[],"class_list":["post-13197","post","type-post","status-publish","format-standard","has-post-thumbnail","hentry","category-uncategorized"],"distributor_meta":false,"distributor_terms":false,"distributor_media":false,"distributor_original_site_name":"Noticias em Destaque","distributor_original_site_url":"https:\/\/noticiasdestaque.com.br","push-errors":false,"_links":{"self":[{"href":"https:\/\/noticiasdestaque.com.br\/index.php\/wp-json\/wp\/v2\/posts\/13197","targetHints":{"allow":["GET"]}}],"collection":[{"href":"https:\/\/noticiasdestaque.com.br\/index.php\/wp-json\/wp\/v2\/posts"}],"about":[{"href":"https:\/\/noticiasdestaque.com.br\/index.php\/wp-json\/wp\/v2\/types\/post"}],"author":[{"embeddable":true,"href":"https:\/\/noticiasdestaque.com.br\/index.php\/wp-json\/wp\/v2\/users\/1"}],"replies":[{"embeddable":true,"href":"https:\/\/noticiasdestaque.com.br\/index.php\/wp-json\/wp\/v2\/comments?post=13197"}],"version-history":[{"count":1,"href":"https:\/\/noticiasdestaque.com.br\/index.php\/wp-json\/wp\/v2\/posts\/13197\/revisions"}],"predecessor-version":[{"id":13198,"href":"https:\/\/noticiasdestaque.com.br\/index.php\/wp-json\/wp\/v2\/posts\/13197\/revisions\/13198"}],"wp:featuredmedia":[{"embeddable":true,"href":"https:\/\/noticiasdestaque.com.br\/index.php\/wp-json\/wp\/v2\/media\/13199"}],"wp:attachment":[{"href":"https:\/\/noticiasdestaque.com.br\/index.php\/wp-json\/wp\/v2\/media?parent=13197"}],"wp:term":[{"taxonomy":"category","embeddable":true,"href":"https:\/\/noticiasdestaque.com.br\/index.php\/wp-json\/wp\/v2\/categories?post=13197"},{"taxonomy":"post_tag","embeddable":true,"href":"https:\/\/noticiasdestaque.com.br\/index.php\/wp-json\/wp\/v2\/tags?post=13197"}],"curies":[{"name":"wp","href":"https:\/\/api.w.org\/{rel}","templated":true}]}}