{"id":13191,"date":"2024-03-24T00:19:00","date_gmt":"2024-03-24T00:19:00","guid":{"rendered":"https:\/\/noticiasdestaque.com.br\/index.php\/2024\/03\/24\/consumo-de-aco-laminado-na-america-latina-cresce\/"},"modified":"2024-03-24T00:19:00","modified_gmt":"2024-03-24T00:19:00","slug":"consumo-de-aco-laminado-na-america-latina-cresce","status":"publish","type":"post","link":"https:\/\/noticiasdestaque.com.br\/index.php\/2024\/03\/24\/consumo-de-aco-laminado-na-america-latina-cresce\/","title":{"rendered":"Consumo de a\u00e7o laminado na Am\u00e9rica Latina cresce 5,4%"},"content":{"rendered":"<p>Segundo dados da Associa\u00e7\u00e3o Latino-Americana de A\u00e7o (Alacero), o consumo anual de a\u00e7o laminado aumentou 5,4% na regi\u00e3o em rela\u00e7\u00e3o ao ano anterior, com 73 mil toneladas registradas, contra 69,3 mil toneladas, de 2022. O n\u00famero ficou tamb\u00e9m acima dos balan\u00e7os de 2019 e 2020 em 12,1% e 22,3%, respectivamente. &#8220;Os setores da constru\u00e7\u00e3o e automotivo foram os que mais marcaram o ritmo do consumo em 2023, com participa\u00e7\u00e3o importante tamb\u00e9m do setor dom\u00e9stico&#8221;, destacou Alejandro Wagner, Diretor Executivo da Alacero.<\/p>\n<p>A produ\u00e7\u00e3o de a\u00e7o bruto em janeiro de 2024 somou 4.991,8 mil toneladas, 1,7% a menos do que no mesmo m\u00eas do ano anterior, mas 8,8% a mais do que dezembro passado. Quanto ao a\u00e7o laminado, a produ\u00e7\u00e3o de janeiro alcan\u00e7ou 4.572,5 mil toneladas, 3,3% superior ao mesmo m\u00eas do ano anterior e 12,4% superior a dezembro passado. Destacam-se nesse setor os produtos longos, cuja produ\u00e7\u00e3o aumentou 18,9% em janeiro, enquanto os produtos planos aumentaram 7,1% e os tubos sem costura ficaram com 5,9% a mais.<\/p>\n<p>As importa\u00e7\u00f5es de a\u00e7o de dezembro de 2023 foram de 2.084,9 mil toneladas, um aumento de 10,3% em rela\u00e7\u00e3o a dezembro de 2023, mas 3,9% inferiores ao m\u00eas anterior. No acumulado de 2023, as importa\u00e7\u00f5es estiveram 14,1% acima de 2022. Em mat\u00e9ria de exporta\u00e7\u00f5es, em dezembro de 2023, foram registradas 678,0 mil toneladas, 9% a menos na compara\u00e7\u00e3o a dezembro de 2022, mas 26,7% superiores ao m\u00eas anterior. No total de 2023, as exporta\u00e7\u00f5es estiveram 26,3% abaixo do ano anterior. A m\u00e1 not\u00edcia para a ind\u00fastria \u00e9 que o d\u00e9ficit comercial foi 44,5% superior ao do ano anterior, impulsionado por um aumento nas importa\u00e7\u00f5es, que representaram 38% do consumo.<\/p>\n<\/p>\n<p><strong><em>Produ\u00e7\u00e3o brasileira em fevereiro cresce 1,9%<\/em><\/strong><\/p>\n<\/p>\n<p>O Instituto A\u00e7o Brasil (IABr) divulgou que a produ\u00e7\u00e3o de a\u00e7o bruto somou 2,8 milh\u00f5es de toneladas em fevereiro de 2024, um crescimento de 13,1% frente ao apurado no mesmo m\u00eas de 2023. J\u00e1 a produ\u00e7\u00e3o de laminados foi de 1,8 milh\u00e3o de toneladas, 3,8% superior \u00e0 registrada em fevereiro de 2023, enquanto a produ\u00e7\u00e3o de semiacabados para vendas foi de 759 mil toneladas, uma retra\u00e7\u00e3o de 3,3% em rela\u00e7\u00e3o ao ocorrido no mesmo m\u00eas de 2023.<\/p>\n<p>As vendas internas avan\u00e7aram 7,3% frente ao apurado em fevereiro de 2023 e atingiram 1,6 milh\u00e3o de toneladas. O consumo aparente de produtos sider\u00fargicos foi de 1,9 milh\u00e3o de toneladas, 11,5% superior ao apurado no mesmo per\u00edodo de 2023. As exporta\u00e7\u00f5es de fevereiro de 2024 foram de 700 mil toneladas, ou US$ 587 milh\u00f5es, o que resultou em queda de 26,2% e de 25,1%, respectivamente, na compara\u00e7\u00e3o com o ocorrido no mesmo m\u00eas de 2023. J\u00e1 as importa\u00e7\u00f5es de fevereiro de 2024 foram de 446 mil toneladas e de US$ 491 milh\u00f5es, um aumento de 37,2% em quantum e de 32,3% em valor na compara\u00e7\u00e3o com o registrado em fevereiro de 2023.<\/p>\n<p>O acumulado do primeiro bimestre de 2024 mostrou incremento de 6,4% na produ\u00e7\u00e3o de a\u00e7o bruto em rela\u00e7\u00e3o ao mesmo per\u00edodo do ano anterior, para 5,5 milh\u00f5es de toneladas. As importa\u00e7\u00f5es aumentam 15,7%, para 813 mil de toneladas, enquanto as exporta\u00e7\u00f5es recuaram 13,8%, para 1,6 milh\u00e3o de toneladas. As vendas internas cresceram 4,3% e atingiram 3,2 milh\u00f5es de toneladas na mesma compara\u00e7\u00e3o. O consumo aparente de a\u00e7o avan\u00e7ou 6,2%, para 3,9 milh\u00f5es de toneladas. O \u00cdndice de Confian\u00e7a da Ind\u00fastria do A\u00e7o, no m\u00eas de mar\u00e7o, fechou em 44,6 pontos, queda de 0,6 ponto em rela\u00e7\u00e3o a fevereiro. O ICIA posicionado abaixo dos 50 pontos demonstra continuidade da falta de confian\u00e7a dos CEOs da ind\u00fastria do a\u00e7o.<\/p>\n<p> Fonte: Brasil61<\/p>\n<input type=\"hidden\" id=\"baseurl\" value=\"https:\/\/noticiasdestaque.com.br\"><input type=\"hidden\" id=\"audio_nonce\" value=\"6f73a554f1\">","protected":false},"excerpt":{"rendered":"<p>O consumo anual de a\u00e7o laminado aumentou 5,4% na regi\u00e3o em rela\u00e7\u00e3o ao ano anterior, com 73 mil toneladas registradas.<\/p>\n","protected":false},"author":1,"featured_media":13193,"comment_status":"open","ping_status":"open","sticky":false,"template":"","format":"standard","meta":{"fifu_image_url":"","fifu_image_alt":"","footnotes":""},"categories":[1],"tags":[107],"class_list":["post-13191","post","type-post","status-publish","format-standard","has-post-thumbnail","hentry","category-uncategorized","tag-closer-vendedor-milionario"],"distributor_meta":false,"distributor_terms":false,"distributor_media":false,"distributor_original_site_name":"Noticias em Destaque","distributor_original_site_url":"https:\/\/noticiasdestaque.com.br","push-errors":false,"_links":{"self":[{"href":"https:\/\/noticiasdestaque.com.br\/index.php\/wp-json\/wp\/v2\/posts\/13191","targetHints":{"allow":["GET"]}}],"collection":[{"href":"https:\/\/noticiasdestaque.com.br\/index.php\/wp-json\/wp\/v2\/posts"}],"about":[{"href":"https:\/\/noticiasdestaque.com.br\/index.php\/wp-json\/wp\/v2\/types\/post"}],"author":[{"embeddable":true,"href":"https:\/\/noticiasdestaque.com.br\/index.php\/wp-json\/wp\/v2\/users\/1"}],"replies":[{"embeddable":true,"href":"https:\/\/noticiasdestaque.com.br\/index.php\/wp-json\/wp\/v2\/comments?post=13191"}],"version-history":[{"count":1,"href":"https:\/\/noticiasdestaque.com.br\/index.php\/wp-json\/wp\/v2\/posts\/13191\/revisions"}],"predecessor-version":[{"id":13192,"href":"https:\/\/noticiasdestaque.com.br\/index.php\/wp-json\/wp\/v2\/posts\/13191\/revisions\/13192"}],"wp:featuredmedia":[{"embeddable":true,"href":"https:\/\/noticiasdestaque.com.br\/index.php\/wp-json\/wp\/v2\/media\/13193"}],"wp:attachment":[{"href":"https:\/\/noticiasdestaque.com.br\/index.php\/wp-json\/wp\/v2\/media?parent=13191"}],"wp:term":[{"taxonomy":"category","embeddable":true,"href":"https:\/\/noticiasdestaque.com.br\/index.php\/wp-json\/wp\/v2\/categories?post=13191"},{"taxonomy":"post_tag","embeddable":true,"href":"https:\/\/noticiasdestaque.com.br\/index.php\/wp-json\/wp\/v2\/tags?post=13191"}],"curies":[{"name":"wp","href":"https:\/\/api.w.org\/{rel}","templated":true}]}}