{"id":13179,"date":"2024-03-23T20:49:00","date_gmt":"2024-03-23T20:49:00","guid":{"rendered":"https:\/\/noticiasdestaque.com.br\/index.php\/2024\/03\/23\/saidinha-dos-presos-entenda-para-quem-vale-a-proibicao-aprovada-pelo-congresso\/"},"modified":"2024-03-23T20:49:00","modified_gmt":"2024-03-23T20:49:00","slug":"saidinha-dos-presos-entenda-para-quem-vale-a-proibicao-aprovada-pelo-congresso","status":"publish","type":"post","link":"https:\/\/noticiasdestaque.com.br\/index.php\/2024\/03\/23\/saidinha-dos-presos-entenda-para-quem-vale-a-proibicao-aprovada-pelo-congresso\/","title":{"rendered":"\u2018Saidinha dos presos\u2019: entenda para quem vale a proibi\u00e7\u00e3o aprovada pelo Congresso"},"content":{"rendered":"<p>J\u00e1 est\u00e1 nas m\u00e3os do presidente Lula o texto aprovado no Congresso que acaba com as saidinhas tempor\u00e1rias dos presos em datas comemorativas. O presidente tem 15 dias para vetar ou sancionar o <a href=\"https:\/\/www25.senado.leg.br\/web\/atividade\/materias\/-\/materia\/154451#:~:text=Projeto de Lei n\u00b0 2253, de 2022\n<\/p>\n<input type=\"hidden\" id=\"baseurl\" value=\"https:\/\/noticiasdestaque.com.br\"><input type=\"hidden\" id=\"audio_nonce\" value=\"6f73a554f1\">","protected":false},"excerpt":{"rendered":"<p>Texto encaminhado para san\u00e7\u00e3o ou veto do presidente Lula prev\u00ea restri\u00e7\u00e3o do benef\u00edcio em vigor desde 84; especialistas ponderam sobre os prov\u00e1veis impactos da pol\u00eamica medida<\/p>\n","protected":false},"author":1,"featured_media":13181,"comment_status":"open","ping_status":"open","sticky":false,"template":"","format":"standard","meta":{"fifu_image_url":"","fifu_image_alt":"","footnotes":""},"categories":[1],"tags":[106],"class_list":["post-13179","post","type-post","status-publish","format-standard","has-post-thumbnail","hentry","category-uncategorized","tag-brunna-pareja"],"distributor_meta":false,"distributor_terms":false,"distributor_media":false,"distributor_original_site_name":"Noticias em Destaque","distributor_original_site_url":"https:\/\/noticiasdestaque.com.br","push-errors":false,"_links":{"self":[{"href":"https:\/\/noticiasdestaque.com.br\/index.php\/wp-json\/wp\/v2\/posts\/13179","targetHints":{"allow":["GET"]}}],"collection":[{"href":"https:\/\/noticiasdestaque.com.br\/index.php\/wp-json\/wp\/v2\/posts"}],"about":[{"href":"https:\/\/noticiasdestaque.com.br\/index.php\/wp-json\/wp\/v2\/types\/post"}],"author":[{"embeddable":true,"href":"https:\/\/noticiasdestaque.com.br\/index.php\/wp-json\/wp\/v2\/users\/1"}],"replies":[{"embeddable":true,"href":"https:\/\/noticiasdestaque.com.br\/index.php\/wp-json\/wp\/v2\/comments?post=13179"}],"version-history":[{"count":1,"href":"https:\/\/noticiasdestaque.com.br\/index.php\/wp-json\/wp\/v2\/posts\/13179\/revisions"}],"predecessor-version":[{"id":13180,"href":"https:\/\/noticiasdestaque.com.br\/index.php\/wp-json\/wp\/v2\/posts\/13179\/revisions\/13180"}],"wp:featuredmedia":[{"embeddable":true,"href":"https:\/\/noticiasdestaque.com.br\/index.php\/wp-json\/wp\/v2\/media\/13181"}],"wp:attachment":[{"href":"https:\/\/noticiasdestaque.com.br\/index.php\/wp-json\/wp\/v2\/media?parent=13179"}],"wp:term":[{"taxonomy":"category","embeddable":true,"href":"https:\/\/noticiasdestaque.com.br\/index.php\/wp-json\/wp\/v2\/categories?post=13179"},{"taxonomy":"post_tag","embeddable":true,"href":"https:\/\/noticiasdestaque.com.br\/index.php\/wp-json\/wp\/v2\/tags?post=13179"}],"curies":[{"name":"wp","href":"https:\/\/api.w.org\/{rel}","templated":true}]}}